{"id":252424,"date":"2025-11-24T02:37:16","date_gmt":"2025-11-24T02:37:16","guid":{"rendered":"https:\/\/www.europesays.com\/es\/252424\/"},"modified":"2025-11-24T02:37:16","modified_gmt":"2025-11-24T02:37:16","slug":"la-entrevista-perdida-a-eta-cuando-espana-censuro-un-reportaje-colombiano-tras-la-muerte-de-franco","status":"publish","type":"post","link":"https:\/\/www.europesays.com\/es\/252424\/","title":{"rendered":"La entrevista perdida a ETA: cuando Espa\u00f1a censur\u00f3 un reportaje colombiano tras la muerte de Franco"},"content":{"rendered":"<p class=\"\">Apenas se conservan unos pocos segundos de grabaci\u00f3n. En las im\u00e1genes aparece el colombiano H\u00e9ctor Mora rodeado de hombres encapuchados sentados alrededor de una mesa. Era 1976, la primera vez que un equipo period\u00edstico latinoamericano entrevistaba a <a href=\"https:\/\/elpais.com\/espana\/2025-11-19\/asi-sobrevivio-eta-36-anos-al-dictador.html\" target=\"_self\" rel=\"nofollow noopener\" title=\"https:\/\/elpais.com\/espana\/2025-11-19\/asi-sobrevivio-eta-36-anos-al-dictador.html\">miembros de ETA<\/a>, el grupo armado independentista vasco que tres a\u00f1os atr\u00e1s hab\u00eda asesinado al presidente del Gobierno espa\u00f1ol, Luis Carrero Blanco. Uno de los integrantes de la banda que hab\u00eda participado en ese atentado particip\u00f3 en la entrevista. La exclusiva hist\u00f3rica nunca sali\u00f3 al aire, y la entrevista se perdi\u00f3 con el tiempo. <\/p>\n<p class=\"\">El 20 de diciembre de 1973, <a href=\"https:\/\/elpais.com\/espana\/2023-12-17\/el-asesinato-de-carrero-ni-lleno-de-enigmas-ni-tan-trascendental.html\" target=\"_self\" rel=\"nofollow noopener\" title=\"https:\/\/elpais.com\/espana\/2023-12-17\/el-asesinato-de-carrero-ni-lleno-de-enigmas-ni-tan-trascendental.html\">un comando etarra hab\u00eda perpetrado la denominada Operaci\u00f3n Ogro<\/a>, en la que hicieron volar por los aires hasta estampar en una terraza el veh\u00edculo Dodge Dart en el que iba Carrero Blanco, quien meses atr\u00e1s hab\u00eda sido nombrado presidente por el dictador Francisco Franco y era el n\u00famero dos del r\u00e9gimen. El magnicidio hab\u00eda elevado la fama del grupo a nivel global. Al a\u00f1o siguiente, en septiembre de 1974, <a href=\"https:\/\/elpais.com\/espana\/2024-09-16\/50-anos-del-primer-atentado-indiscriminado-de-eta-el-rastro-desaparece-en-el-centro-de-madrid.html\" target=\"_self\" rel=\"nofollow noopener\" title=\"https:\/\/elpais.com\/espana\/2024-09-16\/50-anos-del-primer-atentado-indiscriminado-de-eta-el-rastro-desaparece-en-el-centro-de-madrid.html\">la banda hizo estallar en pedazos una cafeter\u00eda en plena Puerta del Sol<\/a>, en el centro de Madrid, y asesin\u00f3 a 13 personas.<\/p>\n<p><img decoding=\"auto\" class=\"_re lazyload a_m-h\" height=\"319\"  width=\"414\"  src=\"https:\/\/www.europesays.com\/es\/wp-content\/uploads\/2025\/11\/IZZREXMPHVEPVF44BUEX7WRKN4.jpg\" loading=\"lazy\"\/>Agujero de la bomba en la calle de Claudio Coello de Madrid que dej\u00f3 el atentado contra Carrero Blanco, en diciembre de 1973.europa Press<\/p>\n<p class=\"\">Por entonces, el periodista H\u00e9ctor Mora estaba por empezar un programa de televisi\u00f3n que lo convertir\u00eda en uno de los comunicadores m\u00e1s reconocidos en Colombia durante las siguientes dos d\u00e9cadas: C\u00e1mara Viajera, que despu\u00e9s se llam\u00f3 tambi\u00e9n Pasaporte al Mundo y, finalmente, El Mundo al Vuelo. La serie de reportajes period\u00edsticos alrededor del mundo no era un programa tur\u00edstico. En cada entrega visitaba lugares remotos para cualquier colombiano en la \u00e9poca, los situaba geopol\u00edticamente, los describ\u00eda y se internaba en su cultura. Para miles de colombianos, el programa era la ventana al mundo. Con su equipo, registr\u00f3 el desfile de la c\u00fapula sovi\u00e9tica en un Primero de Mayo en Mosc\u00fa; entrevist\u00f3 a Billy Carter, hermano del presidente estadounidense, Jimmy Carter; fue el primer periodista en visitar la China comunista cuando Colombia formaliz\u00f3 sus relaciones con esa naci\u00f3n. Tambi\u00e9n hac\u00eda historias humanas. Dedic\u00f3 un reportaje a un antioque\u00f1o de la Flota Mercantil Grancolombiana que se qued\u00f3 dormido en un puerto en \u00c1frica y se qued\u00f3 a vivir en Marruecos vendiendo camellos. <\/p>\n<p class=\"\">El historiador Felipe Arias Escobar, investigador de Se\u00f1al Memoria \u2014el archivo del sistema de medios p\u00fablicos de Colombia\u2014 conoce bien ese material. Hace algunos a\u00f1os encontr\u00f3 las im\u00e1genes de la entrevista a ETA y ha desenterrado su historia ahora, cuando se cumplen <a href=\"https:\/\/elpais.com\/espana\/2025-11-20\/especial-franco-50-anos-despues.html\" target=\"_self\" rel=\"nofollow noopener\" title=\"https:\/\/elpais.com\/espana\/2025-11-20\/especial-franco-50-anos-despues.html\">50 a\u00f1os de la muerte de Franco<\/a>. \u201cLa entrevista no se conserva. Tenemos fragmentos sin sonido y una promo que se hizo semanas antes para la emisi\u00f3n\u201d, explica. En ese clip, Mora sostiene: \u201cTuvimos la satisfacci\u00f3n de ser el primer equipo period\u00edstico de Latinoam\u00e9rica que entrevist\u00f3 a los guerrilleros que dieron muerte al presidente de Espa\u00f1a\u201d.<\/p>\n<p class=\"\">La entrevista ocurri\u00f3 en una localidad de la frontera entre Espa\u00f1a y Francia, recuerda hoy H\u00e9ctor, hijo del periodista que la realiz\u00f3 y que falleci\u00f3 en 2017. Cuando ese encuentro se dio, \u00e9l ten\u00eda cuatro a\u00f1os y tambi\u00e9n hab\u00eda viajado a Europa, pero mientras su padre realizaba la entrevista, \u00e9l permanec\u00eda con su madre en un hotel en Bruselas (B\u00e9lgica). La localidad estar\u00eda ubicada entre Bayona y San Juan de Luz, en el Pa\u00eds Vasco franc\u00e9s, seg\u00fan sostuvo siempre H\u00e9ctor Mora y recuerda su hijo, hoy productor y realizador de contenidos en radio y televisi\u00f3n. El periodista hab\u00eda llegado encapuchado hasta la casa en que se produjo el encuentro y el camar\u00f3grafo era de ETA. <\/p>\n<p class=\"\">Para entonces, Mora hac\u00eda sus programas de C\u00e1mara Viajera con la productora Caracol \u2014hoy uno de los canales privados m\u00e1s importantes en Colombia\u2014 que ten\u00eda la concesi\u00f3n de una franja en un canal del Estado. El d\u00eda en que la entrevista estaba programada para salir al aire, nunca apareci\u00f3 en pantalla. Cuando Mora se comunic\u00f3 con Inravisi\u00f3n \u2014la entidad p\u00fablica encargada de toda la programaci\u00f3n y antecesora de lo que hoy es el sistema de medios p\u00fablicos\u2014 le comunicaron que no hab\u00eda sido emitida \u201cpor orden de Palacio\u201d, es decir, de la Presidencia de la Rep\u00fablica, con el argumento de que era \u201capolog\u00eda al delito\u201d. El mandatario era <a href=\"https:\/\/elpais.com\/noticias\/alfonso-lopez-michelsen\/\" target=\"_self\" rel=\"nofollow noopener\" title=\"https:\/\/elpais.com\/noticias\/alfonso-lopez-michelsen\/\">Alfonso L\u00f3pez Michelsen<\/a>, cercano a Mora desde que este hab\u00eda militado en el Movimiento Revolucionario Liberal (MRL), una disidencia del ala izquierda del Partido Liberal que cre\u00f3 y encabez\u00f3 L\u00f3pez. La censura, seg\u00fan el periodista, no ven\u00eda de \u00e9l. <\/p>\n<p><img decoding=\"auto\" class=\"_re lazyload a_m-h\" height=\"311\"  width=\"414\"  src=\"https:\/\/www.europesays.com\/es\/wp-content\/uploads\/2025\/11\/FUNBKRTC6RFAPESUKRVHXSYI5Y.jpeg\" loading=\"lazy\"\/>El periodista H\u00e9ctor Mora, en Beijing, en 2008.Archivo Personal Familia Mora<\/p>\n<p class=\"\">Muchos a\u00f1os despu\u00e9s, en un episodio que conmemoraba el aniversario n\u00famero 20 de su programa, en 1996, Mora se refiri\u00f3 a esa entrevista. \u201cNo pudo salir al aire porque la diplomacia espa\u00f1ola logr\u00f3 que nos aplicaran la censura oficial cinco minutos antes de iniciar la transmisi\u00f3n\u201d, dijo entonces al aire. Su hijo sostiene que varias fuentes le confirmaron a Mora la injerencia de Espa\u00f1a en esa decisi\u00f3n. En 1976, Espa\u00f1a viv\u00eda un periodo convulso: <a href=\"https:\/\/elpais.com\/espana\/2025-11-20\/especial-franco-50-anos-despues.html\" target=\"_self\" rel=\"nofollow noopener\" title=\"https:\/\/elpais.com\/espana\/2025-11-20\/especial-franco-50-anos-despues.html\">Franco hab\u00eda muerto el 20 de noviembre de 1975<\/a>, el pa\u00eds iniciaba la Transici\u00f3n y Juan Carlos I hab\u00eda sido proclamado rey. Inicialmente, Carlos Arias Navarro ocup\u00f3 la presidencia, y a partir de la segunda mitad de 1976, Adolfo Su\u00e1rez. Para esos a\u00f1os, el embajador espa\u00f1ol en Colombia era Fernando Olivi\u00e9 Gonz\u00e1lez-Pumariega, <a href=\"https:\/\/www.boe.es\/boe\/dias\/1973\/04\/16\/pdfs\/A07644-07645.pdf\" target=\"_self\" rel=\"nofollow noopener\" title=\"https:\/\/www.boe.es\/boe\/dias\/1973\/04\/16\/pdfs\/A07644-07645.pdf\">nombrado por el dictador en 1973.<\/a><\/p>\n<p class=\"\">En el episodio conmemorativo de los 20 a\u00f1os de su programa, en el que Mora denunci\u00f3 la censura espa\u00f1ola, cont\u00f3 lo \u00fanico que se sabe de esa entrevista: \u201cNos contaron que su actividad era el resultado de la opresi\u00f3n franquista, era el deseo de independizarse y, como nueva naci\u00f3n, imponer un idioma particular: el euskera\u201d. A\u00f1os despu\u00e9s, el periodista cambi\u00f3 de productora y, sin adecuadas pr\u00e1cticas de conservaci\u00f3n del material, la grabaci\u00f3n nunca pudo ser recuperada.<\/p>\n","protected":false},"excerpt":{"rendered":"Apenas se conservan unos pocos segundos de grabaci\u00f3n. En las im\u00e1genes aparece el colombiano H\u00e9ctor Mora rodeado de&hellip;\n","protected":false},"author":2,"featured_media":252425,"comment_status":"","ping_status":"","sticky":false,"template":"","format":"standard","meta":{"footnotes":""},"categories":[8],"tags":[61659,17,18,1803,1471,25,24,2152,13,14,17307,1470,11,19,20,63820,9,10,15,16,2151,23,12,4737,21,22],"class_list":{"0":"post-252424","1":"post","2":"type-post","3":"status-publish","4":"format-standard","5":"has-post-thumbnail","7":"category-espana","8":"tag-20-n","9":"tag-breaking-news","10":"tag-breakingnews","11":"tag-colombia","12":"tag-dictadura","13":"tag-es","14":"tag-espana","15":"tag-eta","16":"tag-featured-news","17":"tag-featurednews","18":"tag-francisco-franco","19":"tag-franquismo","20":"tag-headlines","21":"tag-latest-news","22":"tag-latestnews","23":"tag-luis-carrero-blanco","24":"tag-news","25":"tag-noticias","26":"tag-noticias-destacadas","27":"tag-noticiasdestacadas","28":"tag-periodismo","29":"tag-spain","30":"tag-titulares","31":"tag-transicion-espanola","32":"tag-ultimas-noticias","33":"tag-ultimasnoticias"},"share_on_mastodon":{"url":"https:\/\/pubeurope.com\/@es\/115602355052849432","error":""},"_links":{"self":[{"href":"https:\/\/www.europesays.com\/es\/wp-json\/wp\/v2\/posts\/252424","targetHints":{"allow":["GET"]}}],"collection":[{"href":"https:\/\/www.europesays.com\/es\/wp-json\/wp\/v2\/posts"}],"about":[{"href":"https:\/\/www.europesays.com\/es\/wp-json\/wp\/v2\/types\/post"}],"author":[{"embeddable":true,"href":"https:\/\/www.europesays.com\/es\/wp-json\/wp\/v2\/users\/2"}],"replies":[{"embeddable":true,"href":"https:\/\/www.europesays.com\/es\/wp-json\/wp\/v2\/comments?post=252424"}],"version-history":[{"count":0,"href":"https:\/\/www.europesays.com\/es\/wp-json\/wp\/v2\/posts\/252424\/revisions"}],"wp:featuredmedia":[{"embeddable":true,"href":"https:\/\/www.europesays.com\/es\/wp-json\/wp\/v2\/media\/252425"}],"wp:attachment":[{"href":"https:\/\/www.europesays.com\/es\/wp-json\/wp\/v2\/media?parent=252424"}],"wp:term":[{"taxonomy":"category","embeddable":true,"href":"https:\/\/www.europesays.com\/es\/wp-json\/wp\/v2\/categories?post=252424"},{"taxonomy":"post_tag","embeddable":true,"href":"https:\/\/www.europesays.com\/es\/wp-json\/wp\/v2\/tags?post=252424"}],"curies":[{"name":"wp","href":"https:\/\/api.w.org\/{rel}","templated":true}]}}