{"id":252426,"date":"2025-11-24T02:38:10","date_gmt":"2025-11-24T02:38:10","guid":{"rendered":"https:\/\/www.europesays.com\/es\/252426\/"},"modified":"2025-11-24T02:38:10","modified_gmt":"2025-11-24T02:38:10","slug":"no-les-va-a-cambiar-la-vida-la-llamativa-declaracion-de-david-ferrer-tras-perder-la-final-de-la-copa-davis-espn-deportes","status":"publish","type":"post","link":"https:\/\/www.europesays.com\/es\/252426\/","title":{"rendered":"&quot;No les va a cambiar la vida&quot;: la llamativa declaraci\u00f3n de David Ferrer tras perder la final de la Copa Davis &#8211; ESPN Deportes"},"content":{"rendered":"<ol>\n<li><a href=\"https:\/\/news.google.com\/rss\/articles\/CBMi_AFBVV95cUxNbWtxVzEtYVp6d3EyUkZzMlJYRVE0dm5tTjE2OVl4Y2JPdGNvVGRvRXBMNTBxMng4YUMwVFZrVmt3Sk5iWHlseDFOd3ZoSTFWWnhDc25kb0RGbUZsWER3b0l5QmRlb1NoVGlOT1loNVJieDJ0UFdUcFRPbU9UZ042TmdqYktzdDFTcVE1VTBMVXAwUUdXdHRlcEdVV01SZ2duN3NEU1JCZkNJR2V3RlNzUlZFVDBBZUlJYmxlSUlaUktrUTJOcjAtMlFyd2x3NGV2QXNmaVZHeFM2VFRONHBqR2wzWXVncGFsRGc3aDJYZHRfR2dNckZjMDhaYXg?oc=5\" target=\"_blank\" rel=\"nofollow noopener\">\u00abNo les va a cambiar la vida\u00bb: la llamativa declaraci\u00f3n de David Ferrer tras perder la final de la Copa Davis<\/a>&nbsp;&nbsp;ESPN Deportes<\/li>\n<li><a href=\"https:\/\/news.google.com\/rss\/articles\/CBMiugFBVV95cUxQcDBrZjlMbkRoOEpST3JEaWhEZHZCdE5zNTJHenVXZ3ZCODY4UVdseE9nVmN4c2QweHYydXFmN2FuM0REU2JSNFlxeGZZTnRlM2FpNHlINVNoQlNyZ25tcEZzTXFCak5QMVJNZi1reEM2V0NaajQwbzN5YXRfN04zODlQLUN0R2hwVFJhbWprbl9pWkxBVXo0T1YzMHRKYnpZbFdFMXl1aWlvTk9iSWsxaUN6ZVI5ekpHNFHSAboBQVVfeXFMT3FEaktXelV2aG1XUG1DRzlDNGhacmxkYzRhd21XN05XU3hyREFYVXd5VktfTEZURTkwQzJRLXQtS211Zk80MnZsNVpxZE10X0xVbXNVV2ViZ25yLUNMV2xtaUtIcjByNjdBeVUwbXZCLTM3eTNweGJ4NExLSVFIQi1SckVQcGhVUnRKYkk4ekFJa0h4S1BzMmx0cUJZeFBFYXNZdFN2cHhYX3gwU3hXeFNBNERZNUtIZFZR?oc=5\" target=\"_blank\" rel=\"nofollow noopener\">Cobolli aguanta de pie casi tres horas ante un gran Munar y conduce a Italia a su cuarta Copa Davis<\/a>&nbsp;&nbsp;MARCA<\/li>\n<li><a href=\"https:\/\/news.google.com\/rss\/articles\/CBMikwFBVV95cUxPQTdPVEdIdFlBLTkwWXM0NWNVOWpIYVNGMzZFTjdTeVF5MTFNMUJaRF9lejVRN1VBNzF5VUpSbXdwQVh0Z1RfNlc5b2JTSlctQ3ZWdnpBVmFyZ1BzcVVhdVRMR2VLNFhtNnBMRXVIYTlEY05XTnJQdTZfWUFVNjEzUXF0WXlLRFJ1RzY4SllrOGVfbG_SAZMBQVVfeXFMUE5US2kzZlUtTjJnbzcwVzBrVU1zc191VHVUTko1NzQtYWEyRUVjcWdsTlItVnhCWE5oR2c4ZV9Kck1FNlh6NVE1bHBQZ0ZLMndLVnViMFJpME9LekUxaTA5UExCaHB1QnpBQU0xRjhEcVpaOURXc1AxS3dmMG50UC1raWE3Vlg1LWZzMm1yZWNISVpn?oc=5\" target=\"_blank\" rel=\"nofollow noopener\">Espa\u00f1a, despu\u00e9s de la derrota en la Davis: la medalla de Munar, el esqu\u00ed de Ferrer y la felicitaci\u00f3n al p\u00fablico italiano<\/a>&nbsp;&nbsp;El Mundo<\/li>\n<li><a href=\"https:\/\/news.google.com\/rss\/articles\/CBMitgFBVV95cUxPYTZNbC1Uc19qaVNic3ZES3Uwdm5kWjVlQ2hCZ2cyakhTWGFkTndvMHJzTUVEWHFyQzNoUmNnMDBtdFQ5YTRqYXI1ck4zRU1jSnN6NHlZczhQc0RpMFdPZ0h2bXFwb3lGUzhMN0ZQTHBmbFRWUlh5NlpVcFlDc1YwaUI2N2lhQjh4bTZrdU01M0ExNmx6U1BXWmVVRTl3Y0pzSXNwQXZrTkp5cng2U1RoR3RoVXpuQQ?oc=5\" target=\"_blank\" rel=\"nofollow noopener\">Espa\u00f1a topa con la \u2018campeonissima\u2019 Italia, adue\u00f1ada de la Copa Davis<\/a>&nbsp;&nbsp;EL PA\u00cdS<\/li>\n<li><a href=\"https:\/\/news.google.com\/rss\/articles\/CBMi9gFBVV95cUxQMVlCQUk5bC1zUEJveHR0RUtfNnUwcl9EQUtzQ2lRTWs5RURCbHNzbGZYZ3QtMUFxd0p5Z1kwaVp2NDhEMjRpRDZXVmRVRGlNZXhSY1NsV0t4NzVodU5hVmFuaENHRXN6RWJ3Z0hsVnBxOExUQXlTeGxFeF9XaUFhZnJRUjBzRzJOYVA5WHBSUlI5TVVXRF9mVDV2RG1rQ2NVdzROMThKSGdZbUN0X2ZOY1lUbVd4ZXZod3B4cjdqRWZjWkdLWHVaMUxrYjV6S2xfUjVhTEtKN2VNUHFFTkc0dDFPajV2MWRCSjJueWFWVVh2SWh4SmfSAfYBQVVfeXFMUGlVamNDcmhZbDdoZnRpQlFSVWJDMHFkQ3h2aUc1bGlidmhlRGkydGtXdVdJZ052NnV6SS1SbENkX2phRzRmRnF6YWhDNGtCX2FrZWRta19GanVYbEZtLUxrT1lMeldvTVFfQ3c5X3ZHSm0tYTk4Yjd1SzBHX2RUR2RkNHhYelNnczVTaVNWaC05WkNvY3ZJYlV6OHRrVXA1ZERWRUNwb0psREQ2Q3o2NHh4NV8zaHhDd1R6TDM5ai1rYlR2NHJpYklCRnJLZjRzM0kxUV9FeHZOTlFsTmhkY3owSTI5R0VLYjl0YnkwdUxuU1ZhX1NR?oc=5\" target=\"_blank\" rel=\"nofollow noopener\">N\u00famero uno, dentro y fuera del campo: el emotivo mensaje de Alcaraz a Espa\u00f1a tras la final de la Copa Davis<\/a>&nbsp;&nbsp;LaSexta<\/li>\n<\/ol>\n","protected":false},"excerpt":{"rendered":"\u00abNo les va a cambiar la vida\u00bb: la llamativa declaraci\u00f3n de David Ferrer tras perder la final de&hellip;\n","protected":false},"author":2,"featured_media":248356,"comment_status":"","ping_status":"","sticky":false,"template":"","format":"standard","meta":{"footnotes":""},"categories":[5],"tags":[17,18,25,24,13,14,11,19,20,9,10,15,16,23,12,21,22],"class_list":{"0":"post-252426","1":"post","2":"type-post","3":"status-publish","4":"format-standard","5":"has-post-thumbnail","7":"category-titulares","8":"tag-breaking-news","9":"tag-breakingnews","10":"tag-es","11":"tag-espana","12":"tag-featured-news","13":"tag-featurednews","14":"tag-headlines","15":"tag-latest-news","16":"tag-latestnews","17":"tag-news","18":"tag-noticias","19":"tag-noticias-destacadas","20":"tag-noticiasdestacadas","21":"tag-spain","22":"tag-titulares","23":"tag-ultimas-noticias","24":"tag-ultimasnoticias"},"share_on_mastodon":{"url":"https:\/\/pubeurope.com\/@es\/115602358497326727","error":""},"_links":{"self":[{"href":"https:\/\/www.europesays.com\/es\/wp-json\/wp\/v2\/posts\/252426","targetHints":{"allow":["GET"]}}],"collection":[{"href":"https:\/\/www.europesays.com\/es\/wp-json\/wp\/v2\/posts"}],"about":[{"href":"https:\/\/www.europesays.com\/es\/wp-json\/wp\/v2\/types\/post"}],"author":[{"embeddable":true,"href":"https:\/\/www.europesays.com\/es\/wp-json\/wp\/v2\/users\/2"}],"replies":[{"embeddable":true,"href":"https:\/\/www.europesays.com\/es\/wp-json\/wp\/v2\/comments?post=252426"}],"version-history":[{"count":0,"href":"https:\/\/www.europesays.com\/es\/wp-json\/wp\/v2\/posts\/252426\/revisions"}],"wp:featuredmedia":[{"embeddable":true,"href":"https:\/\/www.europesays.com\/es\/wp-json\/wp\/v2\/media\/248356"}],"wp:attachment":[{"href":"https:\/\/www.europesays.com\/es\/wp-json\/wp\/v2\/media?parent=252426"}],"wp:term":[{"taxonomy":"category","embeddable":true,"href":"https:\/\/www.europesays.com\/es\/wp-json\/wp\/v2\/categories?post=252426"},{"taxonomy":"post_tag","embeddable":true,"href":"https:\/\/www.europesays.com\/es\/wp-json\/wp\/v2\/tags?post=252426"}],"curies":[{"name":"wp","href":"https:\/\/api.w.org\/{rel}","templated":true}]}}