{"id":252429,"date":"2025-11-24T02:46:11","date_gmt":"2025-11-24T02:46:11","guid":{"rendered":"https:\/\/www.europesays.com\/es\/252429\/"},"modified":"2025-11-24T02:46:11","modified_gmt":"2025-11-24T02:46:11","slug":"coto-cordoba-cb-circulo-gijon-baloncesto-el-coto-cordoba-cb-supera-al-gijon-y-sigue-intratable","status":"publish","type":"post","link":"https:\/\/www.europesays.com\/es\/252429\/","title":{"rendered":"Coto C\u00f3rdoba CB &#8211; C\u00edrculo Gij\u00f3n Baloncesto: El Coto C\u00f3rdoba CB supera al Gij\u00f3n y sigue intratable"},"content":{"rendered":"<p class=\"article-text\">\n        Ocho de ocho. No hay quien frene al Coto C\u00f3rdoba CB en este arranque de competici\u00f3n en el Grupo Oeste de Segunda FEB. Los blanquiverdes contin\u00faan imparables tras otra victoria contundente en Vista Alegre, que cada semana disfruta m\u00e1s con los de Gonzalo Rodr\u00edguez. En este caso, los califas vencieron al C\u00edrculo Gij\u00f3n Baloncesto en una nueva exhibici\u00f3n ofensiva.\n    <\/p>\n<p class=\"article-text\">\n        La fiabilidad de Black se iba a notar en el partido desde muy pronto. Y es que el alero estadounidense sali\u00f3 con la mecha encendida y en el primer ataque de su equipo, anot\u00f3 su primer lanzamiento desde el per\u00edmetro, lo cual dio paso a un parcial de salida de 8-2. Eso s\u00ed, desde un juego un tanto atascado y algo fr\u00edo, pero m\u00e1s efectivo en los locales. Por contra, las imprecisiones se suced\u00edan en el Gij\u00f3n, que no era capaz de sobreponerse a una inercia muy favorable para los de Gonzalo Rodr\u00edguez. Aun as\u00ed, aunque a cuentagotas, no permit\u00eda que su rival se marchara del todo en el marcador.\u00a0\n    <\/p>\n<p class=\"article-text\">\n        En la recta final del primer cuarto, la ventaja era de 17-9, aunque fue \u00c1lex Rodr\u00edguez, con otro acierto m\u00e1s desde el triple, cuando se rebas\u00f3 la barrera de los diez puntos, a lo que se sumar\u00eda un robo y contragolpe de Fernando Bello para el 22-9. Eso s\u00ed, maquillaron los asturianos el marcador para cerrar el primer periodo con 22-11.\u00a0\n    <\/p>\n<p class=\"article-text\">\n        El inicio del segundo cuarto fue mucho mejor para los intereses visitantes, que salieron con un 2-5, demostrando haber podido entrar en calor ofensivamente. Pese a ello, las distancias segu\u00edan por encima de los diez para el Coto, en gran medida por el nulo acierto desde el triple de su adversario, que en el ecuador del periodo acumulaba un 0\/11.\u00a0\n    <\/p>\n<p>            <img decoding=\"async\" class=\"lazy\" loading=\"lazy\" data-src=\"https:\/\/static.eldiario.es\/clip\/36254b2b-1bfc-4ca6-b857-68f7be465631_16-9-discover-aspect-ratio_default_0.jpg\" src=\"data:image\/svg+xml,%3Csvg xmlns=\" http:=\"\" viewbox=\"0 0 1200 675\" alt=\"Coto C\u00f3rdoba CB - C\u00edrculo Gij\u00f3n Baloncesto\"\/><\/p>\n<p class=\"article-text\">\n        As\u00ed, el primer triple de Gij\u00f3n llegar\u00eda a falta de cuatro minutos para el descanso, aunque abri\u00f3 un camino muy positivo para sus intereses. De hecho, el mismo sirvi\u00f3 para cambiar la din\u00e1mica. Es m\u00e1s, en el siguiente ataque llegar\u00eda el segundo, lo cual, unido a un par de ataques con canasta y adicional, permitieron que el luminoso se fuera estrechando. En este sentido, un 0-6 en apenas unos segundos establec\u00eda el 39-35 y obligaba al t\u00e9cnico local a frenar la sangr\u00eda. Ciertamente, sirvi\u00f3, pues su equipo se repuso con un 5-2 que les estir\u00f3 otra vez en el marcador hasta el 44-37 con el que ambos clubes desfilaron hacia vestuarios.\u00a0\n    <\/p>\n<p class=\"article-text\">\n        La segunda mitad trajo un reinicio excelso de los locales, que salieron decididos a escaparse definitivamente. Ese prop\u00f3sito se tradujo en un 11-0, con un 3+1 de Black incluido. La sequ\u00eda visitante se cort\u00f3 con un triple de Gij\u00f3n, que dar\u00eda paso a unos minutos con intercambio de canastas, en los que Black manten\u00eda principalmente el tono de los locales con un excelente ritmo desde el per\u00edmetro. Eso s\u00ed, a ese arsenal se un\u00eda igualmente Alejandro Rodr\u00edguez, tambi\u00e9n muy entonado desde m\u00e1s all\u00e1 del 6,75, lo que permit\u00eda ya contar con rentas que rondaban los 20 puntos.\u00a0\n    <\/p>\n<p>    <a href=\"https:\/\/cordopolis.eldiario.es\/deportes\/baloncesto\/coto-cordoba-cb-supera-gijon-sigue-intratable_129_12790963.html\" data-mrf-recirculation=\"saber-mas-abajo\" data-dl-event=\"saber-mas-abajo\" rel=\"nofollow noopener\" target=\"_blank\"><\/p>\n<p class=\"know-more__title\">Las im\u00e1genes del Coto C\u00f3rdoba CB &#8211; C\u00edrculo Gij\u00f3n Baloncesto<\/p>\n<p>            <img decoding=\"async\" class=\"lazy\" loading=\"lazy\" data-src=\"https:\/\/static.eldiario.es\/clip\/da809be3-9ef5-42ac-8b9e-48a17573cbfe_16-9-aspect-ratio_default_0.jpg\" src=\"data:image\/svg+xml,%3Csvg xmlns=\" http:=\"\" viewbox=\"0 0 880 495\" alt=\"El Coto C\u00f3rdoba CB supera al Gij\u00f3n y sigue intratable\"\/><\/p>\n<p>                        <\/a><\/p>\n<p class=\"article-text\">\n        En el \u00faltimo periodo se entr\u00f3 con 74-56 y, ya con el partido decidido, fue sin duda el m\u00e1s igualado de todos. Un intercambio de canastas continuo que no hac\u00eda m\u00e1s que beneficiar al Coto C\u00f3rdoba CB. Ambos parec\u00edan haberse dado tregua y dio tiempo, incluso, para que sumara minutos el joven Jes\u00fas Baena. Al final, 91-73 que permite al conjunto califa seguir en lo m\u00e1s alto de la tabla.\n    <\/p>\n<p class=\"article-text\">\n        <strong>COTO C\u00d3RDOBA CB, 91:<\/strong> Liam Sorensen (2), Jamonta Black (22), Alejandro Rodr\u00edguez (12), Lamine Ndiaye (9), Gonzalo Orozco (13), Alejandro Orozco (6), Kevin Schutte (9), Pablo S\u00e1nchez (-), Nuha Sagnia(2), Fernando Bello (6), Jacques Guemeta (10) y Jes\u00fas Baena (-).\u00a0\n    <\/p>\n<p class=\"article-text\">\n        <strong>C\u00cdRCULO GIJ\u00d3N BALONCESTO, 73:<\/strong> Ram\u00edrez (6), Reilly (11), Duke (1), Pierre (20), Okafor (-), Franco (3), Barros (16), Men\u00e9ndez (11), Luis (1) y D\u00edaz (2).\u00a0\n    <\/p>\n<p class=\"article-text\">\n        <strong>PARCIALES: <\/strong>22-11, 22-26, 30-19 y 17-17.\n    <\/p>\n<p class=\"article-text\">\n        <strong>\u00c1RBITROS:<\/strong> Ra\u00fal Aguilera y Jes\u00fas \u00c1ngel Novillo.\u00a0Los locales Sorensen y Ndiaye acabaron expulsados.\n    <\/p>\n<p class=\"article-text\">\n        <strong>INCIDENCIAS:<\/strong> Encuentro correspondiente a la octava jornada del Grupo Oeste de Segunda FEB disputado en el Palacio de los Deportes de Vista Alegre.\u00a0\n    <\/p>\n","protected":false},"excerpt":{"rendered":"Ocho de ocho. No hay quien frene al Coto C\u00f3rdoba CB en este arranque de competici\u00f3n en el&hellip;\n","protected":false},"author":2,"featured_media":252430,"comment_status":"","ping_status":"","sticky":false,"template":"","format":"standard","meta":{"footnotes":""},"categories":[269],"tags":[299,298,2609,2760,10049,168,25,24,6023,44963,1262,23,167,5378],"class_list":{"0":"post-252429","1":"post","2":"type-post","3":"status-publish","4":"format-standard","5":"has-post-thumbnail","7":"category-baloncesto","8":"tag-baloncesto","9":"tag-basketball","10":"tag-cb","11":"tag-cordoba","12":"tag-coto","13":"tag-deportes","14":"tag-es","15":"tag-espana","16":"tag-gijon","17":"tag-intratable","18":"tag-sigue","19":"tag-spain","20":"tag-sports","21":"tag-supera"},"share_on_mastodon":{"url":"https:\/\/pubeurope.com\/@es\/115602390040407138","error":""},"_links":{"self":[{"href":"https:\/\/www.europesays.com\/es\/wp-json\/wp\/v2\/posts\/252429","targetHints":{"allow":["GET"]}}],"collection":[{"href":"https:\/\/www.europesays.com\/es\/wp-json\/wp\/v2\/posts"}],"about":[{"href":"https:\/\/www.europesays.com\/es\/wp-json\/wp\/v2\/types\/post"}],"author":[{"embeddable":true,"href":"https:\/\/www.europesays.com\/es\/wp-json\/wp\/v2\/users\/2"}],"replies":[{"embeddable":true,"href":"https:\/\/www.europesays.com\/es\/wp-json\/wp\/v2\/comments?post=252429"}],"version-history":[{"count":0,"href":"https:\/\/www.europesays.com\/es\/wp-json\/wp\/v2\/posts\/252429\/revisions"}],"wp:featuredmedia":[{"embeddable":true,"href":"https:\/\/www.europesays.com\/es\/wp-json\/wp\/v2\/media\/252430"}],"wp:attachment":[{"href":"https:\/\/www.europesays.com\/es\/wp-json\/wp\/v2\/media?parent=252429"}],"wp:term":[{"taxonomy":"category","embeddable":true,"href":"https:\/\/www.europesays.com\/es\/wp-json\/wp\/v2\/categories?post=252429"},{"taxonomy":"post_tag","embeddable":true,"href":"https:\/\/www.europesays.com\/es\/wp-json\/wp\/v2\/tags?post=252429"}],"curies":[{"name":"wp","href":"https:\/\/api.w.org\/{rel}","templated":true}]}}