{"id":252431,"date":"2025-11-24T02:47:10","date_gmt":"2025-11-24T02:47:10","guid":{"rendered":"https:\/\/www.europesays.com\/es\/252431\/"},"modified":"2025-11-24T02:47:10","modified_gmt":"2025-11-24T02:47:10","slug":"el-real-madrid-empata-in-extremis-ante-un-elche-que-le-puso-las-cosas-dificiles-2-2","status":"publish","type":"post","link":"https:\/\/www.europesays.com\/es\/252431\/","title":{"rendered":"El Real Madrid empata &#8216;in extremis&#8217; ante un Elche que le puso las cosas dif\u00edciles (2-2)"},"content":{"rendered":"<p class=\"articleParagraph\">El partido disputado este domingo entre el Elche y el Real Madrid ha acabado con un <b>empate &#8216;in extremis&#8217; del equipo de Xabi Alonso<\/b>. Los blancos no han sabido c\u00f3mo imponerse en el marcador al toparse con un Elche muy combativo durante todo el partido.<\/p>\n<p class=\"articleParagraph\">El conjunto ilicitano, tras una <b>primera parte equilibrada<\/b>, fue el Elche el que golpe\u00f3 primero en el minuto 53 con una jugada colectiva impecable. Una exquisita asistencia de tac\u00f3n de Germ\u00e1n Varela encontr\u00f3 a Aleix Febas dentro del \u00e1rea, y el centrocampista control\u00f3 con un toque antes de colocar el bal\u00f3n con sutileza m\u00e1s all\u00e1 del alcance de Thibaut Courtois. El tiro dio en el palo antes de entrar, dando al Elche una merecida ventaja.<\/p>\n<p>Remontada del Elche<\/p>\n<p class=\"articleParagraph\">El Real Madrid empat\u00f3 en el minuto 81 con un tanto de Dean Huijsen. El central reaccion\u00f3 m\u00e1s r\u00e1pido a un bal\u00f3n suelto tras un c\u00f3rner y defini\u00f3 desde cerca para devolver a los visitantes al partido.<\/p>\n<p class=\"articleParagraph\"><b>El Elche, sin embargo, no se dej\u00f3 intimidar y recuper\u00f3 la ventaja tres minutos despu\u00e9s<\/b> con un gol de \u00c1lvaro Rodr\u00edguez. El futbolista control\u00f3 un pase perfectamente medido al borde del \u00e1rea con su primer toque antes de ejecutar un disparo raso y preciso al \u00e1ngulo inferior izquierdo, imposible para Courtois.<\/p>\n<p>En busca del empate<\/p>\n<p class=\"articleParagraph\">El equipo de Xabi Alonso luch\u00f3 con valent\u00eda para evitar la derrota y, en el minuto 87, Jude Bellingham marc\u00f3 un gol clave para el empate. Kylian Mbapp\u00e9 mostr\u00f3 determinaci\u00f3n para salvar un bal\u00f3n cerca de la l\u00ednea de fondo, enviando un ingenioso pase atr\u00e1s que Bellingham remat\u00f3 con calma al fondo de la red para asegurar un punto para su equipo.<\/p>\n","protected":false},"excerpt":{"rendered":"El partido disputado este domingo entre el Elche y el Real Madrid ha acabado con un empate &#8216;in&hellip;\n","protected":false},"author":2,"featured_media":252432,"comment_status":"","ping_status":"","sticky":false,"template":"","format":"standard","meta":{"footnotes":""},"categories":[268],"tags":[168,25,24,280,282,281,23,167],"class_list":{"0":"post-252431","1":"post","2":"type-post","3":"status-publish","4":"format-standard","5":"has-post-thumbnail","7":"category-futbol","8":"tag-deportes","9":"tag-es","10":"tag-espana","11":"tag-football","12":"tag-futbol","13":"tag-soccer","14":"tag-spain","15":"tag-sports"},"share_on_mastodon":{"url":"https:\/\/pubeurope.com\/@es\/115602394042188789","error":""},"_links":{"self":[{"href":"https:\/\/www.europesays.com\/es\/wp-json\/wp\/v2\/posts\/252431","targetHints":{"allow":["GET"]}}],"collection":[{"href":"https:\/\/www.europesays.com\/es\/wp-json\/wp\/v2\/posts"}],"about":[{"href":"https:\/\/www.europesays.com\/es\/wp-json\/wp\/v2\/types\/post"}],"author":[{"embeddable":true,"href":"https:\/\/www.europesays.com\/es\/wp-json\/wp\/v2\/users\/2"}],"replies":[{"embeddable":true,"href":"https:\/\/www.europesays.com\/es\/wp-json\/wp\/v2\/comments?post=252431"}],"version-history":[{"count":0,"href":"https:\/\/www.europesays.com\/es\/wp-json\/wp\/v2\/posts\/252431\/revisions"}],"wp:featuredmedia":[{"embeddable":true,"href":"https:\/\/www.europesays.com\/es\/wp-json\/wp\/v2\/media\/252432"}],"wp:attachment":[{"href":"https:\/\/www.europesays.com\/es\/wp-json\/wp\/v2\/media?parent=252431"}],"wp:term":[{"taxonomy":"category","embeddable":true,"href":"https:\/\/www.europesays.com\/es\/wp-json\/wp\/v2\/categories?post=252431"},{"taxonomy":"post_tag","embeddable":true,"href":"https:\/\/www.europesays.com\/es\/wp-json\/wp\/v2\/tags?post=252431"}],"curies":[{"name":"wp","href":"https:\/\/api.w.org\/{rel}","templated":true}]}}