{"id":252433,"date":"2025-11-24T02:48:16","date_gmt":"2025-11-24T02:48:16","guid":{"rendered":"https:\/\/www.europesays.com\/es\/252433\/"},"modified":"2025-11-24T02:48:16","modified_gmt":"2025-11-24T02:48:16","slug":"todo-esto-me-duele-mucho","status":"publish","type":"post","link":"https:\/\/www.europesays.com\/es\/252433\/","title":{"rendered":"Todo esto me duele mucho"},"content":{"rendered":"<p><strong>Lucas Gonz\u00e1lez y Andr\u00e9s Morales<\/strong>, integrantes del m\u00edtico d\u00fao Andy y Lucas, se han declarado la guerra. <strong>Andy asegura que se ha sentido como una \u00abmarioneta\u00bb<\/strong> en manos de su ex compa\u00f1ero y ahora le ha tocado el turno a este \u00faltimo. Tal y como hemos comprobado, Lucas ha hablado muy claro en D Coraz\u00f3n, programa presentado por <strong>Anne Igartiburu<\/strong> en TVE. El artista ha aclarado por fin si en alg\u00fan momento ha llegado a las manos con el int\u00e9rprete de Son de amores y ha sido totalmente directo.<\/p>\n<p>\u00abHemos discutido, pero pelearnos, <a href=\"https:\/\/okdiario.com\/look\/actualidad\/%E2%81%A0%E2%81%A0andy-habla-como-nunca-sobre-pelea-lucas-camerinos-si-no-nos-separan-estariamos-muertos-2428671\" rel=\"nofollow noopener\" target=\"_blank\">si me preguntas si Andy y yo hemos llegado a las manos, nunca en la vida<\/a>. Me duele mucho todo esto que est\u00e1 sucediendo, porque yo lo quiero mucho, pero quiero pensar y estoy convencido de que<strong> alguien le est\u00e1 asesorando mal<\/strong>. Yo s\u00e9 que \u00e9l tambi\u00e9n me quiere mucho. Le he cuidado como un hermano mayor y no quiero llegar al punto de hablar de demanda con Andy. No s\u00e9, el tiempo dir\u00e1. <strong>A m\u00ed me gustar\u00eda m\u00e1s construir que destruir<\/strong>\u00bb, le ha contado al periodista Javier Hoyos.<\/p>\n<p>La famosa pelea de Andy y Lucas<\/p>\n<p>\n<img decoding=\"async\" loading=\"lazy\" class=\"size-medium wp-image-2423439\" alt=\"Andy y Lucas en un evento. (Foto: Gtres)\" width=\"620\" height=\"349\"  src=\"https:\/\/www.europesays.com\/es\/wp-content\/uploads\/2025\/10\/placeholder.jpg\"  bad-src=\"https:\/\/www.europesays.com\/es\/wp-content\/uploads\/2025\/10\/placeholder.jpg\"\/><\/p>\n<p><img decoding=\"async\" loading=\"lazy\" class=\"size-medium wp-image-2423439\" src=\"https:\/\/www.europesays.com\/es\/wp-content\/uploads\/2025\/11\/andy-y-lucas-en-un-evento-620x349.jpg\" alt=\"Andy y Lucas en un evento. (Foto: Gtres)\" width=\"620\" height=\"349\"  \/><\/p>\n<p> Andy y Lucas en un evento. (Foto: Gtres)\n<\/p>\n<p>Hasta ahora, el testimonio de Lucas coincide con<a href=\"https:\/\/okdiario.com\/look\/actualidad\/andy-ajusta-cuentas-lucas-nunca-he-recibido-duro-youtube-spotify-2422419\" rel=\"nofollow noopener\" target=\"_blank\"> lo que Andy cont\u00f3 en El Hormiguero<\/a>. \u00c9l explic\u00f3 que efectivamente tuvieron una discusi\u00f3n y que casi pasan a mayores, pero les separaron y todo se qued\u00f3 en un susto.<strong> Andr\u00e9s ha recalcado que jam\u00e1s ha recibido ning\u00fan tipo de agresi\u00f3n<\/strong> por parte de su ex compa\u00f1ero, \u00fanicamente ten\u00edan diferencias y se enfrentaban d\u00eda a d\u00eda a un ambiente muy tenso.<\/p>\n<p>\u00ab<strong>Siempre ha dicho que si no se pone alguien en medio<\/strong>, se matan, pero que no llegaron nunca a las manos f\u00edsicamente. Ya por lo menos, Lucas ha dado una noticia que es que no ha demandado a Andy, que se hab\u00eda dicho que s\u00ed le hab\u00eda demandado y que le ped\u00eda<strong> 150 mil euros<\/strong>\u00bb, ha contado Jorge Borrajo en D Coraz\u00f3n mientras analizaba las \u00faltimas declaraciones de <strong>Lucas Gonz\u00e1lez<\/strong>.<\/p>\n<p>\n<img decoding=\"async\" loading=\"lazy\" class=\"size-medium wp-image-2375151\" alt=\"lucas andy y lucas, andy y lucas, lucas gonz\u00e1lez, me quedo contigo\" width=\"620\" height=\"349\"  src=\"https:\/\/www.europesays.com\/es\/wp-content\/uploads\/2025\/10\/placeholder.jpg\"  bad-src=\"https:\/\/www.europesays.com\/es\/wp-content\/uploads\/2025\/10\/placeholder.jpg\"\/><\/p>\n<p><img decoding=\"async\" loading=\"lazy\" class=\"size-medium wp-image-2375151\" src=\"https:\/\/www.europesays.com\/es\/wp-content\/uploads\/2025\/11\/portada-1-620x349.jpg\" alt=\"lucas andy y lucas, andy y lucas, lucas gonz\u00e1lez, me quedo contigo\" width=\"620\" height=\"349\"  \/><\/p>\n<p> Lucas Gonz\u00e1lez en el programa \u2018Me quedo contigo\u2019. (Foto: Mediaset)\n<\/p>\n<p>\u00abDesde que anunciaron que se iban a despedir, <strong>las cosas han ido en una espiral de tensi\u00f3n incre\u00edble\u2026<\/strong> Lucas tambi\u00e9n tiene mucho cari\u00f1o a la familia de Andy, son muchos a\u00f1os juntos, por eso no le demanda\u00bb, ha a\u00f1adido Alba Carrillo.<\/p>\n<p>Lucas no demandar\u00e1 a Andy<\/p>\n<p>Cuando <strong>Andy<\/strong> intervino en El Hormiguero tuvo mucho cuidado de no lanzar acusaciones contra <strong>Lucas<\/strong>, es m\u00e1s, intent\u00f3 no mencionar su nombre para no tener consecuencias legales. Pero, <strong>\u00bfrecibir\u00e1 alguna demanda?<\/strong> No, al menos de momento.<\/p>\n<p>\n<img decoding=\"async\" loading=\"lazy\" class=\"size-medium wp-image-2422431\" alt=\"Andy reaparece en los premios latino tras la pol\u00e9mica con lucas y el estreno de su single. (Foto: Gtres)\" width=\"413\" height=\"620\"  src=\"https:\/\/www.europesays.com\/es\/wp-content\/uploads\/2025\/10\/placeholder.jpg\"  bad-src=\"https:\/\/www.europesays.com\/es\/wp-content\/uploads\/2025\/10\/placeholder.jpg\"\/><\/p>\n<p><img decoding=\"async\" loading=\"lazy\" class=\"size-medium wp-image-2422431\" src=\"https:\/\/www.europesays.com\/es\/wp-content\/uploads\/2025\/11\/dl_u594467_003-413x620.jpg\" alt=\"Andy reaparece en los premios latino tras la pol\u00e9mica con lucas y el estreno de su single. (Foto: Gtres)\" width=\"413\" height=\"620\"  \/><\/p>\n<p> Andy dando unas declaraciones. (Foto: Gtres)\n<\/p>\n<p>\u00ab<strong>A m\u00ed Lucas me recalca que no quiere demandar a Andy<\/strong>, que es una persona a la que quiere mucho, que es como su hermano y que lo \u00fanico que quiere y le pide a Andy es que cese de hablar de \u00e9l como est\u00e1 hablando\u00bb, ha explicado <strong>Javier Hoyos<\/strong>.<\/p>\n<p>Lo cierto es que Lucas no est\u00e1 atravesando un buen momento. Asegura que el revuelo que ha generado su ruptura profesional no le gusta nada, sobre todo porque siente que hay mucha gente que le ha dado la espalda. Anne Igartiburu ha trasladado su malestar: \u00ab<strong>Hay una cosa muy clara que echa de menos<\/strong>. Y es que, tanta gente que conoce y tanta gente que \u00e9l asegura sabe la verdad, no haya salido nadie a sacar la cara por \u00e9l. Se siente muy s\u00f3lo, <strong>muy desprotegido<\/strong>\u00bb. De esta forma, \u00fanicamente queda esperar para ver si alguien se apiada del cantante y se posiciona a su lado.<\/p>\n","protected":false},"excerpt":{"rendered":"Lucas Gonz\u00e1lez y Andr\u00e9s Morales, integrantes del m\u00edtico d\u00fao Andy y Lucas, se han declarado la guerra. Andy&hellip;\n","protected":false},"author":2,"featured_media":252434,"comment_status":"","ping_status":"","sticky":false,"template":"","format":"standard","meta":{"footnotes":""},"categories":[174],"tags":[36191,255,146,147,25,24,256,23],"class_list":{"0":"post-252433","1":"post","2":"type-post","3":"status-publish","4":"format-standard","5":"has-post-thumbnail","7":"category-famosos","8":"tag-andy-y-lucas","9":"tag-celebrities","10":"tag-entertainment","11":"tag-entretenimiento","12":"tag-es","13":"tag-espana","14":"tag-famosos","15":"tag-spain"},"share_on_mastodon":{"url":"https:\/\/pubeurope.com\/@es\/115602398632569475","error":""},"_links":{"self":[{"href":"https:\/\/www.europesays.com\/es\/wp-json\/wp\/v2\/posts\/252433","targetHints":{"allow":["GET"]}}],"collection":[{"href":"https:\/\/www.europesays.com\/es\/wp-json\/wp\/v2\/posts"}],"about":[{"href":"https:\/\/www.europesays.com\/es\/wp-json\/wp\/v2\/types\/post"}],"author":[{"embeddable":true,"href":"https:\/\/www.europesays.com\/es\/wp-json\/wp\/v2\/users\/2"}],"replies":[{"embeddable":true,"href":"https:\/\/www.europesays.com\/es\/wp-json\/wp\/v2\/comments?post=252433"}],"version-history":[{"count":0,"href":"https:\/\/www.europesays.com\/es\/wp-json\/wp\/v2\/posts\/252433\/revisions"}],"wp:featuredmedia":[{"embeddable":true,"href":"https:\/\/www.europesays.com\/es\/wp-json\/wp\/v2\/media\/252434"}],"wp:attachment":[{"href":"https:\/\/www.europesays.com\/es\/wp-json\/wp\/v2\/media?parent=252433"}],"wp:term":[{"taxonomy":"category","embeddable":true,"href":"https:\/\/www.europesays.com\/es\/wp-json\/wp\/v2\/categories?post=252433"},{"taxonomy":"post_tag","embeddable":true,"href":"https:\/\/www.europesays.com\/es\/wp-json\/wp\/v2\/tags?post=252433"}],"curies":[{"name":"wp","href":"https:\/\/api.w.org\/{rel}","templated":true}]}}