{"id":252435,"date":"2025-11-24T02:49:08","date_gmt":"2025-11-24T02:49:08","guid":{"rendered":"https:\/\/www.europesays.com\/es\/252435\/"},"modified":"2025-11-24T02:49:08","modified_gmt":"2025-11-24T02:49:08","slug":"frida-kahlo-rompe-record-mundial-su-autorretrato-el-sueno-la-cama-se-convierte-en-la-obra-mas-cara-creada-por-una-mujer-eltiempo-com","status":"publish","type":"post","link":"https:\/\/www.europesays.com\/es\/252435\/","title":{"rendered":"Frida Kahlo rompe r\u00e9cord mundial: su autorretrato &#039;El sue\u00f1o (La cama)&#039; se convierte en la obra m\u00e1s cara creada por una mujer &#8211; ELTIEMPO.COM"},"content":{"rendered":"<ol>\n<li><a href=\"https:\/\/news.google.com\/rss\/articles\/CBMi-gFBVV95cUxOOFNOYV9ocWtUMHZ4ZE1oOWowMWRycDVXb0Iza1U5T3V5d1RVVVliVXpNWE03YTgtRVlpYTFFb3NLX0gzaVlmOUtXWjlSNm1fWEtmRkRMS0ZSYWw2eDV3RjVPbGZuQTVCX3F5ZjZZX3kyUkQyUGp0Z0I3a1A0Njlub1IyR2VjUHlabWwyMXhpcm9tUkxSQUlSQmIza1hOcEJPLWktOThfVFltTk0ycmY5T2E0Y1pqSmZpNEZtcGVpNGJwRk5mUlhVNlhXWmFMXzBTTkppcTE0R0E2VlNGM2lJMGpmSTI0OHVLVEhINURxWHJ6RXNaQ2FXcWRB?oc=5\" target=\"_blank\" rel=\"nofollow noopener\">Frida Kahlo rompe r\u00e9cord mundial: su autorretrato &#8216;El sue\u00f1o (La cama)&#8217; se convierte en la obra m\u00e1s cara creada por una mujer<\/a>&nbsp;&nbsp;ELTIEMPO.COM<\/li>\n<li><a href=\"https:\/\/news.google.com\/rss\/articles\/CBMiW0FVX3lxTE5ZelJZQWZLWDN0NEdDVmItQXVkMS1aREZtVUtiQ0x2eXp1X1ptOW94MTJqZThXRkdHdXJ5UEZZQ2dQeGI3Q0RrYUcwSzhpLWNKOVM4eW1JN2hZLVE?oc=5\" target=\"_blank\" rel=\"nofollow noopener\">\u00abEl sue\u00f1o (la cama)\u00bb, la pintura de Frida Kahlo que se convirti\u00f3 en la obra de arte m\u00e1s cara de una mujer jam\u00e1s subastada<\/a>&nbsp;&nbsp;BBC<\/li>\n<li><a href=\"https:\/\/news.google.com\/rss\/articles\/CBMi6wFBVV95cUxOZWZVVTlXY0NoS2tTY2RwUGhKZm9QeUw3eWFadHllc01oVmxFa3YxSXE2b3F6czRzRWFtdUVSV2hQa1ZNSTdsUlVjV2Z1elBMUlNYMkx2S2cyeVU4Z0Y1NWp2bVdFOTJsdHVXZEpnYVNGc0VBYzIwRDZKVVlIUjh3bWdER2c4TDJrcVFpblFpRjlFbDN3dkR6WGJKUGhZVVc1OGhyYXFHMDdmc0Jfc0pKTE40c0pVZHNsbTl2UEFGeHVDZFk4cUktOVpkRk1ocHgxMENqSW05ZmpoZ0YtWWQ2Rk9HYnhVTWRFQzJJ?oc=5\" target=\"_blank\" rel=\"nofollow noopener\">Un retrato de Frida Kahlo rompe el r\u00e9cord y se convierte en la obra subastada m\u00e1s cara realizada por una mujer<\/a>&nbsp;&nbsp;EL PA\u00cdS<\/li>\n<li><a href=\"https:\/\/news.google.com\/rss\/articles\/CBMirAFBVV95cUxNa0Zwc1N6VTB6M3lvNTdQZnRvRmxOOVJidzN6bFpSTEQtR25uOVJOQkFHOTljc2lZQzZQT1RFbTc4VElKREozTGV0OWRyZFZZaXhhNWU0UUl4Sy1oTWNNT2hsN3pBN3FEMFI4TDdpNjNKZ1VGd0c0eXM1OWpGRjlhNENvZTRzZFRmREpBajRNWWJVZHRtTTVsZkdpdVFYYU9HZzBsREhpdkF4X283?oc=5\" target=\"_blank\" rel=\"nofollow noopener\">Frida Kahlo se corona como reina de las artistas y de los latinoamericanos en subasta<\/a>&nbsp;&nbsp;ABC<\/li>\n<li><a href=\"https:\/\/news.google.com\/rss\/articles\/CBMitwFBVV95cUxNbWdtV2c3clAwZUVTRDNodkJtU0x2ZkM0dGROVWEzWEMzTmlZV3JJcGFhZ0dtTG5wQVEwUXZ5X2ZZUDlQUkNmYkU3N0I4NFZ2ZkEwNmtnNU4tdVF3dnVvSGtYbkVjR2RwY3ZIVm5FMmNwVnVUSTVGUEpNQm9kT3pwVlVRczlPUDRwTWk1YWQtcGlORXVxVm1HMUhiS3p3Z2JyT3kxVUwtc2d6bzJoWDlIaDM2TXRYV0nSAbwBQVVfeXFMUG4zSzI4Z1l3dWU1ckZEZDlQSnJHVlNXNzZaR3EyeGpqS0lPRHdVbTlsTHdFVnhqSnpGVk1kX29kT2UzSXVabkVKRW9kMWQwVUxubHZYS1kzS21adnRQMTcxczhYc2lrRUFCU3hDYWhZa1lqOXlvanlxQkxXbEwyLTNreHRteTBwZjVfa3V4Y2w1Q3l1UHhsWkJEQUJ1d1hxaXNOa2JtRzBlNkZiZVNPQWQ2SlpyUjJVbElKdGk?oc=5\" target=\"_blank\" rel=\"nofollow noopener\">Un autorretrato de Frida Kahlo llega al Olimpo con 54,6 millones<\/a>&nbsp;&nbsp;The Luxonomist<\/li>\n<\/ol>\n","protected":false},"excerpt":{"rendered":"Frida Kahlo rompe r\u00e9cord mundial: su autorretrato &#8216;El sue\u00f1o (La cama)&#8217; se convierte en la obra m\u00e1s cara&hellip;\n","protected":false},"author":2,"featured_media":248356,"comment_status":"","ping_status":"","sticky":false,"template":"","format":"standard","meta":{"footnotes":""},"categories":[173],"tags":[229,233,231,230,232,234,146,147,25,24,23],"class_list":{"0":"post-252435","1":"post","2":"type-post","3":"status-publish","4":"format-standard","5":"has-post-thumbnail","7":"category-arte-y-diseno","8":"tag-arte","9":"tag-arte-y-diseno","10":"tag-arts","11":"tag-arts-and-design","12":"tag-design","13":"tag-diseno","14":"tag-entertainment","15":"tag-entretenimiento","16":"tag-es","17":"tag-espana","18":"tag-spain"},"share_on_mastodon":{"url":"https:\/\/pubeurope.com\/@es\/115602401753156656","error":""},"_links":{"self":[{"href":"https:\/\/www.europesays.com\/es\/wp-json\/wp\/v2\/posts\/252435","targetHints":{"allow":["GET"]}}],"collection":[{"href":"https:\/\/www.europesays.com\/es\/wp-json\/wp\/v2\/posts"}],"about":[{"href":"https:\/\/www.europesays.com\/es\/wp-json\/wp\/v2\/types\/post"}],"author":[{"embeddable":true,"href":"https:\/\/www.europesays.com\/es\/wp-json\/wp\/v2\/users\/2"}],"replies":[{"embeddable":true,"href":"https:\/\/www.europesays.com\/es\/wp-json\/wp\/v2\/comments?post=252435"}],"version-history":[{"count":0,"href":"https:\/\/www.europesays.com\/es\/wp-json\/wp\/v2\/posts\/252435\/revisions"}],"wp:featuredmedia":[{"embeddable":true,"href":"https:\/\/www.europesays.com\/es\/wp-json\/wp\/v2\/media\/248356"}],"wp:attachment":[{"href":"https:\/\/www.europesays.com\/es\/wp-json\/wp\/v2\/media?parent=252435"}],"wp:term":[{"taxonomy":"category","embeddable":true,"href":"https:\/\/www.europesays.com\/es\/wp-json\/wp\/v2\/categories?post=252435"},{"taxonomy":"post_tag","embeddable":true,"href":"https:\/\/www.europesays.com\/es\/wp-json\/wp\/v2\/tags?post=252435"}],"curies":[{"name":"wp","href":"https:\/\/api.w.org\/{rel}","templated":true}]}}