{"id":252436,"date":"2025-11-24T02:51:27","date_gmt":"2025-11-24T02:51:27","guid":{"rendered":"https:\/\/www.europesays.com\/es\/252436\/"},"modified":"2025-11-24T02:51:27","modified_gmt":"2025-11-24T02:51:27","slug":"fechas-estreno-temporada-final-stranger-things-en-netflix-2","status":"publish","type":"post","link":"https:\/\/www.europesays.com\/es\/252436\/","title":{"rendered":"Fechas estreno temporada final Stranger Things en Netflix"},"content":{"rendered":"<p>\n        <strong>Hace una d\u00e9cada, que se dice pronto, <\/strong><a href=\"https:\/\/www.deia.eus\/television\/2025\/10\/31\/batalla-final-stranger-things-sera-fecha-estreno-10289438.html\" title=\"los hermanos Duffer iniciaron el desarrollo de Stranger Things\" class=\"link copy\" rel=\"nofollow noopener\" target=\"_blank\">los hermanos Duffer iniciaron el desarrollo de Stranger Things<\/a>, y para ello tomaron ya una importante decisi\u00f3n al incorporar a Shawn Levy y Dan Cohen como productores ejecutivos. Quer\u00edan crear una serie que mezclara ciencia ficci\u00f3n, terror y nostalgia de los a\u00f1os 80, inspir\u00e1ndose en obras de Stephen King y Steven Spielberg. Los Duffer crearon un guion llamado Montauk, ambientado en la ciudad de Montauk, Nueva York. Pero finalmente decidieron trasladar la historia a <strong>la ficticia de Hawkins (Indiana)<\/strong>, ganando libertad creativa.\u00a0\n<\/p>\n<p class=\"article-body__text \">\n        El rodaje principal de la primera temporada se realiz\u00f3 entre septiembre de 2015 y principios de 2016 en Atlanta (Georgia). Entonces, los Duffer y Levy alternaron la direcci\u00f3n de los episodios, estableciendo as\u00ed las bases de lo que se convertir\u00eda en <strong>todo fen\u00f3meno mundial.<\/strong>\n<\/p>\n<p>  Julio de 2016 (1\u00aa)<\/p>\n<p class=\"article-body__text \">\n        <a href=\"https:\/\/www.deia.eus\/television\/2025\/11\/03\/millie-bobby-brown-denuncio-padre-stranger-things-10298906.html\" title=\"El 15 de julio de 2016 llegaba a Netflix la primera temporada (8 episodios).\" class=\"link copy\" rel=\"nofollow noopener\" target=\"_blank\">El 15 de julio de 2016 llegaba a Netflix la primera temporada (8 episodios).<\/a> Y a partir de ah\u00ed, lo que todos conocemos: en noviembre de 1983, un ni\u00f1o llamado Will desaparece tras ser secuestrado por una criatura procedente del Upside Down. Sus amigos y su madre, junto al jefe de polic\u00eda y varios vecinos, inician su b\u00fasqueda. En paralelo, otro personaje, una extra\u00f1a ni\u00f1a que responde al nombre de Once, escapa de un laboratorio secreto y es rescatada por los amigos de Will, convirti\u00e9ndose en la pieza clave para descubrir lo que est\u00e1 ocurriendo en Hawkins.\n<\/p>\n<p class=\"article-photo__footer\">\n            Primera temporada de &#8216;Stranger Things&#8217;            Netflix        <\/p>\n<p class=\"article-body__text \">\n        Aunque los hermanos Duffer ya ten\u00edan gran parte de la trama de la segunda temporada planificada antes del estreno, ajustaron algunos detalles tras conocer la gran respuesta del p\u00fablico. Decidieron que fuese una secuela, de ah\u00ed su t\u00edtulo: Stranger Things 2. <a href=\"https:\/\/www.deia.eus\/economia\/2025\/10\/21\/netflix-aumento-beneficio-neto-25-10248018.html\" title=\"Pese a las dudas iniciales de Netflix\" class=\"link copy\" rel=\"nofollow noopener\" target=\"_blank\">Pese a las dudas iniciales de Netflix<\/a>, que conoc\u00eda la <strong>mala reputaci\u00f3n de las segundas partes, l<\/strong>os Duffer se mantuvieron firmes.\n<\/p>\n<p class=\"article-body__text \">\n        <strong>La producci\u00f3n inici\u00f3 el rodaje en noviembre de 2016 en Atlanta.<\/strong> En ese momento, Levy revel\u00f3 que ya estaban planificando una posible tercera temporada: \u201cNo nos coger\u00e1n por sorpresa\u201d. Respecto a la duraci\u00f3n de la serie, Matt Duffer admiti\u00f3 que a\u00fan no hab\u00eda una decisi\u00f3n firme: \u201cCuatro parece corto y cinco parece largo\u201d.\n<\/p>\n<p>  Octubre de 2017 (2\u00aa)<\/p>\n<p class=\"article-body__text \">\n        <strong>El rodaje acab\u00f3 en junio de 2017, marcando el regreso triunfal de universo de Hawkins. <\/strong>El 27 de octubre de ese mismo a\u00f1o, la segunda parte de la serie lleg\u00f3 al p\u00fablico con sus 9 episodios: Will ha sido rescatado (octubre de 1984) pero comienza a experimentar visiones que anticipan una posible destrucci\u00f3n de Hawkins a manos de una criatura del Upside Down. Sus amigos descubren que sigue pose\u00eddo por un ente de ese mundo oscuro.\n<\/p>\n<p class=\"article-body__text \">\n        <strong>En diciembre de 2017, Levy confirmaba que una cuarta entrega ya estaba en desarrollo.<\/strong> Aunque Netflix quer\u00eda que ambas (tercera y cuarta) se escribieran simult\u00e1neamente para evitar que los actores envejecieran m\u00e1s r\u00e1pido que sus personajes, los Duffer y Levy prefirieron centrarse en perfeccionarla. El rodaje se llev\u00f3 a cabo principalmente en Jackson (Georgia).\n<\/p>\n<p class=\"article-photo__footer\">\n            Los personajes de &#8216;Stranger Things&#8217;            Netflix        <\/p>\n<p>  Julio de 2019 (3\u00aa)<\/p>\n<p class=\"article-body__text \">\n        <strong>El 4 de julio de 2019 llega la tercera temporada (8 episodios):<\/strong> En los d\u00edas previos al 4 de julio de 1985. El reci\u00e9n inaugurado Starcourt Mall es el nuevo epicentro. Mientras, Hopper se muestra m\u00e1s inquieto por la relaci\u00f3n entre Once y Mike. Pero nadie imagina que, bajo el centro comercial, un laboratorio secreto sovi\u00e9tico trabaja para reabrir el portal al Upside Down. En paralelo, el ente oscuro logra manipular mentalmente a Will para llevar a cabo sus planes.\n<\/p>\n<p>  Marzo de 2020: la pandemia lo para todo<\/p>\n<p class=\"article-body__text \">\n        La planificaci\u00f3n de la cuarta temporada fue igual que las anteriores. En febrero de 2020 se inici\u00f3 el rodaje en la antigua Prisi\u00f3n de Luki\u0161k\u0117s (Vilna, Lituania) como una de las localizaciones principales. Poco despu\u00e9s, el equipo regres\u00f3 a la habitual Atlanta, pero <a href=\"https:\/\/www.deia.eus\/tags\/pandemia\/\" title=\"la producci\u00f3n se vio suspendida en apenas dos semanas, el 16 de marzo, por el inicio de la pandemia del covid-19.\" class=\"link copy\" rel=\"nofollow noopener\" target=\"_blank\"><strong>la producci\u00f3n se vio suspendida en apenas dos semanas, el 16 de marzo, por el inicio de la pandemia del covid-19.<\/strong><\/a><strong>\u00a0<\/strong>\n<\/p>\n<p class=\"article-photo__footer\">\n            David Harbour junto a Winona Ryder en una secuencia de &#8216;Stranger Things&#8217;.            Netflix        <\/p>\n<p class=\"article-body__text \">\n        El rodaje <strong>pudo reanudarse el 28 de septiembre de 2020 en Georgia<\/strong>, bajo estrictos protocolos sanitarios que ralentizaron el proceso. Adem\u00e1s, a\u00a0todo esto se sum\u00f3 que esta entrega fue concebida por sus creadores como la m\u00e1s ambiciosa de la serie, con m\u00faltiples localizaciones y un nivel t\u00e9cnico superior. Un a\u00f1o m\u00e1s tarde, la producci\u00f3n llegaba a su fin, <strong>cerrando una de las producciones m\u00e1s largas y complejas hasta la fecha.<\/strong>\n<\/p>\n<p>  Mayo y julio de 2022 (4\u00aa)<\/p>\n<p class=\"article-body__text \">\n        Esta vez, <strong>el estreno de la temporada se hizo en dos tandas:<\/strong> el 27 de mayo 2022 (7 episodios) y el 1 de julio de 2022 (2 episodios): en marzo de 1986, en Lenora (California) Once se enfrenta a la p\u00e9rdida de sus poderes y el acoso escolar. Mientras tanto, en Hawkins, surge una nueva amenaza (Vecna), que ataca a los habitantes y comienza a abrir portales entre ambos mundos. El doctor Sam Owens ayuda a Once a recuperar sus habilidades, mientras Joyce y Murray viajan a Rusia para rescatar a Hopper.\n<\/p>\n<p class=\"article-body__text \">\n        Tras lo insinuado por sus creadores cinco a\u00f1os antes,<strong>\u00a0la quinta entrega se planific\u00f3 siguiendo la costumbre pese a que la pandemia alter\u00f3 su proceso habitual<\/strong>. Aunque no modificaron demasiado su plan original, reestructuraron parte de la historia y el final inicial previsto, tras conocer la respuesta de la legi\u00f3n de fans de la serie en todo el mundo.\n<\/p>\n<p class=\"article-photo__footer\">\n            Fotograma &#8216;Stranger Things&#8217;.            Netflix        <\/p>\n<p>  2023: Huelga de guionistas<\/p>\n<p class=\"article-body__text \">\n        La escritura del guion arranc\u00f3 en agosto de 2022, y en el WG Festival 2022 los Duffer revelaron que hab\u00edan incorporado ideas originales descartadas de la segunda temporada. Pero <strong>en mayo de 2023 la producci\u00f3n se detuvo de nuevo por la huelga del Sindicato de Guionistas de EEUU<\/strong> y no se reanud\u00f3 hasta septiembre de 2023, cuando el equipo confirm\u00f3 oficialmente su regreso.\n<\/p>\n<p class=\"article-body__text \">\n        Respecto a la coherencia del guion y los nuevos retos en la producci\u00f3n, Levy y los Duffer explicaron que el <strong>cambio f\u00edsico de los protagonistas,<\/strong> no ajeno al paso de los a\u00f1os, hab\u00eda supuesto todo un desaf\u00edo. \u201cHemos visto crecer al reparto de nuestra serie ante los ojos del p\u00fablico entre los 12 y los 22 a\u00f1os\u201d. Para solucionarlo, el departamento de peluquer\u00eda, maquillaje y vestuario tuvo entre manos todo un reto y tambi\u00e9n alg\u00fan aliado.<strong> <\/strong><a href=\"https:\/\/www.deia.eus\/cine-y-series\/2022\/06\/27\/creadores-stranger-things-pronuncian-primer-5726440.html\" title=\"\u201cLa est\u00e9tica de los a\u00f1os 80 nos ha ayudado a devolver a estos j\u00f3venes actores ya adultos a sus ic\u00f3nicos personajes infantiles de Hawkins\u201d.\" class=\"link copy\" rel=\"nofollow noopener\" target=\"_blank\"><strong>\u201cLa est\u00e9tica de los a\u00f1os 80 nos ha ayudado a devolver a estos j\u00f3venes actores ya adultos a sus ic\u00f3nicos personajes infantiles de Hawkins\u201d.<\/strong><\/a>\n<\/p>\n<p class=\"article-photo__footer\">\n            La \u00faltima temporada y sus personajes            Netflix        <\/p>\n<p>  Noviembre de 2025 (5\u00aa)<\/p>\n<p class=\"article-body__text \">\n        <strong>Tras todos los retrasos sufridos por lo ya mencionado y otros compromisos contractuales <\/strong>de varios actores, la producci\u00f3n de la quinta temporada, la \u00faltima, comenz\u00f3 en enero de 2024. El 27 de junio, Maya Hawke, una de las actrices de Stranger Things, revel\u00f3 que la temporada final constaba de <strong>\u201cb\u00e1sicamente ocho pel\u00edculas\u201d <\/strong>y que los episodios eran \u201cmuy largos\u201d, adelantando que en el rodaje se utilizaron \u201cnuevos tipos de formas de grabar escenas que no se hab\u00eda hecho hasta entonces\u201d. <strong>El rodaje finaliz\u00f3 el 20 de diciembre de 2024. Este pr\u00f3ximo 26 de noviembre llega el principio del fin.<\/strong><\/p>\n","protected":false},"excerpt":{"rendered":"Hace una d\u00e9cada, que se dice pronto, los hermanos Duffer iniciaron el desarrollo de Stranger Things, y para&hellip;\n","protected":false},"author":2,"featured_media":251731,"comment_status":"","ping_status":"","sticky":false,"template":"","format":"standard","meta":{"footnotes":""},"categories":[171],"tags":[500,6193,146,147,25,24,36578,23,52336,17646,214],"class_list":{"0":"post-252436","1":"post","2":"type-post","3":"status-publish","4":"format-standard","5":"has-post-thumbnail","7":"category-tv","8":"tag-cierra","9":"tag-despide","10":"tag-entertainment","11":"tag-entretenimiento","12":"tag-es","13":"tag-espana","14":"tag-hawkins","15":"tag-spain","16":"tag-stranger","17":"tag-things","18":"tag-tv"},"share_on_mastodon":{"url":"https:\/\/pubeurope.com\/@es\/115602409609098446","error":""},"_links":{"self":[{"href":"https:\/\/www.europesays.com\/es\/wp-json\/wp\/v2\/posts\/252436","targetHints":{"allow":["GET"]}}],"collection":[{"href":"https:\/\/www.europesays.com\/es\/wp-json\/wp\/v2\/posts"}],"about":[{"href":"https:\/\/www.europesays.com\/es\/wp-json\/wp\/v2\/types\/post"}],"author":[{"embeddable":true,"href":"https:\/\/www.europesays.com\/es\/wp-json\/wp\/v2\/users\/2"}],"replies":[{"embeddable":true,"href":"https:\/\/www.europesays.com\/es\/wp-json\/wp\/v2\/comments?post=252436"}],"version-history":[{"count":0,"href":"https:\/\/www.europesays.com\/es\/wp-json\/wp\/v2\/posts\/252436\/revisions"}],"wp:featuredmedia":[{"embeddable":true,"href":"https:\/\/www.europesays.com\/es\/wp-json\/wp\/v2\/media\/251731"}],"wp:attachment":[{"href":"https:\/\/www.europesays.com\/es\/wp-json\/wp\/v2\/media?parent=252436"}],"wp:term":[{"taxonomy":"category","embeddable":true,"href":"https:\/\/www.europesays.com\/es\/wp-json\/wp\/v2\/categories?post=252436"},{"taxonomy":"post_tag","embeddable":true,"href":"https:\/\/www.europesays.com\/es\/wp-json\/wp\/v2\/tags?post=252436"}],"curies":[{"name":"wp","href":"https:\/\/api.w.org\/{rel}","templated":true}]}}