{"id":252449,"date":"2025-11-24T02:59:14","date_gmt":"2025-11-24T02:59:14","guid":{"rendered":"https:\/\/www.europesays.com\/es\/252449\/"},"modified":"2025-11-24T02:59:14","modified_gmt":"2025-11-24T02:59:14","slug":"bolsonaro-asegura-que-manipulo-la-tobillera-por-alucinaciones-por-los-medicamentos-psiquiatricos","status":"publish","type":"post","link":"https:\/\/www.europesays.com\/es\/252449\/","title":{"rendered":"Bolsonaro asegura que manipul\u00f3 la tobillera por \u00abalucinaciones\u00bb por los medicamentos psiqui\u00e1tricos"},"content":{"rendered":"<p style=\"\">El <a href=\"https:\/\/www.abc.es\/internacional\/nuevo-fallo-supremo-brasileno-situa-bolsonaro-cerca-20251115165029-nt.html\" target=\"_self\" data-voc-vtm-id=\"in-text-traffic\" title=\"expresidente brasile\u00f1o\" data-mrf-link=\"www.abc.es\" rel=\"nofollow noopener\">expresidente brasile\u00f1o<\/a>\u00a0<strong>Jair Bolsonaro<\/strong>, permanecer\u00e1 detenido en una celda especial de la Polic\u00eda Federal (PF), en Brasilia, tras informar en una audiencia  que manipul\u00f3 la tobillera electr\u00f3nica motivado por la \u00abparanoia\u00bb y \u00abalucinaciones\u00bb causadas por el uso de medicamentos psiqui\u00e1tricos.<\/p>\n<p style=\"\">\u00abAl  &#8230; ser preguntado sobre el equipo de vigilancia electr\u00f3nica, el declarante respondi\u00f3 que tuvo una \u00abcierta paranoia\u00bb entre el viernes y el s\u00e1bado debido a los medicamentos que ha estado tomando recetados por diferentes m\u00e9dicos y que interactuaron de forma inadecuada\u00bb, dice el acta de la audiencia realizada por videoconferencia ante la jueza <strong>Luciana Yuki Fugishita Sorrentino<\/strong>.<\/p>\n<p class=\"voc-p\" style=\"\"><a href=\"https:\/\/www.abc.es\/noticias\/jair-bolsonaro\/\" target=\"_self\" data-voc-vtm-id=\"in-text-traffic\" title=\"Bolsonaro tambi\u00e9n declar\u00f3 que \u00abalucin\u00f3\u00bb\" data-mrf-link=\"www.abc.es\" rel=\"nofollow noopener\">Bolsonaro tambi\u00e9n declar\u00f3 que \u00abalucin\u00f3\u00bb<\/a> con que hab\u00eda alg\u00fan micr\u00f3fono en la tobillera y que por eso intent\u00f3 abrirla. La audiencia de custodia es un paso judicial que ratifica la legalidad de su arresto, obligatorio en el derecho penal brasile\u00f1o. El l\u00edder ultraderechista se encuentra detenido desde el s\u00e1bado por orden del juez del Tribunal Supremo, <strong>Alexandre de Moraes<\/strong>, por evidencias de riesgo de fuga de la prisi\u00f3n domiciliaria en la que se encontraba desde agosto y no por la condena por intento de golpe de Estado.<\/p>\n<p class=\"voc-p\" style=\"\">La prisi\u00f3n preventiva de Bolsonaro fue determinada por Moraes en la madrugada del s\u00e1bado, como medida de garantizar el orden p\u00fablico ante la vigilia convocada por el senador <strong>Fl\u00e1vio Bolsonaro<\/strong>, hijo del expresidente. El factor decisivo, sin embargo, fue el intento de sabotaje a la tobillera electr\u00f3nica que Bolsonaro utilizaba desde el 4 de agosto, fecha en que comenz\u00f3 su arresto domiciliario por incumplir medidas cautelares previas, como la prohibici\u00f3n de usar redes sociales de terceros para atacar a la Corte.<\/p>\n<p class=\"voc-p\" style=\"\">Un informe de la Secretar\u00eda de Administraci\u00f3n Penitenciaria del Distrito Federal revel\u00f3 que la tobillera de monitoreo presentaba \u00abse\u00f1ales claras e importantes de aver\u00eda\u00bb, con evidentes marcas de quemadura. Interrogado por una polic\u00eda penal, el expresidente confes\u00f3 en un v\u00eddeo registrado en el proceso, que us\u00f3 una herramienta de soldadura para manipular el aparato. \u00abLe met\u00ed un fierro caliente\u00bb, confes\u00f3 Bolsonaro, confirmando que us\u00f3 un \u00abfierro de soldar\u00bb apenas por \u00abcuriosidad\u00bb.<\/p>\n<p class=\"voc-p\" style=\"\">En su segundo d\u00eda de detenci\u00f3n, el exmandatario recibi\u00f3 las visitas de sus abogados y de su equipo m\u00e9dico personal, el cirujano-general <strong>Cl\u00e1udio Birolini<\/strong> y el cardi\u00f3logo <strong>Leandro Echeniqu<\/strong>e. Su defensa ha solicitado reiteradamente una prisi\u00f3n domiciliaria humanitaria citando un \u00abcuadro cl\u00ednico grave\u00bb y \u00abm\u00faltiples comorbilidades\u00bb que representan un riesgo concreto para su vida en una prisi\u00f3n regular. El juez Moraes ha autorizado esas visitas y garantizado que la salud del expresidente ser\u00e1 monitoreada. En un informe la defensa detalla el historial de cirug\u00edas de Bolsonaro desde la cuchillada que sufri\u00f3 en un atentado en 2018, que le han generado problemas card\u00edacos, pulmonares y gastrointestinales.<\/p>\n<p><img decoding=\"async\" loading=\"lazy\" src=\"https:\/\/www.europesays.com\/es\/wp-content\/uploads\/2025\/11\/1503311652-U20666331861Arf-760x427@diario_abc.jpg\" class=\"voc-img\" width=\"760\" height=\"427\" alt=\"Resultado del sabotaje de la tobillera electr\u00f3nica del expresidente Bolsonaro\" data-voc-vtm-id=\"in-text-traffic\"\/><\/p>\n<p>Resultado del sabotaje de la tobillera electr\u00f3nica del expresidente Bolsonaro<\/p>\n<p>REUTERS<\/p>\n<p class=\"voc-p\" style=\"\">Moraes tambi\u00e9n ha autorizado la visita de la ex primera dama, <strong>Michelle Bolsonaro<\/strong>, en la tarde del domingo, despu\u00e9s de la audiencia, pero a\u00fan no autoriz\u00f3 la solicitud de la defensa para que los hijos del expresidente tambi\u00e9n pudieran visitarlo. \u00abLa defensa no indic\u00f3 cu\u00e1les hijos del reo pretenden realizar la visita, providencia necesaria para el registro\u00bb, respondi\u00f3 el juez que solicit\u00f3 que completen las informaciones.<\/p>\n<p class=\"voc-p\" style=\"\"><a href=\"https:\/\/www.abc.es\/internacional\/corte-suprema-brasil-alcanza-mayoria-declarar-bolsonaro-20250911210452-nt.html\" target=\"_self\" data-voc-vtm-id=\"in-text-traffic\" title=\"La detenci\u00f3n de Bolsonaro\" data-mrf-link=\"www.abc.es\" rel=\"nofollow noopener\">La detenci\u00f3n de Bolsonaro<\/a> fue confirmada por su riesgo de fuga al tratar de destruir la tobillera. La activaci\u00f3n de la alarma del dispositivo a las 00:08, hora local, fue interpretada como prueba irrefutable de la intenci\u00f3n de eludir la acci\u00f3n de la justicia. En su decisi\u00f3n, el juez cit\u00f3 la posibilidad de riesgo de fuga y la cercan\u00eda de la casa del expresidente a la Embajada de Estados Unidos y record\u00f3 que Bolsonaro ya hab\u00eda planeado antes pedir asilo en Argentina. <\/p>\n<p class=\"voc-p\" style=\"\">La situaci\u00f3n legal de Bolsonaro se ha agravado progresivamente desde que fue condenado a 27 a\u00f1os de c\u00e1rcel en septiembre, una pena que a\u00fan no es definitiva y sigue en fase de recursos. El expresidente deber\u00e1 aguardar ahora esos recursos en una celda especial de 12 metros cuadrados, con las mismas caracter\u00edsticas en las que ya fueron detenidos el presidente <strong>Luiz In\u00e1cio Lula da Silva<\/strong> y el expresidente <strong>Michel Temer<\/strong>. Del lado de fuera del edificio un grupo de seguidores piden su liberaci\u00f3n y prometen mantenerse en vigilia.<\/p>\n","protected":false},"excerpt":{"rendered":"El expresidente brasile\u00f1o\u00a0Jair Bolsonaro, permanecer\u00e1 detenido en una celda especial de la Polic\u00eda Federal (PF), en Brasilia, tras&hellip;\n","protected":false},"author":2,"featured_media":252450,"comment_status":"","ping_status":"","sticky":false,"template":"","format":"standard","meta":{"footnotes":""},"categories":[42],"tags":[63826,1136,32716,17,18,13,14,11,61,62,63,64,19,20,63824,5698,9,10,15,16,63827,12,63825,21,22,65,66,67],"class_list":{"0":"post-252449","1":"post","2":"type-post","3":"status-publish","4":"format-standard","5":"has-post-thumbnail","7":"category-internacional","8":"tag-alucinaciones","9":"tag-asegura","10":"tag-bolsonaro","11":"tag-breaking-news","12":"tag-breakingnews","13":"tag-featured-news","14":"tag-featurednews","15":"tag-headlines","16":"tag-internacional","17":"tag-international","18":"tag-international-news","19":"tag-internationalnews","20":"tag-latest-news","21":"tag-latestnews","22":"tag-manipulo","23":"tag-medicamentos","24":"tag-news","25":"tag-noticias","26":"tag-noticias-destacadas","27":"tag-noticiasdestacadas","28":"tag-psiquiatricos","29":"tag-titulares","30":"tag-tobillera","31":"tag-ultimas-noticias","32":"tag-ultimasnoticias","33":"tag-world","34":"tag-world-news","35":"tag-worldnews"},"share_on_mastodon":{"url":"https:\/\/pubeurope.com\/@es\/115602441365643132","error":""},"_links":{"self":[{"href":"https:\/\/www.europesays.com\/es\/wp-json\/wp\/v2\/posts\/252449","targetHints":{"allow":["GET"]}}],"collection":[{"href":"https:\/\/www.europesays.com\/es\/wp-json\/wp\/v2\/posts"}],"about":[{"href":"https:\/\/www.europesays.com\/es\/wp-json\/wp\/v2\/types\/post"}],"author":[{"embeddable":true,"href":"https:\/\/www.europesays.com\/es\/wp-json\/wp\/v2\/users\/2"}],"replies":[{"embeddable":true,"href":"https:\/\/www.europesays.com\/es\/wp-json\/wp\/v2\/comments?post=252449"}],"version-history":[{"count":0,"href":"https:\/\/www.europesays.com\/es\/wp-json\/wp\/v2\/posts\/252449\/revisions"}],"wp:featuredmedia":[{"embeddable":true,"href":"https:\/\/www.europesays.com\/es\/wp-json\/wp\/v2\/media\/252450"}],"wp:attachment":[{"href":"https:\/\/www.europesays.com\/es\/wp-json\/wp\/v2\/media?parent=252449"}],"wp:term":[{"taxonomy":"category","embeddable":true,"href":"https:\/\/www.europesays.com\/es\/wp-json\/wp\/v2\/categories?post=252449"},{"taxonomy":"post_tag","embeddable":true,"href":"https:\/\/www.europesays.com\/es\/wp-json\/wp\/v2\/tags?post=252449"}],"curies":[{"name":"wp","href":"https:\/\/api.w.org\/{rel}","templated":true}]}}