{"id":252451,"date":"2025-11-24T03:00:16","date_gmt":"2025-11-24T03:00:16","guid":{"rendered":"https:\/\/www.europesays.com\/es\/252451\/"},"modified":"2025-11-24T03:00:16","modified_gmt":"2025-11-24T03:00:16","slug":"la-catedral-de-sevilla-celebra-este-lunes-la-festividad-de-san-clemente","status":"publish","type":"post","link":"https:\/\/www.europesays.com\/es\/252451\/","title":{"rendered":"La Catedral de Sevilla celebra este lunes la festividad de San Clemente"},"content":{"rendered":"<p>23\/11\/2025<br \/>\n<br \/><strong><br \/>\nActualizado a las 17:36h.<br \/>\n<\/strong><\/p>\n<p class=\"voc-p\" style=\"\">a Catedral de Sevilla celebra el pr\u00f3ximo lunes la festividad de San Clemente; ya que este domingo,<strong> d\u00eda de San Clemente<\/strong>, coincid\u00eda con la solemnidad de Cristo Rey que se celebra el \u00faltimo domingo del a\u00f1o lit\u00fargico. <\/p>\n<p class=\"voc-p\" style=\"\">La misa de capellanes en el  &#8230; trascoro, <strong>ante la Virgen de los Reyes comenzar\u00e1 a las<\/strong><strong>8,15 horas<\/strong>. Ser\u00e1 presidida por el arcediano del Cabildo, Francisco Ortiz G\u00f3mez, ante la ausencia del de\u00e1n.<\/p>\n<p class=\"voc-p\" style=\"\">Posteriormente se celebrar\u00e1 el oficio coral, y a su t\u00e9rmino comenzar\u00e1 la <strong>procesi\u00f3n con la espada de san Fernando<\/strong> (Lobera) por las naves interiores del templo metropolitano. Participar\u00e1n los miembros de la casa de Castilla-Le\u00f3n, el Cabildo Alfonso X &#8216;El Sabio&#8217;, la Orden de San Clemente, la corporaci\u00f3n municipal y el Cabildo Catedral.<\/p>\n<p class=\"voc-p\" style=\"\">Como marca la tradici\u00f3n, un capitular portar\u00e1 las reliquias del santo, mientras que el<strong> alcalde har\u00e1 lo propio con la espada y el concejal m\u00e1s joven con el pend\u00f3n de san Fernando<\/strong>. La jornada celebrativa culminar\u00e1 con la misa en el altar mayor. El relicario de de San Clemente es una obra an\u00f3nima del siglo XVI que se encuentra la Sala del Tesoro de la Catedral de Sevilla. <\/p>\n<p class=\"voc-p\" style=\"\">El 23 de noviembre se conmemora la<strong> reconquista de Sevilla por parte de las tropas castellanas<\/strong> al mando de Fernando III &#8216;El Santo&#8217;, frente al caid Axafat, y el restablecimiento del culto cristiano en la capital del antiguo reino de Sevilla.<\/p>\n<p>\nArt\u00edculo solo para suscriptores\n<\/p>\n<p>Reportar un error<\/p>\n","protected":false},"excerpt":{"rendered":"23\/11\/2025 Actualizado a las 17:36h. a Catedral de Sevilla celebra el pr\u00f3ximo lunes la festividad de San Clemente;&hellip;\n","protected":false},"author":2,"featured_media":252452,"comment_status":"","ping_status":"","sticky":false,"template":"","format":"standard","meta":{"footnotes":""},"categories":[8],"tags":[17,18,21863,6951,3434,25,24,13,14,57551,11,19,20,1051,9,10,15,16,2228,1171,23,12,21,22],"class_list":{"0":"post-252451","1":"post","2":"type-post","3":"status-publish","4":"format-standard","5":"has-post-thumbnail","7":"category-espana","8":"tag-breaking-news","9":"tag-breakingnews","10":"tag-catedral","11":"tag-celebra","12":"tag-clemente","13":"tag-es","14":"tag-espana","15":"tag-featured-news","16":"tag-featurednews","17":"tag-festividad","18":"tag-headlines","19":"tag-latest-news","20":"tag-latestnews","21":"tag-lunes","22":"tag-news","23":"tag-noticias","24":"tag-noticias-destacadas","25":"tag-noticiasdestacadas","26":"tag-san","27":"tag-sevilla","28":"tag-spain","29":"tag-titulares","30":"tag-ultimas-noticias","31":"tag-ultimasnoticias"},"share_on_mastodon":{"url":"https:\/\/pubeurope.com\/@es\/115602445105754244","error":""},"_links":{"self":[{"href":"https:\/\/www.europesays.com\/es\/wp-json\/wp\/v2\/posts\/252451","targetHints":{"allow":["GET"]}}],"collection":[{"href":"https:\/\/www.europesays.com\/es\/wp-json\/wp\/v2\/posts"}],"about":[{"href":"https:\/\/www.europesays.com\/es\/wp-json\/wp\/v2\/types\/post"}],"author":[{"embeddable":true,"href":"https:\/\/www.europesays.com\/es\/wp-json\/wp\/v2\/users\/2"}],"replies":[{"embeddable":true,"href":"https:\/\/www.europesays.com\/es\/wp-json\/wp\/v2\/comments?post=252451"}],"version-history":[{"count":0,"href":"https:\/\/www.europesays.com\/es\/wp-json\/wp\/v2\/posts\/252451\/revisions"}],"wp:featuredmedia":[{"embeddable":true,"href":"https:\/\/www.europesays.com\/es\/wp-json\/wp\/v2\/media\/252452"}],"wp:attachment":[{"href":"https:\/\/www.europesays.com\/es\/wp-json\/wp\/v2\/media?parent=252451"}],"wp:term":[{"taxonomy":"category","embeddable":true,"href":"https:\/\/www.europesays.com\/es\/wp-json\/wp\/v2\/categories?post=252451"},{"taxonomy":"post_tag","embeddable":true,"href":"https:\/\/www.europesays.com\/es\/wp-json\/wp\/v2\/tags?post=252451"}],"curies":[{"name":"wp","href":"https:\/\/api.w.org\/{rel}","templated":true}]}}