{"id":252455,"date":"2025-11-24T03:09:14","date_gmt":"2025-11-24T03:09:14","guid":{"rendered":"https:\/\/www.europesays.com\/es\/252455\/"},"modified":"2025-11-24T03:09:14","modified_gmt":"2025-11-24T03:09:14","slug":"augustine-rubit-roza-el-doble-doble-antes-de-llegar-a-malaga","status":"publish","type":"post","link":"https:\/\/www.europesays.com\/es\/252455\/","title":{"rendered":"Augustine Rubit roza el &#8216;doble doble&#8217; antes de llegar a M\u00e1laga"},"content":{"rendered":"<p>Augustine Rubit disput\u00f3 este domingo su \u00faltimo partido como jugador del Lietkabelis, pues desde el lunes pasar\u00e1 a defender los colores del Unicaja. El p\u00edvot  &#8230; estadounidense llegar\u00e1 a M\u00e1laga tras rozar el &#8216;doble doble&#8217; en su encuentro de despedida de la Liga de Lituania.<\/p>\n<p class=\"v-p\">Rubit se fue hasta los 16 puntos y nueve rebotes en la derrota de su equipo ante el Zalgiris por 77-81. El p\u00edvot volvi\u00f3 a demostrar su repertorio ofensivo y fue el m\u00e1s destacado del Lietkabelis ante el l\u00edder de la competici\u00f3n, con 5\/9 en los lanzamientos de dos puntos y 6\/6 desde la l\u00ednea de personal. Su estad\u00edstica se complet\u00f3 con dos asistencias y cuatro faltas recibidas para 25 de valoraci\u00f3n<\/p>\n<p><a href=\"http:\/\/www.diariosur.es\/unicaja\/adios-despedida-xavier-castaneda-unicaja-20251123095638-nt.html#vtm_modulosEngag=mod-rel:unicaja:noticia:1:cmp:1-not\" class=\"v-a-link\" aria-label=\"Imagen\" rel=\"nofollow noopener\" target=\"_blank\"><\/p>\n<p><img decoding=\"async\" loading=\"lazy\" src=\"https:\/\/www.europesays.com\/es\/wp-content\/uploads\/2025\/11\/castaneda-pancarta-unicaja-U33217462641XtM-366x256@Diario Sur.jpeg\" class=\"v-a-img\" width=\"258\" height=\"180\" alt=\"\" data-voc-vtm-id=\"in-text-traffic\"\/><\/p>\n<p><\/a><\/p>\n<p class=\"v-p\">Finalizado este partido, el estadounidense pondr\u00e1 rumbo a M\u00e1laga. Se le espera este lunes para pasar el reconocimiento y, seguramente, ser\u00e1 presentado el mi\u00e9rcoles. Como la plantilla est\u00e1 de vacaciones hasta el jueves, el nuevo jugador cajista tendr\u00e1 tiempo para instalarse y ya empezar a trabajar con el grupo, todo esto contando con que pase de forma positiva las pruebas m\u00e9dicas. <\/p>\n<p class=\"v-p\">A tenor de sus \u00faltimas actuaciones, Augustine Rubit se encuentra en perfectas condiciones f\u00edsicas y sin rastro de la lesi\u00f3n en el tend\u00f3n de Aquiles que sufri\u00f3 la campa\u00f1a pasada. Hasta ahora ha alternado la Liga de Lituania con la Eurocup sin resentirse y siendo el mejor de su equipo. Lo mejor para el Unicaja es que se trata de un jugador que llega en buena din\u00e1mica f\u00edsica, con ritmo de competici\u00f3n y con la experiencia necesaria para integrarse r\u00e1pidamente en el grupo, en el que ya conoce a Nihad Djedovic de su etapa en el Bayern de M\u00fanich. <\/p>\n","protected":false},"excerpt":{"rendered":"Augustine Rubit disput\u00f3 este domingo su \u00faltimo partido como jugador del Lietkabelis, pues desde el lunes pasar\u00e1 a&hellip;\n","protected":false},"author":2,"featured_media":252456,"comment_status":"","ping_status":"","sticky":false,"template":"","format":"standard","meta":{"footnotes":""},"categories":[269],"tags":[61239,299,298,168,7537,25,24,660,3855,16861,61240,23,167],"class_list":{"0":"post-252455","1":"post","2":"type-post","3":"status-publish","4":"format-standard","5":"has-post-thumbnail","7":"category-baloncesto","8":"tag-augustine","9":"tag-baloncesto","10":"tag-basketball","11":"tag-deportes","12":"tag-doble","13":"tag-es","14":"tag-espana","15":"tag-llegar","16":"tag-malaga","17":"tag-roza","18":"tag-rubit","19":"tag-spain","20":"tag-sports"},"share_on_mastodon":{"url":"https:\/\/pubeurope.com\/@es\/115602481109383436","error":""},"_links":{"self":[{"href":"https:\/\/www.europesays.com\/es\/wp-json\/wp\/v2\/posts\/252455","targetHints":{"allow":["GET"]}}],"collection":[{"href":"https:\/\/www.europesays.com\/es\/wp-json\/wp\/v2\/posts"}],"about":[{"href":"https:\/\/www.europesays.com\/es\/wp-json\/wp\/v2\/types\/post"}],"author":[{"embeddable":true,"href":"https:\/\/www.europesays.com\/es\/wp-json\/wp\/v2\/users\/2"}],"replies":[{"embeddable":true,"href":"https:\/\/www.europesays.com\/es\/wp-json\/wp\/v2\/comments?post=252455"}],"version-history":[{"count":0,"href":"https:\/\/www.europesays.com\/es\/wp-json\/wp\/v2\/posts\/252455\/revisions"}],"wp:featuredmedia":[{"embeddable":true,"href":"https:\/\/www.europesays.com\/es\/wp-json\/wp\/v2\/media\/252456"}],"wp:attachment":[{"href":"https:\/\/www.europesays.com\/es\/wp-json\/wp\/v2\/media?parent=252455"}],"wp:term":[{"taxonomy":"category","embeddable":true,"href":"https:\/\/www.europesays.com\/es\/wp-json\/wp\/v2\/categories?post=252455"},{"taxonomy":"post_tag","embeddable":true,"href":"https:\/\/www.europesays.com\/es\/wp-json\/wp\/v2\/tags?post=252455"}],"curies":[{"name":"wp","href":"https:\/\/api.w.org\/{rel}","templated":true}]}}