{"id":252457,"date":"2025-11-24T03:10:11","date_gmt":"2025-11-24T03:10:11","guid":{"rendered":"https:\/\/www.europesays.com\/es\/252457\/"},"modified":"2025-11-24T03:10:11","modified_gmt":"2025-11-24T03:10:11","slug":"los-expertos-arbitrales-opinan-sobre-la-posible-falta-de-vinicius-a-inaki-pena-en-el-elche-real-madrid","status":"publish","type":"post","link":"https:\/\/www.europesays.com\/es\/252457\/","title":{"rendered":"Los expertos arbitrales opinan sobre la posible falta de Vinicius a I\u00f1aki Pe\u00f1a en el Elche-Real Madrid"},"content":{"rendered":"\n<p>M\u00e1s noticias<\/p>\n<p><a class=\"info_masnoticias\" href=\"https:\/\/www.eldesmarque.com\/futbol\/real-madrid\/\" rel=\"nofollow noopener\" target=\"_blank\"><br \/>\nM\u00e1s de<br \/>\nM\u00e1s noticias de<br \/>\nReal Madrid<br \/>\n<\/a><\/p>\n<p><strong>El Elche y el Real Madrid <a href=\"https:\/\/www.eldesmarque.com\/futbol\/liga-1a-division\/20251123\/elche-real-madrid-laliga-ea-sports-directo-goles-mejores-jugadas-ultima-hora-d1rect0_300816173.html\" rel=\"nofollow noopener\" target=\"_blank\">igualaron 2-2 en el Mart\u00ednez Valero<\/a><\/strong> en un partido en el que <a href=\"https:\/\/www.eldesmarque.com\/futbol\/real-madrid\/20251123\/uno-por-uno-real-madrid-elche-martinez-valero-jornada-13-laliga_300816417.html\" rel=\"nofollow noopener\" target=\"_blank\">Jude Bellingham igual\u00f3 el choque<\/a> en el tiempo de descuento en una jugada no exenta de pol\u00e9mica. <strong>I\u00f1aki Pe\u00f1a qued\u00f3 tendido y sangrando por la nariz tras un golpe con Vinicius<\/strong> y, a pesar de que el portero lo calific\u00f3 como \u00abun lance del juego\u00bb, los expertos arbitrales difieren sobre la legalidad de la jugada.<\/p>\n<p>En un bal\u00f3n suelto en el \u00e1rea, <strong>Vini sac\u00f3 el pie intentando llegar a la pelota pero termin\u00f3 chocando con el meta local<\/strong>, que intentaba tapar la porter\u00eda. Mbapp\u00e9 caz\u00f3 la pelota antes de que saliera por l\u00ednea de fondo y la puso atr\u00e1s para que Bellingham empujara la pelota al fondo de la red para el 2-2 definitivo.<\/p>\n<p>\u00abRemata, mete el pie y, con la inercia me pega en la nariz con la rodilla. <strong>Bueno, es un lance del juego, me da en la nariz&#8230; mala suerte<\/strong>, una pena ese rechace que justo cae en la l\u00ednea por fuera del palo y consigue meterla dentro. Pero al final nada, se ha quedado en un golpe y ya est\u00e1\u00bb, destac\u00f3 I\u00f1aki Pe\u00f1a&#8230; <a href=\"https:\/\/www.eldesmarque.com\/futbol\/real-madrid\/20251123\/inaki-pena-pasa-lance-juego-golpe-vinicius-cambiar-opinion-falta-clara_300816436.html\" rel=\"nofollow noopener\" target=\"_blank\">que luego se contradijo a s\u00ed mismo<\/a>.<\/p>\n<p>Unas palabras <a href=\"https:\/\/www.eldesmarque.com\/futbol\/elche-cf\/20251123\/eder-sarabia-no-tiene-dudas-polemica-da-tiron-orejas-inaki-pena-falta-clarisima_300816513.html\" rel=\"nofollow noopener\" target=\"_blank\">en contra de lo que dijo su entrenador<\/a>, <strong>Eder Sarabia<\/strong>, que ten\u00eda pocas dudas en que el gol de Bellingham deb\u00eda ser anulado: \u00ab<strong>Es falta clar\u00edsima<\/strong>. <strong>I\u00f1aki Pe\u00f1a dice que es un lance del juego pero no ha visto la jugada<\/strong>. I\u00f1aki despeja, Vinicius llega tarde y le golpea y por eso le deja la nariz as\u00ed. Es falta clar\u00edsima\u00bb.<\/p>\n<p>La opini\u00f3n de los expertos arbitrales sobre el choque entre Vinicius e I\u00f1aki Pe\u00f1a<\/p>\n<p>De la opini\u00f3n desde dentro del campo a la opini\u00f3n fuera, donde los distintos expertos arbitrales se mojaron sobre la jugada. Entre ellos <strong>Mr. Asub\u00edo<\/strong>, que lo calific\u00f3 como \u00abgol legal\u00bb: \u00ab<strong>Es un lance de juego<\/strong>, al ir el portero a ras de suelo se produce un golpe pierna vs cara, pero<strong> si fuese pierna vs pierna tendr\u00edamos m\u00e1s claro a\u00fan que no es infracci\u00f3n<\/strong>\u00ab.<\/p>\n<blockquote class=\"twitter-tweet\">\n<p lang=\"es\" dir=\"ltr\">produce un golpe pierna vs cara, pero si fuese pierna vs pierna tendr\u00edamos m\u00e1s claro a\u00fan que no es infracci\u00f3n.<\/p>\n<p>Vosotros?<\/p>\n<p>\u2014 Mr. Asub\u00edo (@MrAsubio) <a href=\"https:\/\/twitter.com\/MrAsubio\/status\/1992716717102154146?ref_src=twsrc%5Etfw\" rel=\"nofollow noopener\" target=\"_blank\">November 23, 2025<\/a><\/p>\n<\/blockquote>\n<p>Una opini\u00f3n en consonancia con la de Archivo Var, que tambi\u00e9n considera que no hay falta: \u00abVinicius planta la pierna en el suelo y <strong>es I\u00f1aki Pe\u00f1a el que, al lanzarse a detener el bal\u00f3n, termina impactando contra \u00e9l<\/strong>\u00ab.<\/p>\n<blockquote class=\"twitter-tweet\">\n<p lang=\"es\" dir=\"ltr\">\u2049\ufe0f\ud83d\udca5\u00bfHay infracci\u00f3n de Vinicius sobre I\u00f1aki Pe\u00f1a previa al gol de Bellingham?<\/p>\n<p>\u2705 \ud835\udde1\ud835\udde2.<\/p>\n<p>\ud83d\udc49\ud83c\udffb Vinicius planta la pierna en el suelo y es I\u00f1aki Pe\u00f1a el que, al lanzarse a detener el bal\u00f3n, termina impactando contra \u00e9l.<\/p>\n<p>\u25aa\ufe0f El VAR confirm\u00f3 el gol validado por Hern\u00e1ndez Maeso. <a href=\"https:\/\/t.co\/wy5xt0qUhl\" rel=\"nofollow\">pic.twitter.com\/wy5xt0qUhl<\/a><\/p>\n<p>\u2014 Archivo VAR (@ArchivoVAR) <a href=\"https:\/\/twitter.com\/ArchivoVAR\/status\/1992714383324299455?ref_src=twsrc%5Etfw\" rel=\"nofollow noopener\" target=\"_blank\">November 23, 2025<\/a><\/p>\n<\/blockquote>\n<p>Por contra, el ex\u00e1rbitro Iturralde Gonz\u00e1lez manifest\u00f3 en El Larguero que el gol deb\u00eda ser anulado: \u00ab<strong>Es falta, es falta.\u00a0Le golpea con la pierna en la nariz\u00a0y adem\u00e1s le deja sangrando<\/strong>\u00ab.<\/p>\n<p>Tambi\u00e9n P\u00e9rez Burrull, en Radio Marca, opin\u00f3 que hay infracci\u00f3n de Vinicius y que el tanto de Bellingham no deb\u00eda haber subido al marcador: \u00abBajo mi punto de vista hay un golpeo de\u00a0Vinicius\u00a0en la cara del portero del Elche que incluso le hace sangrar. <strong>Es una acci\u00f3n perfectamente se\u00f1alable como juego peligroso<\/strong>\u00ab.<\/p>\n<p><img decoding=\"async\" src=\"https:\/\/www.europesays.com\/es\/wp-content\/uploads\/2025\/11\/g6ejriwxiaajeufjpg.jpg\" width=\"660\" height=\"383.72\" alt=\"El momento del choque entre Vinicius e I\u00f1aki Pe\u00f1a. (Movistar)\"\/><br \/>\nEl momento del choque entre Vinicius e I\u00f1aki Pe\u00f1a. (Movistar)<\/p>\n<p><script async src=\"https:\/\/platform.twitter.com\/widgets.js\" charset=\"utf-8\"><\/script><\/p>\n","protected":false},"excerpt":{"rendered":"M\u00e1s noticias M\u00e1s de M\u00e1s noticias de Real Madrid El Elche y el Real Madrid igualaron 2-2 en&hellip;\n","protected":false},"author":2,"featured_media":252458,"comment_status":"","ping_status":"","sticky":false,"template":"","format":"standard","meta":{"footnotes":""},"categories":[268],"tags":[168,25,24,280,282,281,23,167],"class_list":{"0":"post-252457","1":"post","2":"type-post","3":"status-publish","4":"format-standard","5":"has-post-thumbnail","7":"category-futbol","8":"tag-deportes","9":"tag-es","10":"tag-espana","11":"tag-football","12":"tag-futbol","13":"tag-soccer","14":"tag-spain","15":"tag-sports"},"share_on_mastodon":{"url":"https:\/\/pubeurope.com\/@es\/115602484783576318","error":""},"_links":{"self":[{"href":"https:\/\/www.europesays.com\/es\/wp-json\/wp\/v2\/posts\/252457","targetHints":{"allow":["GET"]}}],"collection":[{"href":"https:\/\/www.europesays.com\/es\/wp-json\/wp\/v2\/posts"}],"about":[{"href":"https:\/\/www.europesays.com\/es\/wp-json\/wp\/v2\/types\/post"}],"author":[{"embeddable":true,"href":"https:\/\/www.europesays.com\/es\/wp-json\/wp\/v2\/users\/2"}],"replies":[{"embeddable":true,"href":"https:\/\/www.europesays.com\/es\/wp-json\/wp\/v2\/comments?post=252457"}],"version-history":[{"count":0,"href":"https:\/\/www.europesays.com\/es\/wp-json\/wp\/v2\/posts\/252457\/revisions"}],"wp:featuredmedia":[{"embeddable":true,"href":"https:\/\/www.europesays.com\/es\/wp-json\/wp\/v2\/media\/252458"}],"wp:attachment":[{"href":"https:\/\/www.europesays.com\/es\/wp-json\/wp\/v2\/media?parent=252457"}],"wp:term":[{"taxonomy":"category","embeddable":true,"href":"https:\/\/www.europesays.com\/es\/wp-json\/wp\/v2\/categories?post=252457"},{"taxonomy":"post_tag","embeddable":true,"href":"https:\/\/www.europesays.com\/es\/wp-json\/wp\/v2\/tags?post=252457"}],"curies":[{"name":"wp","href":"https:\/\/api.w.org\/{rel}","templated":true}]}}