{"id":252462,"date":"2025-11-24T03:14:21","date_gmt":"2025-11-24T03:14:21","guid":{"rendered":"https:\/\/www.europesays.com\/es\/252462\/"},"modified":"2025-11-24T03:14:21","modified_gmt":"2025-11-24T03:14:21","slug":"retira-agarrate-al-sillon-del-fin-de-semana-y-resetea-vaya-fama-para-impulsar-su-audiencia","status":"publish","type":"post","link":"https:\/\/www.europesays.com\/es\/252462\/","title":{"rendered":"retira &#8216;Ag\u00e1rrate al sill\u00f3n&#8217; del fin de semana y resetea &#8216;\u00a1Vaya fama!&#8217; para impulsar su audiencia"},"content":{"rendered":"\n<p> Nuevo terremoto en las tardes de <a href=\"https:\/\/www.elconfidencial.com\/television\/programas-tv\/2025-11-23\/bailando-con-las-estrellas-telecinco-finalistas-anabel-pantoja-belen-esteban_4252898\/\" target=\"_self\" rel=\"nofollow noopener\">Telecinco<\/a>, esta vez, en las de sus fines de semana. La parrilla de la cadena principal de Mediaset vivir\u00e1, de forma inminente, una nueva reestructuraci\u00f3n de sus contenidos, <strong>un mes despu\u00e9s de extender la emisi\u00f3n de <a href=\"https:\/\/www.elconfidencial.com\/television\/programas-tv\/2025-10-27\/agarrate-al-sillon-audiencias-fin-semana-telecinco_4236190\/\" target=\"_self\" rel=\"nofollow noopener\">Ag\u00e1rrate al sill\u00f3n<\/a> a los s\u00e1bados y domingos<\/strong> por el estreno de su nueva mec\u00e1nica. <\/p>\n<p> Tal y como publica en exclusiva <a href=\"https:\/\/www.instagram.com\/pocopasatv\/\" target=\"_blank\" rel=\"nofollow noopener\">Poco Pasa TV<\/a>, <strong>Telecinco retira desde el pr\u00f3ximo 29 de noviembre el concurso presentado por Eugeni Alemany<\/strong> de su programaci\u00f3n del fin de semana. En su lugar, Fiesta de Emma Garc\u00eda recupera la hora que perd\u00eda en favor del formato de preguntas y respuestas, volviendo a emitirse de 16:00 a 21:00 horas. <\/p>\n<p> Asimismo, los cambios del canal tambi\u00e9n se ver\u00e1n reflejados a mediod\u00eda. \u00a1Vaya fama! vivir\u00e1 su primera revoluci\u00f3n en Telecinco, desde su estreno el pasado mes de septiembre. Y es que a partir de la pr\u00f3xima semana, el formato de coraz\u00f3n presentado por Cristina Lasvignes y Fran Ram\u00edrez se reformula, <strong>prescindiendo de los colaboradores que comentan la actualidad de la cr\u00f3nica social<\/strong> desde plat\u00f3. <\/p>\n<p> Todo corresponder\u00eda, seg\u00fan el citado medio, <strong>a una estrategia para revitalizar las audiencias previas a las dos ediciones de <a href=\"https:\/\/www.elconfidencial.com\/television\/programas-tv\/2025-10-31\/angeles-blanco-isabel-jimenez-informativos-telecinco-despedida-etapa-franganillo_4239580\/\" target=\"_self\" rel=\"nofollow noopener\">Informativos Telecinco<\/a><\/strong> presentadas por Mar\u00eda Casado. Hasta el momento, Ag\u00e1rrate al sill\u00f3n se ha movido en cifras en torno al 9% y el 7% de share, las mismas que en su emisi\u00f3n entre semana. Por otro lado, \u00a1Vaya fama! (6,8% y 409.000 espectadores) no ha logrado despuntar frente a D Coraz\u00f3n (9,8% y 580.000 fieles) entre estos meses de septiembre, octubre y noviembre. <\/p>\n<blockquote class=\"twitter-tweet\">\n<p lang=\"es\" dir=\"ltr\">Nueva revoluci\u00f3n en el fin de semana de Telecinco desde el 29 de noviembre: Fulminan <a href=\"https:\/\/twitter.com\/hashtag\/Ag%C3%A1rratealsill%C3%B3n?src=hash&amp;ref_src=twsrc%5Etfw\" rel=\"nofollow noopener\" target=\"_blank\">#Ag\u00e1rratealsill\u00f3n<\/a>, ampl\u00edan <a href=\"https:\/\/twitter.com\/hashtag\/Fiesta?src=hash&amp;ref_src=twsrc%5Etfw\" rel=\"nofollow noopener\" target=\"_blank\">#Fiesta<\/a> y reformulan <a href=\"https:\/\/twitter.com\/hashtag\/VayaFama?src=hash&amp;ref_src=twsrc%5Etfw\" rel=\"nofollow noopener\" target=\"_blank\">#VayaFama<\/a>, que desde la semana que viene no tendr\u00e1 colaboradores en plat\u00f3.<\/p>\n<p>\ud83d\udcc8 Los cambios se aplicar\u00e1n con la idea de revitalizar las <a href=\"https:\/\/twitter.com\/hashtag\/audiencias?src=hash&amp;ref_src=twsrc%5Etfw\" rel=\"nofollow noopener\" target=\"_blank\">#audiencias<\/a>. <a href=\"https:\/\/t.co\/YAEwPhtd2U\" rel=\"nofollow\">pic.twitter.com\/YAEwPhtd2U<\/a><\/p>\n<p>\u2014 Poco Pasa TV (@Pocopasatv) <a href=\"https:\/\/twitter.com\/Pocopasatv\/status\/1992591487390130397?ref_src=twsrc%5Etfw\" rel=\"nofollow noopener\" target=\"_blank\">November 23, 2025<\/a><\/p><\/blockquote>\n<p> Una serie de cambios en los fines de semana que llega en uno de los <strong>momentos m\u00e1s cr\u00edticos de Telecinco en audiencias.<\/strong> Desde el pasado mes de julio, no ha dejado de encadenar m\u00ednimos hist\u00f3ricos de seguimiento en lineal, &#8216;en directo&#8217;, de su programaci\u00f3n en los siguientes meses. Actualmente, la cadena emite de domingo a mi\u00e9rcoles La isla de las tentaciones para intentar frenar su ca\u00edda, frente al fracaso de Gran Hermano 20. <\/p>\n<p> Nuevo terremoto en las tardes de <a href=\"https:\/\/www.elconfidencial.com\/television\/programas-tv\/2025-11-23\/bailando-con-las-estrellas-telecinco-finalistas-anabel-pantoja-belen-esteban_4252898\/\" target=\"_self\" rel=\"nofollow noopener\">Telecinco<\/a>, esta vez, en las de sus fines de semana. La parrilla de la cadena principal de Mediaset vivir\u00e1, de forma inminente, una nueva reestructuraci\u00f3n de sus contenidos, <strong>un mes despu\u00e9s de extender la emisi\u00f3n de <a href=\"https:\/\/www.elconfidencial.com\/television\/programas-tv\/2025-10-27\/agarrate-al-sillon-audiencias-fin-semana-telecinco_4236190\/\" target=\"_self\" rel=\"nofollow noopener\">Ag\u00e1rrate al sill\u00f3n<\/a> a los s\u00e1bados y domingos<\/strong> por el estreno de su nueva mec\u00e1nica. <\/p>\n<p>              <script async src=\"https:\/\/platform.twitter.com\/widgets.js\" charset=\"utf-8\"><\/script><script async src=\"\/\/www.instagram.com\/embed.js\"><\/script><\/p>\n","protected":false},"excerpt":{"rendered":"Nuevo terremoto en las tardes de Telecinco, esta vez, en las de sus fines de semana. La parrilla&hellip;\n","protected":false},"author":2,"featured_media":252463,"comment_status":"","ping_status":"","sticky":false,"template":"","format":"standard","meta":{"footnotes":""},"categories":[171],"tags":[146,147,25,24,23,214],"class_list":{"0":"post-252462","1":"post","2":"type-post","3":"status-publish","4":"format-standard","5":"has-post-thumbnail","7":"category-tv","8":"tag-entertainment","9":"tag-entretenimiento","10":"tag-es","11":"tag-espana","12":"tag-spain","13":"tag-tv"},"share_on_mastodon":{"url":"https:\/\/pubeurope.com\/@es\/115602500274436280","error":""},"_links":{"self":[{"href":"https:\/\/www.europesays.com\/es\/wp-json\/wp\/v2\/posts\/252462","targetHints":{"allow":["GET"]}}],"collection":[{"href":"https:\/\/www.europesays.com\/es\/wp-json\/wp\/v2\/posts"}],"about":[{"href":"https:\/\/www.europesays.com\/es\/wp-json\/wp\/v2\/types\/post"}],"author":[{"embeddable":true,"href":"https:\/\/www.europesays.com\/es\/wp-json\/wp\/v2\/users\/2"}],"replies":[{"embeddable":true,"href":"https:\/\/www.europesays.com\/es\/wp-json\/wp\/v2\/comments?post=252462"}],"version-history":[{"count":0,"href":"https:\/\/www.europesays.com\/es\/wp-json\/wp\/v2\/posts\/252462\/revisions"}],"wp:featuredmedia":[{"embeddable":true,"href":"https:\/\/www.europesays.com\/es\/wp-json\/wp\/v2\/media\/252463"}],"wp:attachment":[{"href":"https:\/\/www.europesays.com\/es\/wp-json\/wp\/v2\/media?parent=252462"}],"wp:term":[{"taxonomy":"category","embeddable":true,"href":"https:\/\/www.europesays.com\/es\/wp-json\/wp\/v2\/categories?post=252462"},{"taxonomy":"post_tag","embeddable":true,"href":"https:\/\/www.europesays.com\/es\/wp-json\/wp\/v2\/tags?post=252462"}],"curies":[{"name":"wp","href":"https:\/\/api.w.org\/{rel}","templated":true}]}}