{"id":252475,"date":"2025-11-24T03:21:18","date_gmt":"2025-11-24T03:21:18","guid":{"rendered":"https:\/\/www.europesays.com\/es\/252475\/"},"modified":"2025-11-24T03:21:18","modified_gmt":"2025-11-24T03:21:18","slug":"mercadona-ya-ha-lanzado-su-seccion-de-platos-preparados-para-no-cocinar-esta-navidad","status":"publish","type":"post","link":"https:\/\/www.europesays.com\/es\/252475\/","title":{"rendered":"Mercadona ya ha lanzado su secci\u00f3n de platos preparados para no cocinar esta Navidad"},"content":{"rendered":"<p>La <strong>Navidad<\/strong>\u00a0es, sin duda, la \u00e9poca del a\u00f1o m\u00e1s esperada por muchos, pero tambi\u00e9n puede ser la m\u00e1s <strong>estresante <\/strong>para los que ostentan el flamante t\u00edtulo de <strong><a data-external=\"0\" data-intl-links-es=\"https:\/\/www.consumidorglobal.com\/alimentacion\/puedes-cenar-esta-navidad-si-estas-dieta-no-quieres-romperla_12847_102.html\" data-intl-links-pt=\"https:\/\/www.consumidorglobal.com\/pt\/alimentos\/podes-cenar-este-natal-se-estas-dieta-nao-queres-romper_12847_102.html\" href=\"https:\/\/www.consumidorglobal.com\/alimentacion\/puedes-cenar-esta-navidad-si-estas-dieta-no-quieres-romperla_12847_102.html\" rel=\"follow nofollow noopener\" target=\"_self\" title=\"Qu\u00e9 puedes cenar esta Navidad si estas a dieta y no quieres romperla: el men\u00fa m\u00e1s bajo en calor\u00edas\">cocinillas de la familia<\/a><\/strong>. La planificaci\u00f3n de comidas y cenas para <strong><a data-external=\"0\" data-intl-links-es=\"https:\/\/www.consumidorglobal.com\/alimentacion\/chef-berasategui-consejos-menu-nochevieja-nochebuena-reducido-presupuesto_13052_102.html\" data-intl-links-pt=\"https:\/\/www.consumidorglobal.com\/pt\/alimentos\/chef-berasategui-seus-conselhos-menu-nochevieja-se-nochebuena-tem-reduzido-teu-orcamento_13052_102.html\" href=\"https:\/\/www.consumidorglobal.com\/alimentacion\/chef-berasategui-consejos-menu-nochevieja-nochebuena-reducido-presupuesto_13052_102.html\" rel=\"follow nofollow noopener\" target=\"_self\" title=\"El chef Berasategui y sus consejos de men\u00fa de Nochevieja si la Nochebuena ha reducido tu presupuesto\">Nochebuena<\/a><\/strong> y <strong>Nochevieja<\/strong> supone largas horas entre fogones, un esfuerzo que a veces eclipsa la magia de reunirse alrededor de la mesa. Para quienes quieren saborear estas fechas sin perder tiempo en la cocina, Mercadona ha preparado una soluci\u00f3n pr\u00e1ctica:<strong> su secci\u00f3n \u201cA punto para comer\u201d<\/strong>, que regresa este a\u00f1o con <strong><a data-external=\"0\" data-intl-links-es=\"https:\/\/www.consumidorglobal.com\/alimentacion\/tienes-probarlo-si-si-nueva-salsa-mercadona-con-conquistaras-tus-invitados_16902_102.html\" data-intl-links-pt=\"https:\/\/www.consumidorglobal.com\/pt\/alimentos\/tens-provar-sim-ou-sim-novo-molho-mercadona-com-conquistaras-teus-convidados_16902_102.html\" href=\"https:\/\/www.consumidorglobal.com\/alimentacion\/tienes-probarlo-si-si-nueva-salsa-mercadona-con-conquistaras-tus-invitados_16902_102.html\" rel=\"follow nofollow noopener\" target=\"_self\" title=\"Tienes que probarla s\u00ed o s\u00ed: la nueva salsa de Mercadona con la que conquistar\u00e1s a tus invitados\">un surtido de platos navide\u00f1os listos para servir<\/a><\/strong> y deliciosos al paladar.<\/p>\n<p><img decoding=\"async\" loading=\"lazy\" alt=\"VUELVEN LOS PLATOS NAVIDE\u00d1OS A LA SECCI\u00d3N \u2018A PUNTO PARA COMER\u2019 MERCADONA\/ CEDIDA\" data-id=\"586965\" data-resize=\"5\" height=\"347\" src=\"https:\/\/www.europesays.com\/es\/wp-content\/uploads\/2025\/11\/diseno-sin-titulo-2025-11-21t141858-668_5_550x347.webp.webp\" title=\"VUELVEN LOS PLATOS NAVIDE\u00d1OS A LA SECCI\u00d3N \u2018A PUNTO PARA COMER\u2019 MERCADONA\/ CEDIDA\" width=\"550\"\/>La Listo para comer de Mercadona \/ CEDIDA<\/p>\n<p>La propuesta de la cadena valenciana abarca desde <strong>entrantes hasta platos principales<\/strong>, combinando <strong>recetas cl\u00e1sicas<\/strong> con toques gourmet, todo pensado para que solo tengas que calentar y disfrutar, dedicando m\u00e1s tiempo a lo que realmente importa: compartir con familiares y amigos.<\/p>\n<p>Platos fr\u00edos que conquistan: canap\u00e9s y ensaladas de marisco<\/p>\n<p>Los entrantes de esta Navidad incluyen un <strong>surtido de canap\u00e9s premium<\/strong>, con siete variedades de cazoletas que combinan sabores tradicionales y originales:<strong> langostino con alioli,<\/strong> sobrasada con miel y pi\u00f1ones, <strong>crema de foie con manzana<\/strong> caramelizada, mejill\u00f3n en escabeche, queso de cabra con cebolla caramelizada,<strong> queso stilton con mango crujiente<\/strong> y crema de queso trufado con cecina.<\/p>\n<p><img decoding=\"async\" loading=\"lazy\" alt=\"Ensaladilla de marisco e hilo de huevo\/ MERCADONA\" data-id=\"586949\" data-resize=\"5\" height=\"347\" src=\"https:\/\/www.europesays.com\/es\/wp-content\/uploads\/2025\/11\/diseno-sin-titulo-2025-11-21t140530-317_5_550x347.webp.webp\" title=\"Ensaladilla de marisco e hilo de huevo\/ MERCADONA\" width=\"550\"\/>Ensaladilla de marisco e hilo de huevo \/ MERCADONA<\/p>\n<p>A estos canap\u00e9s se suman <strong><a data-external=\"0\" data-intl-links-es=\"https:\/\/www.consumidorglobal.com\/alimentacion\/dia-mundial-pan-estos-son-tres-desayunos-mas-saludables_16740_102.html\" data-intl-links-pt=\"https:\/\/www.consumidorglobal.com\/pt\/alimentos\/dia-mundial-do-pao-estes-sao-tres-cafes-da-manha-mais-saudaveis-enfrentar-no-dia-com-energia_16740_102.html\" href=\"https:\/\/www.consumidorglobal.com\/alimentacion\/dia-mundial-pan-estos-son-tres-desayunos-mas-saludables_16740_102.html\" rel=\"follow nofollow noopener\" target=\"_self\" title=\"D\u00eda Mundial del Pan: estos son los tres desayunos m\u00e1s saludables para afrontar el d\u00eda con energ\u00eda\">dos rollos de pan de molde<\/a><\/strong> rellenos de surimi con langostino y de salm\u00f3n ahumado con crema de queso blanco, perfectos para abrir el apetito sin complicaciones. Y, para quienes buscan un plato fr\u00edo m\u00e1s completo, la <strong>ensaladilla\u00a0de marisco<\/strong>, elaborada con <strong><a data-external=\"0\" data-intl-links-es=\"https:\/\/www.consumidorglobal.com\/hogar\/estrategia-confirmada-es-como-debes-hacer-mayonesa-segun-karlos-arguinano_13604_102.html\" data-intl-links-pt=\"https:\/\/www.consumidorglobal.com\/pt\/lar\/estrategia-confirmada-assim-e-como-deves-fazer-mayonesa-segundo-karlos-arguinano_13604_102.html\" href=\"https:\/\/www.consumidorglobal.com\/hogar\/estrategia-confirmada-es-como-debes-hacer-mayonesa-segun-karlos-arguinano_13604_102.html\" rel=\"follow nofollow noopener\" target=\"_self\" title=\"Estrategia confirmada: as\u00ed es como debes hacer la mayonesa seg\u00fan Karlos Argui\u00f1ano\">bocas de mar, merluza, langostinos, mayonesa e hilo de huevo<\/a><\/strong>, se presenta como un cl\u00e1sico que no puede faltar en estas fechas.<\/p>\n<p>Platos calientes: soluciones listas para la mesa<\/p>\n<p><img decoding=\"async\" loading=\"lazy\" alt=\"Idea de presentaci\u00f3n de los platos preparados de Navidad de Mecadona\/ CEDIDA\" data-id=\"586981\" data-resize=\"5\" height=\"347\" src=\"https:\/\/www.europesays.com\/es\/wp-content\/uploads\/2025\/11\/diseno-sin-titulo-2025-11-21t142038-648_5_550x347.webp.webp\" title=\"Idea de presentaci\u00f3n de los platos preparados de Navidad de Mecadona\/ CEDIDA\" width=\"550\"\/>Idea de presentaci\u00f3n de los platos preparados de Navidad de Mecadona \/ CEDIDA<\/p>\n<p>Para el primer y segundo plato, Mercadona ofrece alternativas calientes que conservan el sabor casero y la presentaci\u00f3n de un men\u00fa elaborado en casa. Entre las opciones destacan:<\/p>\n<ul>\n<li>&#13;\n<p><strong>Muslo de pollo relleno<\/strong>, con carne picada de pollo, ciruelas, foie, chalotas, bacon y trufa, acompa\u00f1ado de pur\u00e9 de patata trufado.<\/p>\n<p>&#13;\n\t<\/li>\n<p>&#13;<\/p>\n<li>&#13;\n<p><strong>Carrillera guisada<\/strong>, servida con patatas asadas y cebollitas confitadas.<\/p>\n<p>&#13;\n\t<\/li>\n<p>&#13;<\/p>\n<li>&#13;\n<p><strong>Paletilla de cordero lechal<\/strong>, con patatas al horno y cebollitas confitadas.<\/p>\n<p>&#13;\n\t<\/li>\n<p>&#13;<\/p>\n<li>&#13;\n<p><strong>Cuarto de cochinillo asado<\/strong>, igualmente acompa\u00f1ado de patatas al horno y cebollitas confitadas.<\/p>\n<p>&#13;\n\t<\/li>\n<p>&#13;\n<\/ul>\n<p>Con estas propuestas, Mercadona logra que incluso quienes no son aficionados a la cocina puedan ofrecer un men\u00fa completo, sabroso y tradicional, <strong>sin complicaciones ni estr\u00e9s<\/strong>.<\/p>\n<p>Fechas y pedidos: planifica tu Navidad con antelaci\u00f3n<\/p>\n<p>Para garantizar que los platos est\u00e9n disponibles para tus celebraciones, los encargos se podr\u00e1n realizar <strong>desde el lunes 24 de noviembre hasta los d\u00edas previos a Nochebuena y Nochevieja<\/strong>, en cualquier supermercado que cuente con la secci\u00f3n \u201cA punto para comer\u201d.<\/p>\n<p><img decoding=\"async\" loading=\"lazy\" alt=\"Una dependienta de la secci\u00f3n de 'Listos para comer' de Mercadona preparada para recibir los encargos de Navidad\/ CEDIDA\" data-id=\"586997\" data-resize=\"5\" height=\"347\" src=\"https:\/\/www.europesays.com\/es\/wp-content\/uploads\/2025\/11\/diseno-sin-titulo-2025-11-21t142231-250_5_550x347.webp.webp\" title=\"Una dependienta de la secci\u00f3n de 'Listos para comer' de Mercadona preparada para recibir los encargos de Navidad\/ CEDIDA\" width=\"550\"\/>Una dependienta de la secci\u00f3n de &#8216;Listo para comer&#8217; de Mercadona \/ CEDIDA<\/p>\n<p>Adem\u00e1s, los clientes podr\u00e1n <strong>recoger sus pedidos directamente en tienda<\/strong> o adquirir los platos en el mostrador los d\u00edas <strong>23, 24, 30 y 31 de diciembre<\/strong>, asegurando as\u00ed la frescura y disponibilidad de cada receta.<\/p>\n<p>Navidad sin estr\u00e9s: disfruta de la comida y la compa\u00f1\u00eda gracias a Mercadona<\/p>\n<p>Con estas opciones, Mercadona no solo ofrece productos listos para comer, sino que aporta una <strong>soluci\u00f3n integral para la organizaci\u00f3n navide\u00f1a<\/strong>, combinando tradici\u00f3n y comodidad. Los platos preparados permiten que todos, desde cocineros aficionados hasta quienes prefieren no ponerse el delantal, disfruten de comidas t\u00edpicas espa\u00f1olas sin perder la esencia de la Navidad.<\/p>\n<p>En definitiva, la secci\u00f3n \u201cA punto para comer\u201d se consolida como <strong>un aliado clave para estas fiestas<\/strong>, asegurando que los momentos alrededor de la mesa est\u00e9n llenos de sabor, pero sin que la preparaci\u00f3n sea un motivo de estr\u00e9s. La Navidad puede ser as\u00ed m\u00e1s <strong>relajada, deliciosa y accesible<\/strong> para todos.<\/p>\n","protected":false},"excerpt":{"rendered":"La Navidad\u00a0es, sin duda, la \u00e9poca del a\u00f1o m\u00e1s esperada por muchos, pero tambi\u00e9n puede ser la m\u00e1s&hellip;\n","protected":false},"author":2,"featured_media":252476,"comment_status":"","ping_status":"","sticky":false,"template":"","format":"standard","meta":{"footnotes":""},"categories":[80],"tags":[82,95,94,25,24,23],"class_list":{"0":"post-252475","1":"post","2":"type-post","3":"status-publish","4":"format-standard","5":"has-post-thumbnail","7":"category-economia","8":"tag-business","9":"tag-economia","10":"tag-economy","11":"tag-es","12":"tag-espana","13":"tag-spain"},"share_on_mastodon":{"url":"https:\/\/pubeurope.com\/@es\/115602528181526428","error":""},"_links":{"self":[{"href":"https:\/\/www.europesays.com\/es\/wp-json\/wp\/v2\/posts\/252475","targetHints":{"allow":["GET"]}}],"collection":[{"href":"https:\/\/www.europesays.com\/es\/wp-json\/wp\/v2\/posts"}],"about":[{"href":"https:\/\/www.europesays.com\/es\/wp-json\/wp\/v2\/types\/post"}],"author":[{"embeddable":true,"href":"https:\/\/www.europesays.com\/es\/wp-json\/wp\/v2\/users\/2"}],"replies":[{"embeddable":true,"href":"https:\/\/www.europesays.com\/es\/wp-json\/wp\/v2\/comments?post=252475"}],"version-history":[{"count":0,"href":"https:\/\/www.europesays.com\/es\/wp-json\/wp\/v2\/posts\/252475\/revisions"}],"wp:featuredmedia":[{"embeddable":true,"href":"https:\/\/www.europesays.com\/es\/wp-json\/wp\/v2\/media\/252476"}],"wp:attachment":[{"href":"https:\/\/www.europesays.com\/es\/wp-json\/wp\/v2\/media?parent=252475"}],"wp:term":[{"taxonomy":"category","embeddable":true,"href":"https:\/\/www.europesays.com\/es\/wp-json\/wp\/v2\/categories?post=252475"},{"taxonomy":"post_tag","embeddable":true,"href":"https:\/\/www.europesays.com\/es\/wp-json\/wp\/v2\/tags?post=252475"}],"curies":[{"name":"wp","href":"https:\/\/api.w.org\/{rel}","templated":true}]}}