{"id":252477,"date":"2025-11-24T03:22:10","date_gmt":"2025-11-24T03:22:10","guid":{"rendered":"https:\/\/www.europesays.com\/es\/252477\/"},"modified":"2025-11-24T03:22:10","modified_gmt":"2025-11-24T03:22:10","slug":"eslovenia-decide-en-referendum-sobre-el-suicidio-asistido-dw-23-11-2025","status":"publish","type":"post","link":"https:\/\/www.europesays.com\/es\/252477\/","title":{"rendered":"Eslovenia decide en refer\u00e9ndum sobre el suicidio asistido \u2013 DW \u2013 23\/11\/2025"},"content":{"rendered":"<p>Los eslovenos han comenzado a votar este domingo (23.11.2025) a las 07:00 CET a votar en referendo vinculante si entra en vigor o se anula la ley de suicidio asistido aprobada por el Parlamento el pasado julio pero cuya aplicaci\u00f3n qued\u00f3 en suspenso tras una campa\u00f1a de fuerzas conservadoras y de la Iglesia cat\u00f3lica.<\/p>\n<p>La consulta, convocada por el Parlamento de la <a class=\"internal-link\" href=\"https:\/\/www.dw.com\/es\/ex-rep\u00fablica-de-yugoslavia\/t-17410745\" rel=\"nofollow noopener\" target=\"_blank\">ex rep\u00fablica yugoslava<\/a>\u00a0el 17 de octubre, se produce despu\u00e9s de que una campa\u00f1a conservadora presentara m\u00e1s de 46.000 firmas, por encima de las 40.000 necesarias. La oposici\u00f3n a la ley, encabezada por sectores conservadores, la Iglesia cat\u00f3lica y el Partido Democr\u00e1tico Esloveno (SDS), sostiene que el texto vulnera la protecci\u00f3n de la vida recogida en la Constituci\u00f3n. La ley quedar\u00e1 derogada si se opone a ella una mayor\u00eda de los votantes, pero s\u00f3lo si la participaci\u00f3n supera el 20 %.<\/p>\n<p>Entre quienes la defienden est\u00e1 el primer ministro, el liberal Robert Golob, que al votar de forma anticipada record\u00f3 la \u00abagon\u00eda insoportable\u00bb de su padre por un c\u00e1ncer de p\u00e1ncreas, y pidi\u00f3 apoyar la norma para evitar que otros pasen por una situaci\u00f3n similar. \u00abCada uno de nosotros debe poder decidir por s\u00ed mismo c\u00f3mo y con qu\u00e9 dignidad terminar\u00e1 su vida\u00bb, declar\u00f3 el mi\u00e9rcoles durante su votaci\u00f3n anticipada en Liubliana.\u00a0 Las primeras estimaciones de voto se conocer\u00e1n tras el cierre de los colegios a las 19:00 CET mientras que los resultados oficiales se sabr\u00e1n varios d\u00edas despu\u00e9s.<\/p>\n<p>Ser\u00eda el primer pa\u00eds del Este de Europa en aprobar el suicidio asistido<\/p>\n<p>Varios pa\u00edses europeos, <a class=\"internal-link\" href=\"https:\/\/www.dw.com\/es\/eutanasia-y-turismo-suicida-a-debate-en-suiza\/a-15078039\" rel=\"nofollow noopener\" target=\"_blank\">como desde hace tiempo Suiza<\/a> y <a class=\"internal-link\" href=\"https:\/\/www.dw.com\/es\/austria-regula-el-suicidio-asistido-a-partir-del-a\u00f1o-que-viene-para-enfermos-terminales\/a-59604526\" rel=\"nofollow noopener\" target=\"_blank\">Austria, que lo regul\u00f3 en 2021<\/a>, ya permiten que las personas con enfermedades terminales reciban asistencia m\u00e9dica para terminar con sus vidas. La norma aprobada en julio en Eslovenia, pa\u00eds que <a class=\"internal-link\" href=\"https:\/\/www.dw.com\/es\/eslovenia-legaliza-el-matrimonio-entre-homosexuales\/a-62413389\" rel=\"nofollow noopener\" target=\"_blank\">aprob\u00f3 el matrimonio homosexual<\/a>, ser\u00eda\u00a0la primera de este tipo en un pa\u00eds de Europa del Este, establece que s\u00f3lo los adultos mentalmente capacitados y afectados por un sufrimiento insoportable por una enfermedad terminal o muy grave, y sin visos de mejora, podr\u00e1n solicitar la asistencia para morir. \u00a0<\/p>\n<p>En caso de ser aprobada su solicitud y pasados diversos controles m\u00e9dicos y psicol\u00f3gicos, el paciente debe ingerir o inyectarse por s\u00ed mismo la sustancia legal para acabar con su vida, y el personal sanitario -desde enfermeros y m\u00e9dicos hasta farmac\u00e9uticos- podr\u00e1 optar por no participar.<\/p>\n<p>El pasado junio se celebr\u00f3 un refer\u00e9ndum consultivo en el que el 55 % de los votantes apoy\u00f3 regular el suicidio asistido. Posteriormente, el Parlamento aprob\u00f3 en julio la ley con 50 votos a favor, 34 en contra y tres abstenciones. El Consejo Nacional, la c\u00e1mara alta, que funciona como un \u00f3rgano de control, aplic\u00f3 un veto suspensivo tras el que se comenz\u00f3 a recoger firmas para convocar el referendo consultivo. Las encuestas, no obstante, prev\u00e9n que el resultado del refer\u00e9ndum sea a favor de mantener la ley y, por tanto, el suicidio asistido.<\/p>\n<p>lgc (efe, afp)<\/p>\n<p><img data-format=\"MASTER_LANDSCAPE\" data-id=\"71931171\" data-url=\"https:\/\/static.dw.com\/image\/71931171_${formatId}.jpg\" data-aspect-ratio=\"16\/9\" alt=\"Las manos de un sanitario con guantes sostienen la de un enfermo en una imagen de archivo.\" style=\"padding-bottom: 56.25%; height: 0; max-height: 0;\"\/>Imagen: Ute Grabowsky\/imago images\/photothek<\/p>\n","protected":false},"excerpt":{"rendered":"Los eslovenos han comenzado a votar este domingo (23.11.2025) a las 07:00 CET a votar en referendo vinculante&hellip;\n","protected":false},"author":2,"featured_media":252478,"comment_status":"","ping_status":"","sticky":false,"template":"","format":"standard","meta":{"footnotes":""},"categories":[42],"tags":[17,18,13,14,11,61,62,63,64,19,20,9,10,15,16,12,21,22,65,66,67],"class_list":{"0":"post-252477","1":"post","2":"type-post","3":"status-publish","4":"format-standard","5":"has-post-thumbnail","7":"category-internacional","8":"tag-breaking-news","9":"tag-breakingnews","10":"tag-featured-news","11":"tag-featurednews","12":"tag-headlines","13":"tag-internacional","14":"tag-international","15":"tag-international-news","16":"tag-internationalnews","17":"tag-latest-news","18":"tag-latestnews","19":"tag-news","20":"tag-noticias","21":"tag-noticias-destacadas","22":"tag-noticiasdestacadas","23":"tag-titulares","24":"tag-ultimas-noticias","25":"tag-ultimasnoticias","26":"tag-world","27":"tag-world-news","28":"tag-worldnews"},"share_on_mastodon":{"url":"https:\/\/pubeurope.com\/@es\/115602531694665130","error":""},"_links":{"self":[{"href":"https:\/\/www.europesays.com\/es\/wp-json\/wp\/v2\/posts\/252477","targetHints":{"allow":["GET"]}}],"collection":[{"href":"https:\/\/www.europesays.com\/es\/wp-json\/wp\/v2\/posts"}],"about":[{"href":"https:\/\/www.europesays.com\/es\/wp-json\/wp\/v2\/types\/post"}],"author":[{"embeddable":true,"href":"https:\/\/www.europesays.com\/es\/wp-json\/wp\/v2\/users\/2"}],"replies":[{"embeddable":true,"href":"https:\/\/www.europesays.com\/es\/wp-json\/wp\/v2\/comments?post=252477"}],"version-history":[{"count":0,"href":"https:\/\/www.europesays.com\/es\/wp-json\/wp\/v2\/posts\/252477\/revisions"}],"wp:featuredmedia":[{"embeddable":true,"href":"https:\/\/www.europesays.com\/es\/wp-json\/wp\/v2\/media\/252478"}],"wp:attachment":[{"href":"https:\/\/www.europesays.com\/es\/wp-json\/wp\/v2\/media?parent=252477"}],"wp:term":[{"taxonomy":"category","embeddable":true,"href":"https:\/\/www.europesays.com\/es\/wp-json\/wp\/v2\/categories?post=252477"},{"taxonomy":"post_tag","embeddable":true,"href":"https:\/\/www.europesays.com\/es\/wp-json\/wp\/v2\/tags?post=252477"}],"curies":[{"name":"wp","href":"https:\/\/api.w.org\/{rel}","templated":true}]}}