{"id":252481,"date":"2025-11-24T03:24:34","date_gmt":"2025-11-24T03:24:34","guid":{"rendered":"https:\/\/www.europesays.com\/es\/252481\/"},"modified":"2025-11-24T03:24:34","modified_gmt":"2025-11-24T03:24:34","slug":"deuda-esperanza-y-un-mundo-fragmentado-cumbre-del-g20-de-johannesburgo","status":"publish","type":"post","link":"https:\/\/www.europesays.com\/es\/252481\/","title":{"rendered":"Deuda, esperanza y un mundo fragmentado: cumbre del G20 de Johannesburgo"},"content":{"rendered":"<p>Un G20 por primera vez en suelo africano con la prioridad de afrontar el peso abrumador de la deuda que lastra a numerosos pa\u00edses en v\u00edas de desarrollo.<\/p>\n<p><b>Roberto Carl\u00e9s*<\/b><\/p>\n<p>Con la apertura de la Cumbre de L\u00edderes este s\u00e1bado, llega a su fin la presidencia sudafricana del G20. Por primera vez, las reuniones del grupo se han celebrado en territorio africano. Bajo el lema \u00absolidaridad, igualdad y sostenibilidad\u00bb, el Gobierno sudafricano convoc\u00f3 a un panel de expertos presidido por el exministro de Finanzas Trevor Manuel para orientar diversas iniciativas. A escala global, destaca una prioridad: una campa\u00f1a destinada a afrontar el peso abrumador de la deuda que lastra a numerosos pa\u00edses en v\u00edas de desarrollo.<\/p>\n<p>Solo este a\u00f1o, los pa\u00edses africanos pagar\u00e1n alrededor de 89.000 millones de d\u00f3lares \u00fanicamente en el servicio de la deuda, y una veintena de pa\u00edses de bajos ingresos se encuentra ya en alto riesgo de sobreendeudamiento. M\u00e1s de la mitad de los 1.300 millones de habitantes del continente vive en pa\u00edses que destinan m\u00e1s recursos al pago de intereses que a la inversi\u00f3n social en sanidad, educaci\u00f3n e infraestructuras. Un nivel de endeudamiento as\u00ed es insostenible: erosiona los esfuerzos de estos Estados para reducir la pobreza y lograr un desarrollo sostenible.<\/p>\n<p><b>Un continente asfixiado por la deuda<\/b> <\/p>\n<p>Como explic\u00f3 a America Eric LeCompte, director ejecutivo de Jubilee USA Network \u2014una organizaci\u00f3n cat\u00f3lica comprometida con la justicia en materia de deuda\u2014, \u00abla mayor\u00eda de los pa\u00edses africanos destina entre la mitad y dos tercios de sus ingresos a pagar sus deudas, mientras el hambre sigue aumentando en el continente\u00bb. Debido a esta carga, advirti\u00f3, en el \u00c1frica subsahariana \u00abuno de cada cinco ni\u00f1os menores de cinco a\u00f1os morir\u00e1 este a\u00f1o por malnutrici\u00f3n y enfermedades prevenibles\u00bb.<\/p>\n<p>Por esta raz\u00f3n, la Comisi\u00f3n para el Jubileo, presidida por el premio Nobel Joseph Stiglitz, ha descrito la situaci\u00f3n actual como una \u00abcrisis de deuda y de desarrollo\u00bb. En respuesta, el Gobierno sudafricano ha abierto un espacio crucial para buscar soluciones mediante el di\u00e1logo y la cooperaci\u00f3n entre el sector p\u00fablico, los centros de pensamiento y el mundo empresarial.<\/p>\n<p>Sin embargo, las profundas divisiones dentro de la comunidad internacional y la ausencia de Estados Unidos \u2014que asumir\u00e1 la presidencia del G20 en 2026\u2014 dificultan alcanzar los acuerdos necesarios para abordar esta crisis, as\u00ed como los dos mayores desaf\u00edos que hoy encara la humanidad: la emergencia clim\u00e1tica y la emergencia de las desigualdades.<\/p>\n<p>Hace apenas unas horas, aqu\u00ed en Johannesburgo, se public\u00f3 la declaraci\u00f3n de la Cumbre de L\u00edderes. En relaci\u00f3n con la deuda, reconoce que los elevados niveles de endeudamiento y el incremento del coste de la financiaci\u00f3n afectan gravemente a numerosos pa\u00edses de ingresos bajos y medios \u2014especialmente en \u00c1frica\u2014, limitando su capacidad para invertir en desarrollo y reducir la pobreza y la desigualdad. Los l\u00edderes expresan preocupaci\u00f3n por el acusado aumento de los pagos de intereses en la \u00faltima d\u00e9cada.<\/p>\n<p><b>Los compromisos adquiridos por el G20<\/b> <\/p>\n<p>Reafirman su compromiso de ayudar a estos pa\u00edses a afrontar sus vulnerabilidades de deuda de manera integral, respaldando la Declaraci\u00f3n Ministerial de 2025 sobre sostenibilidad de la deuda. Se comprometen a reforzar la aplicaci\u00f3n del Marco Com\u00fan del G20, mejorar la transparencia de la deuda y apoyar la revisi\u00f3n del marco de sostenibilidad elaborado por el FMI y el Banco Mundial para los pa\u00edses de bajos ingresos.<\/p>\n<p>La declaraci\u00f3n reconoce tambi\u00e9n el potencial de las cl\u00e1usulas de deuda resilientes ante crisis, las operaciones de gesti\u00f3n de pasivos y los canjes de deuda por desarrollo o por acci\u00f3n clim\u00e1tica, con car\u00e1cter voluntario. Subraya la importancia del di\u00e1logo con todas las partes implicadas \u2014incluidos acreedores privados y pa\u00edses deudores\u2014 a trav\u00e9s de foros como la Global Sovereign Debt Roundtable. Finalmente, pide apoyar a los pa\u00edses con s\u00f3lidos programas de reforma cuya deuda siga siendo sostenible pero que afrontan graves tensiones de liquidez, y recalca la necesidad de mejorar la gesti\u00f3n de la deuda, la transparencia, la administraci\u00f3n financiera p\u00fablica y la movilizaci\u00f3n de recursos internos mediante un refuerzo de capacidades.<\/p>\n<p><b>La Iglesia ante el desaf\u00edo de la deuda global<\/b> <\/p>\n<p>En las \u00faltimas cuatro d\u00e9cadas, la Iglesia ha insistido en la necesidad de reformar el sistema internacional de deuda, comenzando por la campa\u00f1a del Jubileo del Milenio inspirada por Juan Pablo II, que en el a\u00f1o 2000 logr\u00f3 un hist\u00f3rico alivio de la deuda, en continuidad con el magisterio social expresado en Sollicitudo rei socialis (1987) y Centesimus annus (1991). Desde entonces, todos los papas han reclamado la condonaci\u00f3n o reestructuraci\u00f3n de la deuda como instrumento para reducir la pobreza.<\/p>\n<p>El pasado mes de junio, en la Pontificia Academia de Ciencias Sociales, la Comisi\u00f3n para el Jubileo present\u00f3 un detallado informe titulado A Blueprint for Tackling the Debt and Development Crises and Creating the Financial Foundations for a Sustainable People-Centered Global Economy. La Iglesia impuls\u00f3 adem\u00e1s la campa\u00f1a mundial \u00abTurn Debt into Hope\u00bb a trav\u00e9s de Caritas Internationalis.<\/p>\n<p><b>Hacia una nueva arquitectura financiera internacional<\/b> <\/p>\n<p>Recientemente, en su mensaje a la COP30, el Papa Le\u00f3n XIV, en continuidad con sus predecesores, pidi\u00f3 \u00abuna nueva arquitectura financiera internacional centrada en la persona humana, que garantice que todos los pa\u00edses \u2014especialmente los m\u00e1s pobres y los m\u00e1s vulnerables a los desastres clim\u00e1ticos\u2014 puedan desarrollar plenamente su potencial y ver respetada la dignidad de sus ciudadanos\u00bb, teniendo en cuenta tanto la deuda externa como la deuda ecol\u00f3gica.<\/p>\n<p>A pesar de los reveses y de la incertidumbre que han marcado la cumbre de este a\u00f1o, la declaraci\u00f3n de los l\u00edderes refleja una conciencia compartida no solo sobre la magnitud de los desaf\u00edos globales actuales, sino tambi\u00e9n sobre un amplio consenso emergente acerca de c\u00f3mo abordarlos. En los meses previos a la Cumbre, la Iglesia \u2014junto con otras organizaciones humanitarias y entidades dedicadas a la lucha contra la pobreza\u2014 ha desempe\u00f1ado un papel destacado en la construcci\u00f3n de este consenso. Es un ejercicio de esa \u00abcultura del encuentro\u00bb evocada tan a menudo por el papa Francisco, pese a las dificultades, los obst\u00e1culos y los poderosos intereses que se le oponen.<\/p>\n<p>La tarea no es sencilla. La gravedad de los problemas actuales exige esfuerzos de gran envergadura que solo los Estados m\u00e1s ricos pueden iniciar y sostener, en un momento en que el mundo, en cierto modo, ha perdido su centro: el multilateralismo se debilita, las rivalidades entre grandes potencias se intensifican y numerosos pa\u00edses se repliegan sobre s\u00ed mismos, reduciendo su capacidad de ofrecer respuestas colectivas a crisis que, parad\u00f3jicamente, requieren m\u00e1s cooperaci\u00f3n que nunca.<\/p>\n<p>Las grandes potencias deben entender que estos problemas no conocen fronteras \u2014como ocurre con el cambio clim\u00e1tico\u2014 o acaban, tarde o temprano, alcanzando tambi\u00e9n sus propios territorios. Y, incluso cuando no es as\u00ed, el coste financiero de garantizar atenci\u00f3n sanitaria, educaci\u00f3n, comedores escolares y agua potable a quienes carecen de ellos es modesto \u2014pr\u00e1cticamente insignificante\u2014 si se compara con el coste de la guerra.<\/p>\n<p><b>Una llamada a recuperar el sentido del Evangelio<\/b> <\/p>\n<p>En este contexto, la Iglesia \u2014dotada de una autoridad moral incomparable\u2014 explica por qu\u00e9 es realmente del inter\u00e9s de nuestras naciones ayudar a nuestros hermanos y hermanas en cualquier lugar del mundo. Ese es su mayor aporte a un mundo desgarrado, en los \u00faltimos compases del Jubileo de la Esperanza.<\/p>\n<p style=\"text-align: right;\">*Jubilee USA Network<\/p>\n","protected":false},"excerpt":{"rendered":"Un G20 por primera vez en suelo africano con la prioridad de afrontar el peso abrumador de la&hellip;\n","protected":false},"author":2,"featured_media":252482,"comment_status":"","ping_status":"","sticky":false,"template":"","format":"standard","meta":{"footnotes":""},"categories":[5],"tags":[5404,17,18,95,25,24,13,14,11,19,20,9,10,15,16,8375,14100,23,12,21,22],"class_list":{"0":"post-252481","1":"post","2":"type-post","3":"status-publish","4":"format-standard","5":"has-post-thumbnail","7":"category-titulares","8":"tag-africa","9":"tag-breaking-news","10":"tag-breakingnews","11":"tag-economia","12":"tag-es","13":"tag-espana","14":"tag-featured-news","15":"tag-featurednews","16":"tag-headlines","17":"tag-latest-news","18":"tag-latestnews","19":"tag-news","20":"tag-noticias","21":"tag-noticias-destacadas","22":"tag-noticiasdestacadas","23":"tag-pobreza","24":"tag-solidaridad","25":"tag-spain","26":"tag-titulares","27":"tag-ultimas-noticias","28":"tag-ultimasnoticias"},"share_on_mastodon":{"url":"https:\/\/pubeurope.com\/@es\/115602539364943689","error":""},"_links":{"self":[{"href":"https:\/\/www.europesays.com\/es\/wp-json\/wp\/v2\/posts\/252481","targetHints":{"allow":["GET"]}}],"collection":[{"href":"https:\/\/www.europesays.com\/es\/wp-json\/wp\/v2\/posts"}],"about":[{"href":"https:\/\/www.europesays.com\/es\/wp-json\/wp\/v2\/types\/post"}],"author":[{"embeddable":true,"href":"https:\/\/www.europesays.com\/es\/wp-json\/wp\/v2\/users\/2"}],"replies":[{"embeddable":true,"href":"https:\/\/www.europesays.com\/es\/wp-json\/wp\/v2\/comments?post=252481"}],"version-history":[{"count":0,"href":"https:\/\/www.europesays.com\/es\/wp-json\/wp\/v2\/posts\/252481\/revisions"}],"wp:featuredmedia":[{"embeddable":true,"href":"https:\/\/www.europesays.com\/es\/wp-json\/wp\/v2\/media\/252482"}],"wp:attachment":[{"href":"https:\/\/www.europesays.com\/es\/wp-json\/wp\/v2\/media?parent=252481"}],"wp:term":[{"taxonomy":"category","embeddable":true,"href":"https:\/\/www.europesays.com\/es\/wp-json\/wp\/v2\/categories?post=252481"},{"taxonomy":"post_tag","embeddable":true,"href":"https:\/\/www.europesays.com\/es\/wp-json\/wp\/v2\/tags?post=252481"}],"curies":[{"name":"wp","href":"https:\/\/api.w.org\/{rel}","templated":true}]}}