{"id":252489,"date":"2025-11-24T03:38:23","date_gmt":"2025-11-24T03:38:23","guid":{"rendered":"https:\/\/www.europesays.com\/es\/252489\/"},"modified":"2025-11-24T03:38:23","modified_gmt":"2025-11-24T03:38:23","slug":"la-clasica-trilogia-de-la-emperatriz-sissi-gratis-en-rtve-play","status":"publish","type":"post","link":"https:\/\/www.europesays.com\/es\/252489\/","title":{"rendered":"La cl\u00e1sica trilog\u00eda de la emperatriz Sissi, gratis en RTVE Play"},"content":{"rendered":"<p>En RTVE Play te proponemos un plan hist\u00f3rico y cin\u00e9filo idea: <strong>una tarde completa<\/strong> a uno de los grandes cl\u00e1sicos del cine europeo:<strong> la trilog\u00eda de <\/strong><strong>Sissi<\/strong><strong>, protagonizada por Romy Schneider<\/strong>. Las tres pel\u00edculas, Sissi (1955), Sissi, Emperatriz (1956) y El destino de Sissi (1957), forman parte de un <strong>ciclo especial<\/strong> de la primera cadena que sirve de precalentamiento para el esperado <strong>estreno de <\/strong><strong>Ena<\/strong><strong>,<\/strong> la nueva serie hist\u00f3rica centrada en la vida de la reina Victoria Eugenia de Battenberg.<\/p>\n<p>Tanto <strong>Sissi como Victoria Eugenia fueron figuras clave en la Europa mon\u00e1rquica<\/strong> de finales del siglo XIX y comienzos del XX. Dos mujeres que cuya vida ha despertado un inter\u00e9s renovado en la ficci\u00f3n televisiva. Con la emisi\u00f3n de las tres pel\u00edculas, La 1 apela a la audiencia con el esp\u00edritu rom\u00e1ntico, dram\u00e1tico y visual que caracteriza a las historias reales llevadas a la pantalla.<\/p>\n<p>Un marat\u00f3n para redescubrir un cl\u00e1sico<\/p>\n<p>La tarde especial comienza con <strong>Sissi<\/strong><strong> (1955),<\/strong> el filme que introdujo al mundo la imagen idealizada de Isabel de Baviera, una joven espont\u00e1nea y rebelde que conquista el coraz\u00f3n del emperador Francisco Jos\u00e9. Los decorados majestuosos y la inolvidable interpretaci\u00f3n de Romy Schneider la convirtieron en una pel\u00edcula emblem\u00e1tica que a\u00fan hoy conserva su encanto.<\/p>\n<p>A continuaci\u00f3n, es el turno de <strong>Sissi, Emperatriz<\/strong><strong> (1956)<\/strong>, donde la protagonista debe enfrentarse al protocolo asfixiante de la corte vienesa. Este segundo t\u00edtulo profundiza en los conflictos familiares, especialmente la tensa relaci\u00f3n entre Sissi y la archiduquesa Sof\u00eda, y muestra c\u00f3mo la joven intenta mantener su identidad frente a las estrictas normas imperiales.<\/p>\n<p>El marat\u00f3n culmina con <strong>El destino de Sissi<\/strong><strong> (1957)<\/strong>, una entrega m\u00e1s madura que introduce elementos dram\u00e1ticos como la enfermedad de la emperatriz y la creciente inestabilidad pol\u00edtica del Imperio austroh\u00fangaro. <\/p>\n<p>Romy Schneider: la eterna Sissi<\/p>\n<p>Uno de los elementos m\u00e1s recordados de la trilog\u00eda es la <strong>interpretaci\u00f3n de Romy Schneider,<\/strong> cuyo rostro qued\u00f3 para siempre asociado al de la emperatriz. Su trabajo en la trilog\u00eda marc\u00f3 un antes y un despu\u00e9s en el cine europeo. Schneider aport\u00f3 frescura y carisma a un personaje que, seg\u00fan su propia familia, era mucho m\u00e1s complejo de lo que muestran las pel\u00edculas.<\/p>\n<p>Sissi y Ena: dos mujeres reales, dos mitos populares<\/p>\n<p>La emisi\u00f3n de la trilog\u00eda sirve como <strong>aperitivo para <\/strong><strong>Ena<\/strong><strong>,<\/strong> la superproducci\u00f3n hist\u00f3rica que se estrena este lunes 24 de noviembre y que promete ofrecer una mirada m\u00e1s contempor\u00e1nea y rigurosa a la <strong>vida de Victoria Eugenia<\/strong>, la reina consorte de Alfonso XIII. Su historia, marcada por tensiones pol\u00edticas, tragedias familiares, conflictos diplom\u00e1ticos y el complicado escenario de la monarqu\u00eda espa\u00f1ola a comienzos del siglo XX, es casi desconocida para nosotros, y tambi\u00e9n ha sido menos explorada en la ficci\u00f3n audiovisual en comparaci\u00f3n con la omnipresente figura de Sissi.<\/p>\n<p>Sin embargo, <strong>ambas mujeres comparten elementos que las han convertido en figuras de fascinaci\u00f3n popular<\/strong>: matrimonios condicionados por la pol\u00edtica, tensiones con sus respectivas cortes, presiones sociales y una vida privada eclipsada por la responsabilidad del trono. \u00a1No te pierdas la vida de estas dos reinas en RTVE Play!<\/p>\n","protected":false},"excerpt":{"rendered":"En RTVE Play te proponemos un plan hist\u00f3rico y cin\u00e9filo idea: una tarde completa a uno de los&hellip;\n","protected":false},"author":2,"featured_media":252490,"comment_status":"","ping_status":"","sticky":false,"template":"","format":"standard","meta":{"footnotes":""},"categories":[171],"tags":[146,147,25,24,23,214],"class_list":{"0":"post-252489","1":"post","2":"type-post","3":"status-publish","4":"format-standard","5":"has-post-thumbnail","7":"category-tv","8":"tag-entertainment","9":"tag-entretenimiento","10":"tag-es","11":"tag-espana","12":"tag-spain","13":"tag-tv"},"share_on_mastodon":{"url":"https:\/\/pubeurope.com\/@es\/115602594589579604","error":""},"_links":{"self":[{"href":"https:\/\/www.europesays.com\/es\/wp-json\/wp\/v2\/posts\/252489","targetHints":{"allow":["GET"]}}],"collection":[{"href":"https:\/\/www.europesays.com\/es\/wp-json\/wp\/v2\/posts"}],"about":[{"href":"https:\/\/www.europesays.com\/es\/wp-json\/wp\/v2\/types\/post"}],"author":[{"embeddable":true,"href":"https:\/\/www.europesays.com\/es\/wp-json\/wp\/v2\/users\/2"}],"replies":[{"embeddable":true,"href":"https:\/\/www.europesays.com\/es\/wp-json\/wp\/v2\/comments?post=252489"}],"version-history":[{"count":0,"href":"https:\/\/www.europesays.com\/es\/wp-json\/wp\/v2\/posts\/252489\/revisions"}],"wp:featuredmedia":[{"embeddable":true,"href":"https:\/\/www.europesays.com\/es\/wp-json\/wp\/v2\/media\/252490"}],"wp:attachment":[{"href":"https:\/\/www.europesays.com\/es\/wp-json\/wp\/v2\/media?parent=252489"}],"wp:term":[{"taxonomy":"category","embeddable":true,"href":"https:\/\/www.europesays.com\/es\/wp-json\/wp\/v2\/categories?post=252489"},{"taxonomy":"post_tag","embeddable":true,"href":"https:\/\/www.europesays.com\/es\/wp-json\/wp\/v2\/tags?post=252489"}],"curies":[{"name":"wp","href":"https:\/\/api.w.org\/{rel}","templated":true}]}}