{"id":252493,"date":"2025-11-24T03:40:11","date_gmt":"2025-11-24T03:40:11","guid":{"rendered":"https:\/\/www.europesays.com\/es\/252493\/"},"modified":"2025-11-24T03:40:11","modified_gmt":"2025-11-24T03:40:11","slug":"esta-pelicula-se-gansters-fue-completamente-subestimada-pero-es-una-de-las-mejores-del-siglo","status":"publish","type":"post","link":"https:\/\/www.europesays.com\/es\/252493\/","title":{"rendered":"Esta pel\u00edcula se g\u00e1nsters fue completamente subestimada, pero es una de las mejores del siglo"},"content":{"rendered":"<p><strong>A24<\/strong> parece encontrar cada vez m\u00e1s formas de contar historias independientes dentro de distintos g\u00e9neros. Si bien el estudio es m\u00e1s conocido por su cine de terror, tambi\u00e9n ha construido una colecci\u00f3n notable de relatos criminales. Aunque no suele asociarse con pel\u00edculas de g\u00e1nsteres, tiene un par de t\u00edtulos independientes que no reciben el reconocimiento que merecen.<\/p>\n<p> El caso m\u00e1s evidente es el de las pel\u00edculas de los hermanos Safdie, pero el verdadero tesoro oculto del estudio sigue siendo una joya subestimada de 2014. <a href=\"https:\/\/www.filmaffinity.com\/es\/film822202.html\" target=\"_blank\" rel=\"nofollow noopener\">El a\u00f1o m\u00e1s violento<\/a> (A Most Violent Year), un drama ambientado en los a\u00f1os 80 sobre trabajadores de clase media y su cruce con organizaciones criminales, fue uno de los m\u00e1s audaces. <\/p>\n<p>Con interpretaciones electrizantes de<strong> <a href=\"https:\/\/www.quever.news\/temas\/oscar-isaac-1659.html\/2\" class=\"agrupador\" rel=\"follow nofollow noopener\" target=\"_blank\">Oscar Isaac<\/a><\/strong> y <strong><a href=\"https:\/\/www.quever.news\/temas\/jessica-chastain-1365.html\/3\" class=\"agrupador\" rel=\"follow nofollow noopener\" target=\"_blank\">Jessica Chastain<\/a><\/strong>, la <strong><a href=\"https:\/\/www.quever.news\/temas\/peliculas-649.html\" class=\"agrupador\" rel=\"follow nofollow noopener\" target=\"_blank\"> pel\u00edcula<\/a><\/strong> ofrece un retrato brutal de los horrores de la criminalidad, convirti\u00e9ndola en uno de los mejores filmes de g\u00e1nsteres del siglo XXI.<\/p>\n<p>\t\t \u00bfDe qu\u00e9 se trata El a\u00f1o m\u00e1s violento?  <\/p>\n<p> El a\u00f1o m\u00e1s violento    <\/p>\n<p>  <img loading=\"lazy\" decoding=\"async\" src=\"https:\/\/www.quever.news\/css-custom\/374\/lazy.svg\" data-td-src-property=\"https:\/\/media.quever.news\/p\/342a36f6922fb925fca6dc983ae8b3e5\/adjuntos\/374\/imagenes\/001\/845\/0001845161\/760x0\/smart\/el-ano-mas-violento.webp\" alt=\"Oscar Isaac y Jessica Chastain en El a\u00f1o m\u00e1s violento.\" title=\"Oscar Isaac y Jessica Chastain en El a\u00f1o m\u00e1s violento.\" width=\"760\" height=\"456\" id=\"1851401-Libre-611964660_embed\"\/>    <\/p>\n<p>Oscar Isaac y Jessica Chastain en El a\u00f1o m\u00e1s violento.<\/p>\n<p>A24<\/p>\n<p>La trama sigue a Abel Morales, due\u00f1o de una empresa de combustible que se ve envuelto en un conflicto criminal cuando sus camiones comienzan a ser secuestrados mientras la ley investiga sus operaciones. El coraz\u00f3n de la <strong>pel\u00edcula<\/strong>, sin embargo, es la relaci\u00f3n entre Abel y su esposa Anna (Chastain), hija de un jefe mafioso local y mucho m\u00e1s astuta de lo que aparenta.<\/p>\n<p> Lo que se despliega es un tenso choque moral entre dos visiones del mundo: Abel, empe\u00f1ado en dirigir su negocio con honestidad en un Nueva York de los 80 dominado por la corrupci\u00f3n; y Anna, acostumbrada a otro tipo de soluciones, que presiona a su marido para responder con la misma violencia que recibe.<\/p>\n<p>El filme se convierte as\u00ed en una exploraci\u00f3n brillante de la moralidad, donde la tensi\u00f3n marital convive con el amor y el respeto, y donde ambos actores llevan sus interpretaciones al l\u00edmite. Representan dos caras de una misma moneda: la lucha entre lo correcto y lo conveniente, entre los valores personales y el entorno que intenta moldearlos. <\/p>\n<p>Aunque se aleja del clich\u00e9 cl\u00e1sico del g\u00e9nero, este drama criminal demuestra que a veces las mejores pel\u00edculas de g\u00e1nsteres son aquellas centradas en personajes complejos m\u00e1s que en tiroteos.<\/p>\n<p>La est\u00e9tica del filme tambi\u00e9n evoca el esp\u00edritu del cine criminal de finales de los a\u00f1os 70 y principios de los 90. Hay gui\u00f1os claros al g\u00e9nero. Chandor articula su visi\u00f3n junto a un equipo s\u00f3lido: la fotograf\u00eda de Bradford Young, el inquietante score de Alex Ebert y un reparto secundario que incluye a Elyes Gabel, Lorna Pruce, Christopher Abbott, Albert Brooks, Jerry Adler y David Oyelowo.<\/p>\n<p>Definitivamente, El a\u00f1o m\u00e1s violento merece un lugar junto a los mejores t\u00edtulos criminales de nuestra \u00e9poca.<\/p>\n","protected":false},"excerpt":{"rendered":"A24 parece encontrar cada vez m\u00e1s formas de contar historias independientes dentro de distintos g\u00e9neros. Si bien el&hellip;\n","protected":false},"author":2,"featured_media":252494,"comment_status":"","ping_status":"","sticky":false,"template":"","format":"standard","meta":{"footnotes":""},"categories":[169],"tags":[177,146,147,25,24,176,175,23],"class_list":{"0":"post-252493","1":"post","2":"type-post","3":"status-publish","4":"format-standard","5":"has-post-thumbnail","7":"category-cine","8":"tag-cine","9":"tag-entertainment","10":"tag-entretenimiento","11":"tag-es","12":"tag-espana","13":"tag-film","14":"tag-movies","15":"tag-spain"},"share_on_mastodon":{"url":"https:\/\/pubeurope.com\/@es\/115602602447360458","error":""},"_links":{"self":[{"href":"https:\/\/www.europesays.com\/es\/wp-json\/wp\/v2\/posts\/252493","targetHints":{"allow":["GET"]}}],"collection":[{"href":"https:\/\/www.europesays.com\/es\/wp-json\/wp\/v2\/posts"}],"about":[{"href":"https:\/\/www.europesays.com\/es\/wp-json\/wp\/v2\/types\/post"}],"author":[{"embeddable":true,"href":"https:\/\/www.europesays.com\/es\/wp-json\/wp\/v2\/users\/2"}],"replies":[{"embeddable":true,"href":"https:\/\/www.europesays.com\/es\/wp-json\/wp\/v2\/comments?post=252493"}],"version-history":[{"count":0,"href":"https:\/\/www.europesays.com\/es\/wp-json\/wp\/v2\/posts\/252493\/revisions"}],"wp:featuredmedia":[{"embeddable":true,"href":"https:\/\/www.europesays.com\/es\/wp-json\/wp\/v2\/media\/252494"}],"wp:attachment":[{"href":"https:\/\/www.europesays.com\/es\/wp-json\/wp\/v2\/media?parent=252493"}],"wp:term":[{"taxonomy":"category","embeddable":true,"href":"https:\/\/www.europesays.com\/es\/wp-json\/wp\/v2\/categories?post=252493"},{"taxonomy":"post_tag","embeddable":true,"href":"https:\/\/www.europesays.com\/es\/wp-json\/wp\/v2\/tags?post=252493"}],"curies":[{"name":"wp","href":"https:\/\/api.w.org\/{rel}","templated":true}]}}