{"id":252495,"date":"2025-11-24T03:41:10","date_gmt":"2025-11-24T03:41:10","guid":{"rendered":"https:\/\/www.europesays.com\/es\/252495\/"},"modified":"2025-11-24T03:41:10","modified_gmt":"2025-11-24T03:41:10","slug":"el-gesto-de-repudio-de-estudiantes-durante-el-pasillo-por-el-titulo-de-campeon-de-liga-entregado-a-central","status":"publish","type":"post","link":"https:\/\/www.europesays.com\/es\/252495\/","title":{"rendered":"El gesto de repudio de Estudiantes durante el pasillo por el t\u00edtulo de campe\u00f3n de Liga entregado a Central"},"content":{"rendered":"<p class=\"paragraph\">El tradicional gesto de <b>reconocimiento deportivo<\/b> se ha convertido en el epicentro de una controversia en la Liga Profesional de F\u00fatbol, luego de que la <b>Asociaci\u00f3n del F\u00fatbol Argentino (AFA)<\/b> y la Liga Profesional le solicitaran a <b>Estudiantes<\/b> que realizara el pasillo a <b>Rosario Central<\/b> en el <a rel=\"noopener noreferrer nofollow\" href=\"https:\/\/www.infobae.com\/deportes\/2025\/11\/23\/rosario-central-enfrenta-a-estudiantes-por-los-octavos-de-final-del-torneo-clausura-hora-tv-y-formaciones\/\" target=\"_blank\" title=\"https:\/\/www.infobae.com\/deportes\/2025\/11\/23\/rosario-central-enfrenta-a-estudiantes-por-los-octavos-de-final-del-torneo-clausura-hora-tv-y-formaciones\/\">partido correspondiente a los octavos de final del Torneo Clausura<\/a>, luego de que el Canalla fuera declarado como <b>campe\u00f3n de liga<\/b> por haber sido el equipo que m\u00e1s puntos sum\u00f3 en el a\u00f1o. <\/p>\n<p class=\"paragraph\">La reacci\u00f3n de Estudiantes no se hizo esperar. El club, presidido por <b>Juan Sebasti\u00e1n Ver\u00f3n<\/b>, manifest\u00f3 p\u00fablicamente su desacuerdo con la designaci\u00f3n de Central como campe\u00f3n, argumentando que no existi\u00f3 una votaci\u00f3n formal para reconocer ese t\u00edtulo. A trav\u00e9s de sus redes sociales, el equipo rojiblanco expres\u00f3: <b>\u201cNo se realiz\u00f3 ninguna votaci\u00f3n respecto del reconocimiento del t\u00edtulo de Campe\u00f3n de Liga 2025\u201d. <\/b><\/p>\n<p class=\"paragraph\">Esta declaraci\u00f3n contradijo de manera directa la versi\u00f3n oficial de la LPF, que horas antes hab\u00eda asegurado que la decisi\u00f3n de incorporar el nuevo t\u00edtulo y reconocer a Rosario Central como campe\u00f3n anual hab\u00eda sido \u201caprobada por unanimidad\u201d en el Comit\u00e9 Ejecutivo. Incluso, consta en las actas. En la reuni\u00f3n, el conjunto platense estuvo representado por su vice, <b>Pascual Caiella<\/b>. <\/p>\n<p class=\"paragraph\">Finalmente, pese a las controversias generadas, <b>Estudiantes realiz\u00f3 el pol\u00e9mico pasillo, pero de una manera que promete dar la vuelta al mundo, porque todos los futbolistas se dieron la vuelta para darles la espalda a sus colegas del <\/b><b>Canalla<\/b>. Esa fue la manera elegida para protestar, y fue motorizada por el propio <b>Ver\u00f3n<\/b>.<\/p>\n<p class=\"paragraph\">El cronista de campo de juego en la transmisi\u00f3n, <b>Federico Bueno<\/b>, enfocado en la informaci\u00f3n del Pincha, afirm\u00f3 que Estudiantes <b>\u201cliber\u00f3 a sus jugadores\u201d<\/b> a nivel institucional, pero el m\u00e1ximo dirigente se reuni\u00f3 con una parte del plantel: \u201c<b>Tuvo una charla con los referentes y les dio su opini\u00f3n. Les sugiri\u00f3 un pasillo de espaldas y brazos cruzados<\/b>\u201d. Se le inform\u00f3 a la organizaci\u00f3n que se cumplir\u00eda con la disposici\u00f3n emitida en la previa al compromiso, pero no se precis\u00f3 de qu\u00e9 manera se har\u00eda, seg\u00fan explic\u00f3 Bueno en la transmisi\u00f3n oficial de ESPN Premium.<\/p>\n<p><img alt=\"Una imagen que dar\u00e1 la\" class=\"global-image\" decoding=\"async\" fetchpriority=\"low\" height=\"597\" loading=\"lazy\" src=\"https:\/\/www.europesays.com\/es\/wp-content\/uploads\/2025\/11\/3GVFMCZQGBGN3BSHXGXJCCMISE.jpg\" width=\"1060\"\/>Una imagen que dar\u00e1 la vuelta al mundo: los jugadores de Estudiantes le dan la espalda a \u00c1ngel Di Mar\u00eda en el pasilo de campe\u00f3n<\/p>\n<p class=\"paragraph\">La hinchada de Rosario Central respondi\u00f3 el accionar de Estudiantes desde las tribunas con un claro c\u00e1ntico contra Juan Sebasti\u00e1n Ver\u00f3n. <b>\u201cEl que no salta, es un ingl\u00e9s\u201d<\/b>, se escuch\u00f3 desde los cuatro costados del Gigante de Arroyito.<\/p>\n<p class=\"paragraph\">Cabe destacar que la pol\u00e9mica por la consagraci\u00f3n del Canalla se intensific\u00f3 tras la difusi\u00f3n de un comunicado de la Liga Profesional de F\u00fatbol, en el que se establec\u00eda: <b>\u201cTal como se viene realizando en las competencias organizadas por la LPF. En la salida de los equipos, se realizar\u00e1 un pasillo entre jugadores visitantes y ni\u00f1os escolta correspondientes, para recibir al recientemente designado \u2018Campe\u00f3n de Liga 2025\u2019\u201d<\/b>.<\/p>\n<p class=\"paragraph\">La decisi\u00f3n de realizar el pasillo del campe\u00f3n para los jugadores de Central fue adoptada a pesar de que ni el Reglamento de la Liga Profesional, ni el Reglamento General de la AFA, ni el Reglamento del Campeonato contemplan este acto como un deber disciplinario, ceremonial o administrativo. Hist\u00f3ricamente, el pasillo ha sido una pr\u00e1ctica protocolar voluntaria, aplicada seg\u00fan el criterio y la relaci\u00f3n entre las instituciones involucradas.<\/p>\n<p class=\"paragraph\">La consagraci\u00f3n del Canalla como campe\u00f3n de la Liga Profesional se fundamenta en su posici\u00f3n de privilegio al finalizar primero en la tabla anual, lo que le permiti\u00f3 sumar una nueva estrella a su historial. La AFA determin\u00f3 que, a partir de ahora, este reconocimiento se otorgar\u00e1 a todos los equipos que culminen en esa posici\u00f3n dentro del acumulado de la Primera Divisi\u00f3n. La pol\u00e9mica se ciment\u00f3 en que la determinaci\u00f3n se dio con la competencia en marcha, y sin que fuera puntualizada en el reglamento. <\/p>\n<p class=\"paragraph\">La alegr\u00eda en el entorno de Arroyito fue palpable, especialmente para figuras como <b>\u00c1ngel Di Mar\u00eda<\/b>, quien celebr\u00f3 el logro en sus redes sociales con el mensaje: <b>\u201cLa gloria no tiene precio. Campe\u00f3n de liga 2025. Vamos Central\u201d<\/b>.<\/p>\n","protected":false},"excerpt":{"rendered":"El tradicional gesto de reconocimiento deportivo se ha convertido en el epicentro de una controversia en la Liga&hellip;\n","protected":false},"author":2,"featured_media":252496,"comment_status":"","ping_status":"","sticky":false,"template":"","format":"standard","meta":{"footnotes":""},"categories":[93],"tags":[168,25,24,23,167],"class_list":{"0":"post-252495","1":"post","2":"type-post","3":"status-publish","4":"format-standard","5":"has-post-thumbnail","7":"category-deportes","8":"tag-deportes","9":"tag-es","10":"tag-espana","11":"tag-spain","12":"tag-sports"},"share_on_mastodon":{"url":"https:\/\/pubeurope.com\/@es\/115602606294687027","error":""},"_links":{"self":[{"href":"https:\/\/www.europesays.com\/es\/wp-json\/wp\/v2\/posts\/252495","targetHints":{"allow":["GET"]}}],"collection":[{"href":"https:\/\/www.europesays.com\/es\/wp-json\/wp\/v2\/posts"}],"about":[{"href":"https:\/\/www.europesays.com\/es\/wp-json\/wp\/v2\/types\/post"}],"author":[{"embeddable":true,"href":"https:\/\/www.europesays.com\/es\/wp-json\/wp\/v2\/users\/2"}],"replies":[{"embeddable":true,"href":"https:\/\/www.europesays.com\/es\/wp-json\/wp\/v2\/comments?post=252495"}],"version-history":[{"count":0,"href":"https:\/\/www.europesays.com\/es\/wp-json\/wp\/v2\/posts\/252495\/revisions"}],"wp:featuredmedia":[{"embeddable":true,"href":"https:\/\/www.europesays.com\/es\/wp-json\/wp\/v2\/media\/252496"}],"wp:attachment":[{"href":"https:\/\/www.europesays.com\/es\/wp-json\/wp\/v2\/media?parent=252495"}],"wp:term":[{"taxonomy":"category","embeddable":true,"href":"https:\/\/www.europesays.com\/es\/wp-json\/wp\/v2\/categories?post=252495"},{"taxonomy":"post_tag","embeddable":true,"href":"https:\/\/www.europesays.com\/es\/wp-json\/wp\/v2\/tags?post=252495"}],"curies":[{"name":"wp","href":"https:\/\/api.w.org\/{rel}","templated":true}]}}