{"id":252505,"date":"2025-11-24T03:47:16","date_gmt":"2025-11-24T03:47:16","guid":{"rendered":"https:\/\/www.europesays.com\/es\/252505\/"},"modified":"2025-11-24T03:47:16","modified_gmt":"2025-11-24T03:47:16","slug":"sumar-propone-una-renta-basica-universal-para-los-jovenes-de-550-euros-al-mes-entre-los-18-y-21-anos-expansion","status":"publish","type":"post","link":"https:\/\/www.europesays.com\/es\/252505\/","title":{"rendered":"Sumar propone una renta b\u00e1sica universal para los j\u00f3venes de 550 euros al mes entre los 18 y 21 a\u00f1os &#8211; Expansi\u00f3n"},"content":{"rendered":"<ol>\n<li><a href=\"https:\/\/news.google.com\/rss\/articles\/CBMijAFBVV95cUxQMEFEenJSd2d5TldSU1pmUHR5SGtDbmhIRE9jWGJMazRMMnpneGhYYXRzdXh3dlp3NG5kUUJRUXRPNlNGRE1jNVJrRWxQR1FkYU9DdERyczNkbE5lVUllQ2ktSDE1LVN1NDQzUHNoNEV1b2w5WjZYdHQwOVY1QzFrcjV5Tk43NVQ5NERzMNIBjAFBVV95cUxOQUppeXFaUmh2bXVfdW9HRnZVMDJ0ZFVSWlpRbzVYUFdTUmpyNU01eTA0clZmUWxfc2tVNGxJazFKSW1VX0RqNFJqbURLRlNCbzJXOUIyRDByTjBYbkpmZm8xbEZOeWQyMDN4VTFZLU96bXhPQm1BcjNHb3N4Y2haQldGMkMzT1NQWU5TZw?oc=5\" target=\"_blank\" rel=\"nofollow noopener\">Sumar propone una renta b\u00e1sica universal para los j\u00f3venes de 550 euros al mes entre los 18 y 21 a\u00f1os<\/a>&nbsp;&nbsp;Expansi\u00f3n<\/li>\n<li><a href=\"https:\/\/news.google.com\/rss\/articles\/CBMi2AFBVV95cUxOc2ZfcThzWkl3WWN2Z0JjcUtBUkZKVlpfX29pbEp4d1JFOTBBanhrVUp5Wk1KbzI0Sk45c01TZFBkZzg3OEItQzVZUDZIMUlteGxYMnZ1UURUQi1hRTBsZWtDZUhYbjBtaHdUZ1VPejg3UDFjTmtmRkItZHVqaVV3MFFQbmtwNTdBWWcwWjd4OEpZclJRZXlTMzZNM09uNDYwZVc5dG1yajZ2VW9zMWJxTFk3YU1EQ0xlYlpRdjh1RWVKUERUdW9HR0dtenoxWks3dUswUm9KRkY?oc=5\" target=\"_blank\" rel=\"nofollow noopener\">Movimiento Sumar apuesta por avanzar hacia una alianza de partidos \u201cestable\u201d m\u00e1s all\u00e1 de lo electoral<\/a>&nbsp;&nbsp;EL PA\u00cdS<\/li>\n<li><a href=\"https:\/\/news.google.com\/rss\/articles\/CBMiekFVX3lxTE1IemswUldFaW44Mm5NRXpFbkVyd1lXU1lNTFh2LXJZQm9TdHhVS2cxYlpHc0lrd0xxZEdNalQtVS1TODFnbXZHTjc4VkhNbWRGUWJMclJPNGVrTVBZa1dBS3YyRndfOGhySTlkXzBiX3F4eU5UVGgxRF9B0gF6QVVfeXFMUHdSdnpwM2RkNnpxWE5ja3pFVUdjNl9hT2R2MnBkWk93X1VfZFZaZ0pMZ1BYelc0ZTJRWXNWUi1fQTdsaTBXRHphRDl0Q0MtSTFkdlh5QWwyaVJEeURBWEtyN3oxTDBzcVRtY3FVaHdGcEhmT01MOEVOeHc?oc=5\" target=\"_blank\" rel=\"nofollow noopener\">El plan de Yolanda D\u00edaz para reinventar la unidad de la izquierda: una alianza \u00abestable\u00bb y \u00abpermanente\u00bb que se presente a generales, auton\u00f3micas y municipales<\/a>&nbsp;&nbsp;El Mundo<\/li>\n<li><a href=\"https:\/\/news.google.com\/rss\/articles\/CBMi1AFBVV95cUxQdGNSdENfWDY1Zm5oNEFzcnR5Nk85RmR6RkZoNXpaeWQ5bDhXbjEyUXl6b2tobUoyYmFwdVVkbzFsVE9pODQxVkxscjlHWkUtYi13WUJ2SDNBa1B6d0dVR0V2d3dlMzFtNmJ3cnJ3VXVFeGN4WjB6b1ZLbkJxQjdzM0o1WkhMd3RtbEN1dUk1WUVfb0hHQjdPemh3SFZlbWRFOVlibzZEZy15TXdwMEZJSEtqaHpNUnhWMUZvam1KTUZfbG56bnlDM3FJR0g0S1dsRTBNQtIB2gFBVV95cUxOV09EbHJuMngtNDR4blBhbUVmZXJRQzBlakY2ZDY3SW1nWnhZVTR2UGh0M0RxMC1ZaE5SLUtrZWtyZU52TEhkMEpySmd3WjJrWUt6TUd5WXNRY2U2TENNbDJhczN0dUtDQXZCY0V6VDZjTVFCYkJPcEhBQjBxQlRmR1RaN01JQS1TLVdiRnUyQUticGlUcUdab2RxOTU2UUxyWG9FM3dfYnctellkWWF3RWNDTjVJTVlyTk9xRXBLWWFFajh3d0hoYmdmTDc0Vm5meThTQVFMZGpMQQ?oc=5\" target=\"_blank\" rel=\"nofollow noopener\">Movimiento Sumar llama a construir candidaturas comunes para evitar la \u00abcompetencia electoral\u00bb en la izquierda<\/a>&nbsp;&nbsp;Diario P\u00fablico<\/li>\n<li><a href=\"https:\/\/news.google.com\/rss\/articles\/CBMiygFBVV95cUxQOUhrSDhfWENlYWxSY3VsTDNSWE9oOTJjYUU0SlpuWWNIdzJwNWN4X193N3RfSnctODdhNjNpSzNQTmJtS2R0Zkg2ZnJmcER5VUhEblA5WXpPVXdCUnJSY2h6OGNIMEVDV0gwWW1VVFU4VkM0bXpWV0lpQmMwT2s1ejFtODRnaHZXVnNOSTZDZnFxZWkwU2JCUFhPSnFBRDNwcUpKQkZLejZHdkNUS3M3MnBncE5jT2M4U3NBR1ZMeUR2d1NhUEJwaTBR?oc=5\" target=\"_blank\" rel=\"nofollow noopener\">Sumar aprueba basar en la \u00abdemocracia interna\u00bb, la \u00abcohesi\u00f3n\u00bb y el \u00ablargo plazo\u00bb sus coaliciones para el ciclo electoral<\/a>&nbsp;&nbsp;elDiario.es<\/li>\n<\/ol>\n","protected":false},"excerpt":{"rendered":"Sumar propone una renta b\u00e1sica universal para los j\u00f3venes de 550 euros al mes entre los 18 y&hellip;\n","protected":false},"author":2,"featured_media":252506,"comment_status":"","ping_status":"","sticky":false,"template":"","format":"standard","meta":{"footnotes":""},"categories":[8],"tags":[17,18,57759,25,24,13,14,11,19,20,9,10,15,16,23,12,21,22],"class_list":{"0":"post-252505","1":"post","2":"type-post","3":"status-publish","4":"format-standard","5":"has-post-thumbnail","7":"category-espana","8":"tag-breaking-news","9":"tag-breakingnews","10":"tag-economia-politica","11":"tag-es","12":"tag-espana","13":"tag-featured-news","14":"tag-featurednews","15":"tag-headlines","16":"tag-latest-news","17":"tag-latestnews","18":"tag-news","19":"tag-noticias","20":"tag-noticias-destacadas","21":"tag-noticiasdestacadas","22":"tag-spain","23":"tag-titulares","24":"tag-ultimas-noticias","25":"tag-ultimasnoticias"},"share_on_mastodon":{"url":"https:\/\/pubeurope.com\/@es\/115602629853296905","error":""},"_links":{"self":[{"href":"https:\/\/www.europesays.com\/es\/wp-json\/wp\/v2\/posts\/252505","targetHints":{"allow":["GET"]}}],"collection":[{"href":"https:\/\/www.europesays.com\/es\/wp-json\/wp\/v2\/posts"}],"about":[{"href":"https:\/\/www.europesays.com\/es\/wp-json\/wp\/v2\/types\/post"}],"author":[{"embeddable":true,"href":"https:\/\/www.europesays.com\/es\/wp-json\/wp\/v2\/users\/2"}],"replies":[{"embeddable":true,"href":"https:\/\/www.europesays.com\/es\/wp-json\/wp\/v2\/comments?post=252505"}],"version-history":[{"count":0,"href":"https:\/\/www.europesays.com\/es\/wp-json\/wp\/v2\/posts\/252505\/revisions"}],"wp:featuredmedia":[{"embeddable":true,"href":"https:\/\/www.europesays.com\/es\/wp-json\/wp\/v2\/media\/252506"}],"wp:attachment":[{"href":"https:\/\/www.europesays.com\/es\/wp-json\/wp\/v2\/media?parent=252505"}],"wp:term":[{"taxonomy":"category","embeddable":true,"href":"https:\/\/www.europesays.com\/es\/wp-json\/wp\/v2\/categories?post=252505"},{"taxonomy":"post_tag","embeddable":true,"href":"https:\/\/www.europesays.com\/es\/wp-json\/wp\/v2\/tags?post=252505"}],"curies":[{"name":"wp","href":"https:\/\/api.w.org\/{rel}","templated":true}]}}