{"id":252509,"date":"2025-11-24T03:56:10","date_gmt":"2025-11-24T03:56:10","guid":{"rendered":"https:\/\/www.europesays.com\/es\/252509\/"},"modified":"2025-11-24T03:56:10","modified_gmt":"2025-11-24T03:56:10","slug":"el-anystar-ilumina-el-sombrio-panorama-del-baloncesto-onubense","status":"publish","type":"post","link":"https:\/\/www.europesays.com\/es\/252509\/","title":{"rendered":"El Anystar ilumina el sombr\u00edo panorama del baloncesto onubense"},"content":{"rendered":"<p>El <strong>baloncesto onubense<\/strong> pasa por una de sus <strong>etapas m\u00e1s oscuras.<\/strong> Sin capacidad ni intenci\u00f3n de recuperar los viejos buenos tiempos, el deporte espect\u00e1culo <strong>languidece en la capital<\/strong> entre paseadores de perros, dirigentes conformistas, pol\u00edticos desinteresados y aficionados ap\u00e1ticos.\u00a0<\/p>\n<p>Pero en medio de tan sombr\u00edo panorama,<strong> luce una luz para la esperanza<\/strong>. Es el<strong> Anystar<\/strong>, el equipo que lleva la victoria y el \u00e9xito en sus genes y que<strong> re\u00fane a los \u00faltimos supervivientes de la \u00e9poca dorada<\/strong> de nuestro &#8216;basket&#8217;. Y no es una casualidad, m\u00e1s bien es causalidad.<\/p>\n<p><img loading=\"lazy\" decoding=\"async\" width=\"1920\" height=\"1440\" alt=\"Manolo Gonz\u00e1lez 'Largo' anota un tiro libre ante los italianos del Venezia.\" src=\"https:\/\/www.europesays.com\/es\/wp-content\/uploads\/2025\/11\/2025112321453034274.jpg\" class=\"lazyload\" \/><br \/>\nManolo Gonz\u00e1lez &#8216;Largo&#8217; anota un tiro libre ante los italianos del Venezia.<\/p>\n<p>Un proyecto que lograr reunir a<strong> Antonio G\u00f3mez, Javi Montaner, Gonzalo \u00c1vila, &#8216;Pichi&#8217; Hidalgo, Germ\u00e1n Rodr\u00edguez, Mara, Antonio Rodr\u00edguez, David Moreno\u00a0y Javi Castilla<\/strong>, por mencionar s\u00f3lo a los m\u00e1s conocidos, y que cuenta con la simpat\u00eda de<strong> Ray Smith<\/strong>,<strong> Fran C\u00e1rdenas<\/strong>,<strong> Israel M\u00e1rquez o Pedro Vadillo<\/strong>, s\u00f3lo puede ser un proyecto ganador.<\/p>\n<p>Su m\u00e1s reciente triunfo ha sido <strong>la conquista hoy\u00a0del MAMBAsket<\/strong>, un prestigioso y exitoso torneo internacional para veteranos que se celebra en Murcia -ya va por nueve ediciones-, y que congrega\u00a0a <strong>jugadores de todas las condiciones y todas las partes del mundo<\/strong>, incluidos <strong>ex-profesionales de la Liga ACB<\/strong>.<\/p>\n<p><img loading=\"lazy\" decoding=\"async\" width=\"1920\" height=\"1440\" alt=\"El Anystar ha hecho un pleno de triunfos en Murcia.\" src=\"https:\/\/www.europesays.com\/es\/wp-content\/uploads\/2025\/11\/2025112321455342970.jpg\" class=\"lazyload\" \/><br \/>\nEl Anystar ha hecho un pleno de triunfos en Murcia.<\/p>\n<p>En ese ecosistema de m\u00e1xima exigencia, el Anystar ha vuelto a hacer lo que mejor sabe: ganar, ganar, ganar y volver a ganar. Tras doblegar en la fase de grupos al<strong> Venezia (47-25)<\/strong>, al <strong>Tarragona (31-24)<\/strong> y al <strong>London (48-34)<\/strong>, los onubenses se deshicieron en semifinales del <strong>Melilla (57-37)<\/strong>, para vencer y convencer en la final frente al <strong>Granada (55-30)<\/strong>.<\/p>\n<p>Que <strong>ning\u00fan club de Huelva<\/strong>, con la notable <strong>excepci\u00f3n del Onuba<\/strong>,<strong>\u00a0cuente con estos &#8216;dioses del baloncesto onubense&#8217;<\/strong>, a a\u00f1adir leyendas como Perico Zalvide, Antonio M\u00e1rquez o Antonio Mor\u00f3n, o\u00a0que incluso alg\u00fan club\u00a0los haya\u00a0vetados, <strong>explica mejor que nada porqu\u00e9 nuestro &#8216;basket&#8217; vive entre las sombras<\/strong>.<\/p>\n<p><strong>-LOS CAMPEONES DEL MAMBASKET<\/strong><\/p>\n<ul>\n<li>V\u00edctor P\u00e9rez<\/li>\n<li>Manuel Gonz\u00e1lez &#8216;Largo&#8217;<\/li>\n<li>Antonio\u00a0G\u00f3mez<\/li>\n<li>&#8216;Mara&#8217; Gonz\u00e1lez<\/li>\n<li>Javi Naveira<\/li>\n<li>Manolo Olivares<\/li>\n<li>Javi Montaner<\/li>\n<li>Josu\u00e9 P\u00e9rez<\/li>\n<li>David Moreno<\/li>\n<li>Germ\u00e1n Rodr\u00edguez<\/li>\n<li>Javi Castilla<\/li>\n<li>Sergio Gonz\u00e1lez<\/li>\n<li>Edu Salas<\/li>\n<li>&#8216;Pichi&#8217; Hidalgo<\/li>\n<li>Gonzalo \u00c1vila<\/li>\n<\/ul>\n","protected":false},"excerpt":{"rendered":"El baloncesto onubense pasa por una de sus etapas m\u00e1s oscuras. Sin capacidad ni intenci\u00f3n de recuperar los&hellip;\n","protected":false},"author":2,"featured_media":252510,"comment_status":"","ping_status":"","sticky":false,"template":"","format":"standard","meta":{"footnotes":""},"categories":[269],"tags":[63840,299,298,168,25,24,23,167],"class_list":{"0":"post-252509","1":"post","2":"type-post","3":"status-publish","4":"format-standard","5":"has-post-thumbnail","7":"category-baloncesto","8":"tag-anystar","9":"tag-baloncesto","10":"tag-basketball","11":"tag-deportes","12":"tag-es","13":"tag-espana","14":"tag-spain","15":"tag-sports"},"share_on_mastodon":{"url":"https:\/\/pubeurope.com\/@es\/115602665910300381","error":""},"_links":{"self":[{"href":"https:\/\/www.europesays.com\/es\/wp-json\/wp\/v2\/posts\/252509","targetHints":{"allow":["GET"]}}],"collection":[{"href":"https:\/\/www.europesays.com\/es\/wp-json\/wp\/v2\/posts"}],"about":[{"href":"https:\/\/www.europesays.com\/es\/wp-json\/wp\/v2\/types\/post"}],"author":[{"embeddable":true,"href":"https:\/\/www.europesays.com\/es\/wp-json\/wp\/v2\/users\/2"}],"replies":[{"embeddable":true,"href":"https:\/\/www.europesays.com\/es\/wp-json\/wp\/v2\/comments?post=252509"}],"version-history":[{"count":0,"href":"https:\/\/www.europesays.com\/es\/wp-json\/wp\/v2\/posts\/252509\/revisions"}],"wp:featuredmedia":[{"embeddable":true,"href":"https:\/\/www.europesays.com\/es\/wp-json\/wp\/v2\/media\/252510"}],"wp:attachment":[{"href":"https:\/\/www.europesays.com\/es\/wp-json\/wp\/v2\/media?parent=252509"}],"wp:term":[{"taxonomy":"category","embeddable":true,"href":"https:\/\/www.europesays.com\/es\/wp-json\/wp\/v2\/categories?post=252509"},{"taxonomy":"post_tag","embeddable":true,"href":"https:\/\/www.europesays.com\/es\/wp-json\/wp\/v2\/tags?post=252509"}],"curies":[{"name":"wp","href":"https:\/\/api.w.org\/{rel}","templated":true}]}}