{"id":252538,"date":"2025-11-24T04:16:09","date_gmt":"2025-11-24T04:16:09","guid":{"rendered":"https:\/\/www.europesays.com\/es\/252538\/"},"modified":"2025-11-24T04:16:09","modified_gmt":"2025-11-24T04:16:09","slug":"por-que-alcaraz-y-sinner-no-juegan-la-final-de-la-copa-davis-2025-entre-espana-e-italia","status":"publish","type":"post","link":"https:\/\/www.europesays.com\/es\/252538\/","title":{"rendered":"Por qu\u00e9 Alcaraz y Sinner no juegan la final de la Copa Davis 2025 entre Espa\u00f1a e Italia"},"content":{"rendered":"<p style=\"\">Espa\u00f1a e Italia se ven las caras en Bolonia en la final de la Copa Davis 2025. Espa\u00f1a venci\u00f3 en semifinales 2-1 a Alemania, mientras que Italia se impuso 2-0 a B\u00e9lgica sin demasiados apuros. El elenco de David Ferrer buscar\u00e1 la s\u00e9ptima  &#8230; corona de la historia, mientras que del otro lado, los de Filippo Volandri, van a por su tercer trofeo consecutivo y el cuarto en su palmar\u00e9s.<\/p>\n<p class=\"voc-p\" style=\"\">La final\u00edsima no cuenta con los dos mejores tenistas del planeta: Carlos Alcaraz (en primer lugar del ranking mundial) y Jannik Sinner (segundo mejor del mundo) no est\u00e1n representando a Espa\u00f1a y Italia, respectivamente.<\/p>\n<p class=\"voc-p\" style=\"\">Ambos jugadores, n\u00famero uno y dos del ranking mundial respectivamente, han quedado fuera por diferentes motivos f\u00edsicos y estrat\u00e9gicos.<\/p>\n<p class=\"voc-p\" style=\"\"><strong>Carlos Alcaraz<\/strong>, quien iba a formar parte del equipo espa\u00f1ol dirigido por David Ferrer, no podr\u00e1 jugar <strong>debido a un edema en el isquiotibial de la pierna derecha<\/strong>, lesi\u00f3n diagnosticada tras la final del Torneo de Maestros ante Sinner. Por recomendaci\u00f3n m\u00e9dica, tendr\u00e1 que evitar competir para recuperarse. <\/p>\n<p class=\"voc-p\" style=\"\">Por su parte, <strong>Jannik Sinner<\/strong> decidi\u00f3 no participar para priorizar su descanso y preparaci\u00f3n con miras a la temporada 2026 y el Abierto de Australia, tras un a\u00f1o exigente que incluy\u00f3 retiros por calambres en torneos previos.<\/p>\n<p class=\"voc-p\" style=\"\">En cuanto al historial, <strong>Italia y Espa\u00f1a se han enfrentado en varias ocasiones en la Copa Davis<\/strong>. Italia tiene una ligera ventaja con siete series ganadas contra seis de Espa\u00f1a, aunque la Roja no pierde contra Italia desde 1997 y ha ganado las \u00faltimas tres series consecutivas. <\/p>\n<ul class=\"oc-d-c-list__list\">\n<li class=\"voc-d-c-list__item\">\n<p class=\"voc-d-c-list__paragraph\">Matteo Berrettini <\/p>\n<\/li>\n<li class=\"voc-d-c-list__item\">\n<p class=\"voc-d-c-list__paragraph\">Flavio Cobolli<\/p>\n<\/li>\n<li class=\"voc-d-c-list__item\">\n<p class=\"voc-d-c-list__paragraph\">Andrea Vavassori <\/p>\n<\/li>\n<li class=\"voc-d-c-list__item\">\n<p class=\"voc-d-c-list__paragraph\">Simone Bolelli <\/p>\n<\/li>\n<\/ul>\n<ul class=\"oc-d-c-list__list\">\n<li class=\"voc-d-c-list__item\">\n<p class=\"voc-d-c-list__paragraph\">Jaume Munar<\/p>\n<\/li>\n<li class=\"voc-d-c-list__item\">\n<p class=\"voc-d-c-list__paragraph\">Pablo Carre\u00f1o<\/p>\n<\/li>\n<li class=\"voc-d-c-list__item\">\n<p class=\"voc-d-c-list__paragraph\">Pedro Mart\u00ednez<\/p>\n<\/li>\n<li class=\"voc-d-c-list__item\">\n<p class=\"voc-d-c-list__paragraph\">Marcel Granollers<\/p>\n<\/li>\n<\/ul>\n<p class=\"voc-p\" style=\"\">En t\u00edtulos, Espa\u00f1a ha ganado la Copa Davis seis veces (2000, 2004, 2008, 2009, 2011 y 2019) y busca su s\u00e9ptima, mientras que Italia tiene tres t\u00edtulos, dos de ellos consecutivos en 2023 y 2024 y un tercero hist\u00f3rico anterior.<\/p>\n","protected":false},"excerpt":{"rendered":"Espa\u00f1a e Italia se ven las caras en Bolonia en la final de la Copa Davis 2025. Espa\u00f1a&hellip;\n","protected":false},"author":2,"featured_media":252539,"comment_status":"","ping_status":"","sticky":false,"template":"","format":"standard","meta":{"footnotes":""},"categories":[274],"tags":[45,4736,2493,2494,168,25,24,1058,628,24751,4466,23,167,327,326],"class_list":{"0":"post-252538","1":"post","2":"type-post","3":"status-publish","4":"format-standard","5":"has-post-thumbnail","7":"category-tenis","8":"tag-45","9":"tag-alcaraz","10":"tag-copa","11":"tag-davis","12":"tag-deportes","13":"tag-es","14":"tag-espana","15":"tag-final","16":"tag-italia","17":"tag-juegan","18":"tag-sinner","19":"tag-spain","20":"tag-sports","21":"tag-tenis","22":"tag-tennis"},"share_on_mastodon":{"url":"https:\/\/pubeurope.com\/@es\/115602743820513942","error":""},"_links":{"self":[{"href":"https:\/\/www.europesays.com\/es\/wp-json\/wp\/v2\/posts\/252538","targetHints":{"allow":["GET"]}}],"collection":[{"href":"https:\/\/www.europesays.com\/es\/wp-json\/wp\/v2\/posts"}],"about":[{"href":"https:\/\/www.europesays.com\/es\/wp-json\/wp\/v2\/types\/post"}],"author":[{"embeddable":true,"href":"https:\/\/www.europesays.com\/es\/wp-json\/wp\/v2\/users\/2"}],"replies":[{"embeddable":true,"href":"https:\/\/www.europesays.com\/es\/wp-json\/wp\/v2\/comments?post=252538"}],"version-history":[{"count":0,"href":"https:\/\/www.europesays.com\/es\/wp-json\/wp\/v2\/posts\/252538\/revisions"}],"wp:featuredmedia":[{"embeddable":true,"href":"https:\/\/www.europesays.com\/es\/wp-json\/wp\/v2\/media\/252539"}],"wp:attachment":[{"href":"https:\/\/www.europesays.com\/es\/wp-json\/wp\/v2\/media?parent=252538"}],"wp:term":[{"taxonomy":"category","embeddable":true,"href":"https:\/\/www.europesays.com\/es\/wp-json\/wp\/v2\/categories?post=252538"},{"taxonomy":"post_tag","embeddable":true,"href":"https:\/\/www.europesays.com\/es\/wp-json\/wp\/v2\/tags?post=252538"}],"curies":[{"name":"wp","href":"https:\/\/api.w.org\/{rel}","templated":true}]}}