{"id":252551,"date":"2025-11-24T04:27:16","date_gmt":"2025-11-24T04:27:16","guid":{"rendered":"https:\/\/www.europesays.com\/es\/252551\/"},"modified":"2025-11-24T04:27:16","modified_gmt":"2025-11-24T04:27:16","slug":"caotico-el-contundente-analisis-de-flavio-briatore-sobre-la-actuacion-de-colapinto-y-gasly-en-el-gp-de-las-vegas","status":"publish","type":"post","link":"https:\/\/www.europesays.com\/es\/252551\/","title":{"rendered":"\u201cCa\u00f3tico\u201d: el contundente an\u00e1lisis de Flavio Briatore sobre la actuaci\u00f3n de Colapinto y Gasly en el GP de Las Vegas"},"content":{"rendered":"<p><img alt=\"Briatore fue el gestor del\" class=\"global-image\" decoding=\"async\" fetchpriority=\"high\" height=\"403\" loading=\"eager\" src=\"https:\/\/www.europesays.com\/es\/wp-content\/uploads\/2025\/11\/IGD6JAAZQVC55GKQR7EP6UCJHQ.jpeg\" width=\"717\"\/>Briatore fue el gestor del desembarco del argentino en Alpine<\/p>\n<p class=\"paragraph\">El an\u00e1lisis de <b>Flavio Briatore<\/b> tras el <b>Gran Premio de Las Vegas<\/b> expuso la frustraci\u00f3n y el desencanto en el equipo <b>Alpine<\/b>, luego de que tanto <b>Franco Colapinto<\/b> como <b>Pierre Gasly<\/b> quedaran fuera de la zona de puntos debido a un inicio de carrera accidentado que provoc\u00f3 da\u00f1os en sus monoplazas. El asesor ejecutivo de la escuder\u00eda calific\u00f3 el arranque como \u201cca\u00f3tico\u201d y remarc\u00f3 que ninguno de los pilotos tuvo responsabilidad en los hechos que condicionaron su desempe\u00f1o.<\/p>\n<p class=\"paragraph\">Briatore explic\u00f3 que ambos autos sufrieron da\u00f1os importantes en la parte trasera como consecuencia de los incidentes en la largada. \u201cHoy, nuestros dos pilotos quedaron atrapados en un arranque ca\u00f3tico sin tener responsabilidad alguna, y eso deriv\u00f3 en da\u00f1os importantes en la parte trasera de ambos autos\u201d, se\u00f1al\u00f3 el directivo, quien lament\u00f3 el impacto que esto tuvo en la estrategia y el resultado final de la carrera.<\/p>\n<p class=\"paragraph\">El asesor de Alpine fue enf\u00e1tico al referirse a las consecuencias t\u00e9cnicas de estos da\u00f1os. Seg\u00fan Briatore, el golpe recibido por <b>Gasly<\/b> \u201carruin\u00f3 por completo la competencia\u201d del piloto franc\u00e9s, quien perdi\u00f3 mucha carga aerodin\u00e1mica, un elemento clave para el rendimiento en un circuito urbano como el de Las Vegas. En el caso de <b>Colapinto<\/b>, el contacto sufrido tambi\u00e9n gener\u00f3 da\u00f1os que, en palabras del propio Briatore, \u201cnos dej\u00f3 en una carrera muy cuesta arriba y lejos de los puntos\u201d.<\/p>\n<p class=\"paragraph\">La p\u00e9rdida de carga aerodin\u00e1mica y el bajo nivel de adherencia se reflejaron en el rendimiento de ambos pilotos. <b>Gasly<\/b>, que finaliz\u00f3 en la decimotercera posici\u00f3n, y <b>Colapinto<\/b>, que <a rel=\"noopener noreferrer nofollow\" href=\"https:\/\/www.infobae.com\/deportes\/2025\/11\/23\/radiografia-de-la-carrera-de-colapinto-en-el-gp-de-las-vegas-de-f1-supero-la-caotica-largada-pero-volvio-a-sufrir-con-el-mal-ritmo-de-su-alpine\/\" target=\"_blank\" title=\"https:\/\/www.infobae.com\/deportes\/2025\/11\/23\/radiografia-de-la-carrera-de-colapinto-en-el-gp-de-las-vegas-de-f1-supero-la-caotica-largada-pero-volvio-a-sufrir-con-el-mal-ritmo-de-su-alpine\/\">cruz\u00f3 la meta en el decimoquinto lugar<\/a>, no lograron recuperarse tras los incidentes iniciales. El equipo debi\u00f3 afrontar una carrera en la que el potencial del monoplaza qued\u00f3 limitado desde los primeros metros.<\/p>\n<p class=\"paragraph\">Tras la competencia, el bonaerense <a rel=\"noopener noreferrer nofollow\" href=\"https:\/\/www.infobae.com\/deportes\/2025\/11\/23\/la-frustracion-de-franco-colapinto-tras-la-carrera-nocturna-de-la-formula-1-en-las-vegas-el-auto-fue-un-desastre\/\" target=\"_blank\" title=\"https:\/\/www.infobae.com\/deportes\/2025\/11\/23\/la-frustracion-de-franco-colapinto-tras-la-carrera-nocturna-de-la-formula-1-en-las-vegas-el-auto-fue-un-desastre\/\">expres\u00f3 abiertamente su fastidio ante la prensa<\/a>. El piloto argentino describi\u00f3 la experiencia como \u201cuna carrera frustrante\u201d, y detall\u00f3: \u201cFui muy lento, ten\u00eda 0 grip. No s\u00e9 si fue por los da\u00f1os, pero fue un desastre el auto. No pod\u00eda acelerar, no pod\u00eda doblar con freno, cada vez que cargaba la rueda trasera, se mov\u00eda\u201d. <\/p>\n<p class=\"paragraph\">No fue el \u00fanico problema que sufri\u00f3 el representante albiceleste. En la vuelta 26, por caso, Colapinto hizo su parada en los boxes y le colocaron el compuesto medio. No fue la mejor gesti\u00f3n del recambio de gomas ya que los mec\u00e1nicos demoraron 4 segundos. Una complicaci\u00f3n recurrente en la temporada, que el elenco franc\u00e9s deber\u00e1 resolver de cara a 2026.<\/p>\n<p class=\"paragraph\">El ambiente en el circuito de <b>Las Vegas<\/b>, marcado por el bullicio y los fuegos artificiales tras la victoria de <b>Max Verstappen<\/b>, contrast\u00f3 con el \u00e1nimo en el box de Alpine. Colapinto, visiblemente molesto, ironiz\u00f3 sobre el espect\u00e1culo y la inversi\u00f3n en el evento, mientras intentaba explicar ante los medios las dificultades que enfrent\u00f3 durante la carrera.<\/p>\n<p class=\"paragraph\">Pensando en la pr\u00f3xima fecha en <b>Qatar<\/b>, Briatore se mostr\u00f3 algo m\u00e1s optimista. El directivo consider\u00f3 que el circuito de <b>Lusail<\/b>, con sus curvas r\u00e1pidas, podr\u00eda adaptarse mejor a las caracter\u00edsticas del monoplaza de Alpine, lo que abre una ventana de esperanza para revertir la tendencia negativa experimentada en Las Vegas.<\/p>\n","protected":false},"excerpt":{"rendered":"Briatore fue el gestor del desembarco del argentino en Alpine El an\u00e1lisis de Flavio Briatore tras el Gran&hellip;\n","protected":false},"author":2,"featured_media":252552,"comment_status":"","ping_status":"","sticky":false,"template":"","format":"standard","meta":{"footnotes":""},"categories":[93],"tags":[168,25,24,23,167],"class_list":{"0":"post-252551","1":"post","2":"type-post","3":"status-publish","4":"format-standard","5":"has-post-thumbnail","7":"category-deportes","8":"tag-deportes","9":"tag-es","10":"tag-espana","11":"tag-spain","12":"tag-sports"},"share_on_mastodon":{"url":"https:\/\/pubeurope.com\/@es\/115602787186434287","error":""},"_links":{"self":[{"href":"https:\/\/www.europesays.com\/es\/wp-json\/wp\/v2\/posts\/252551","targetHints":{"allow":["GET"]}}],"collection":[{"href":"https:\/\/www.europesays.com\/es\/wp-json\/wp\/v2\/posts"}],"about":[{"href":"https:\/\/www.europesays.com\/es\/wp-json\/wp\/v2\/types\/post"}],"author":[{"embeddable":true,"href":"https:\/\/www.europesays.com\/es\/wp-json\/wp\/v2\/users\/2"}],"replies":[{"embeddable":true,"href":"https:\/\/www.europesays.com\/es\/wp-json\/wp\/v2\/comments?post=252551"}],"version-history":[{"count":0,"href":"https:\/\/www.europesays.com\/es\/wp-json\/wp\/v2\/posts\/252551\/revisions"}],"wp:featuredmedia":[{"embeddable":true,"href":"https:\/\/www.europesays.com\/es\/wp-json\/wp\/v2\/media\/252552"}],"wp:attachment":[{"href":"https:\/\/www.europesays.com\/es\/wp-json\/wp\/v2\/media?parent=252551"}],"wp:term":[{"taxonomy":"category","embeddable":true,"href":"https:\/\/www.europesays.com\/es\/wp-json\/wp\/v2\/categories?post=252551"},{"taxonomy":"post_tag","embeddable":true,"href":"https:\/\/www.europesays.com\/es\/wp-json\/wp\/v2\/tags?post=252551"}],"curies":[{"name":"wp","href":"https:\/\/api.w.org\/{rel}","templated":true}]}}