{"id":252605,"date":"2025-11-24T05:12:41","date_gmt":"2025-11-24T05:12:41","guid":{"rendered":"https:\/\/www.europesays.com\/es\/252605\/"},"modified":"2025-11-24T05:12:41","modified_gmt":"2025-11-24T05:12:41","slug":"al-oeste-en-zapata-se-erige-mejor-pelicula-del-ficx","status":"publish","type":"post","link":"https:\/\/www.europesays.com\/es\/252605\/","title":{"rendered":"&#8216;Al Oeste, en Zapata&#8217; se erige mejor pel\u00edcula del FICX"},"content":{"rendered":"<p><a class=\"v-mdl-ath__fig-a\" href=\"https:\/\/www.elcomercio.es\/autor\/m-f-antuna-238.html\" title=\"M. F. Antu\u00f1a\" rel=\"nofollow noopener\" target=\"_blank\"><br \/>\n<img decoding=\"async\" class=\"v-mdl-ath__img\" src=\"https:\/\/www.europesays.com\/es\/wp-content\/uploads\/2025\/11\/autor-238-foto-1.jpeg\" alt=\"M. F. Antu\u00f1a\"\/><br \/>\n<\/a><\/p>\n<p class=\"v-mdl-ath__p v-mdl-ath__p--6\">\nS\u00e1bado, 22 de noviembre 2025, 10:39<\/p>\n<p>| Actualizado 19:52h.<\/p>\n<p class=\"v-p\">Es una pel\u00edcula tranquila y reposada, un documental en blanco y negro que se recrea en la belleza y la dureza de ese lugar al que alude el t\u00edtulo, una inmensa \u00e1rea pantanosa del Caribe en la isla de Cuba. &#8216;Al Oeste, en Zapata&#8217; es la \u00f3pera prima del espa\u00f1ol afincado en Cuba <strong>David Bim<\/strong>, un amante confeso del cine de Lisandro Alonso a quien parece mirar poniendo su c\u00e1mara, como el mismo narr\u00f3 en Gij\u00f3n, sobre la verdad. La dura verdad y el d\u00eda a d\u00eda de una familia, la formada por Landi, Mercedes y su hijo Deinis. \u00c9l caza cocodrilos en medio de la humedad y la lluvia infinita de la ci\u00e9naga; ella cuida a su hijo y espera la vuelta a casa de Landi. El jurado internacional de la secci\u00f3n oficial Albar ha decidido que esta cinta obtenga el galard\u00f3n a la mejor pel\u00edcula del <a href=\"https:\/\/www.elcomercio.es\/festival-cine-gijon\/\" data-voc-vtm-id=\"in-text-traffic\" title=\"FICX\" data-mrf-link=\"www.elcomercio.es\" rel=\"nofollow noopener\" target=\"_blank\">FICX<\/a>, que esta tarde se clausura en el Teatro Jovellanos.<\/p>\n<p><a href=\"http:\/\/www.elcomercio.es\/festival-cine-gijon\/david-bim-ganador-premio-mejor-pelicula-ficx-20251122165523-nt.html#vtm_modulosEngag=mod-rel:festival-cine-gijon:noticia:1:cmp:2-not\" class=\"v-a-link\" title=\"\u00abEsta pel\u00edcula me descubri\u00f3 el amor\u00bb\" rel=\"nofollow noopener\" target=\"_blank\"><br \/>\n<img decoding=\"async\" loading=\"lazy\" class=\"v-a-img\" src=\"https:\/\/www.europesays.com\/es\/wp-content\/uploads\/2025\/11\/davidbim_20251122120853-U48114887421bNL-366x256@El Comercio.jpg\" alt=\"\u00abEsta pel\u00edcula me descubri\u00f3 el amor\u00bb\"\/><br \/>\n<\/a><\/p>\n<p><a href=\"http:\/\/www.elcomercio.es\/festival-cine-gijon\/entrevita-director-ganador-ficx-20251122124543-nt.html#vtm_modulosEngag=mod-rel:festival-cine-gijon:noticia:2:cmp:2-not\" class=\"v-a-link\" title=\"\u00abUn premio sirve para darte cuenta de que lo que haces interesa\u00bb\" rel=\"nofollow noopener\" target=\"_blank\"><br \/>\n<img decoding=\"async\" loading=\"lazy\" class=\"v-a-img\" src=\"https:\/\/www.europesays.com\/es\/wp-content\/uploads\/2025\/11\/angelsantos-U34627831684MNj-366x256@El Comercio.jpg\" alt=\"\u00abUn premio sirve para darte cuenta de que lo que haces interesa\u00bb\"\/><br \/>\n<\/a><\/p>\n<p class=\"v-p\">Ese mismo jurado ha fallado igualmente los premios a las mejores interpretaciones, que son para <strong>Eszter Tompa<\/strong> por &#8216;Kontinental&#8217;25&#8217;, la pel\u00edcula del rumano Radu Jude que se adentra en los desahucios y el problema de la vivienda de la mano de una secretaria judicial que asiste al suicidio de un desahuciado. Ese es el personaje que la ha hecho ganadora por una pel\u00edcula filmada con un tel\u00e9fono m\u00f3vil en el que el guion y la interpretaci\u00f3n lo son todo. El galard\u00f3n al mejor actor es para <strong>Ben Wishaw<\/strong> por &#8216;Peter Hujar&#8217;s Day&#8217;, una cinta con dos personajes pero que tiene mucho de mon\u00f3logo y que recrea el d\u00eda a d\u00eda del c\u00e9lebre fot\u00f3grafo estadounidense en el Nueva York de la bohemia de los setenta. Hay una menci\u00f3n especial para <strong>Andranic Manec<\/strong> for su papel en &#8216;Ari&#8217;. Por \u00faltimo, el galard\u00f3n a la mejor direcci\u00f3n es para \u00c1ngel Santos por &#8216;As\u00ed chegou a noite&#8217;, un drama intimista que aborda las relaciones de pareja, la necesidad de romper los v\u00ednculos con el pasado o la tentaci\u00f3n de desaparecer.<\/p>\n<p><img decoding=\"async\" loading=\"lazy\" src=\"https:\/\/www.europesays.com\/es\/wp-content\/uploads\/2025\/11\/Losbobos-U43142442234IOz-650x455@El Comercio.jpg\" class=\"v-a-img\" width=\"650\" height=\"455\" alt=\"Fotograma de 'Los bobos', ganadora de FICX Premiere.\" data-voc-vtm-id=\"in-text-traffic\"\/><\/p>\n<p>Fotograma de &#8216;Los bobos&#8217;, ganadora de FICX Premiere.<\/p>\n<p><img loading=\"lazy\" decoding=\"async\" src=\"https:\/\/www.europesays.com\/es\/wp-content\/uploads\/2025\/11\/Losbobos-U22017933505354mH-U31041001068Kvd-1920x1344@El Comercio.jpg\" class=\"v-mdl__img-z\" width=\"1920\" height=\"1341\" alt=\"\"\/><\/p>\n<p class=\"v-p\">Hasta aqu\u00ed los galardones de Albar. Pero hay tambi\u00e9n otro jurado internacional para la estrenada secci\u00f3n oficial FICX Premiere, que ha otorgado el premio al mejor filme a &#8216;Los bobos&#8217;, cinta argentina de <strong>Sof\u00eda Jallinsky y Banavih Marinaro.<\/strong> As\u00ed se resume su argumento: una banda organizada ofrece un tratamiento ilegal con electricidad para inducir una incapacidad mental en la persona a la cual se le aplica el procedimiento. Hay una menci\u00f3n especial para &#8216;Mare&#8217;s Nest&#8217;, pel\u00edcula dirigida por <strong>Ben Rivers,<\/strong> por su contribuci\u00f3n art\u00edstica.<\/p>\n<p><img decoding=\"async\" loading=\"lazy\" src=\"https:\/\/www.europesays.com\/es\/wp-content\/uploads\/2025\/11\/skiff-U22017933505354mH-U17478386721IiV-650x455@El Comercio.jpg\" class=\"v-a-img\" width=\"650\" height=\"455\" alt=\"'Skiff\u00a1 es la pel\u00edcula triunfadora en Retueyos.\" data-voc-vtm-id=\"in-text-traffic\"\/><\/p>\n<p>&#8216;Skiff\u00a1 es la pel\u00edcula triunfadora en Retueyos.<\/p>\n<p><img loading=\"lazy\" decoding=\"async\" src=\"https:\/\/www.europesays.com\/es\/wp-content\/uploads\/2025\/11\/skiff-U22017933505354mH-U55303000805qGa-1920x1344@El Comercio.jpg\" class=\"v-mdl__img-z\" width=\"1920\" height=\"1341\" alt=\"\"\/><\/p>\n<p class=\"v-p\">Retueyos, la otra secci\u00f3n oficial del Festival Internacional de Cine de Gij\u00f3n, la falla el jurado Fipresci. El premio a la mejor pel\u00edcula es para &#8216;Skiff&#8217;, de <strong>Cecilia Verheyden,<\/strong> la historia de una adolescente enfrent\u00e1ndose a s\u00ed misma, en la que el jurado destaca el trabajo de su protagonista, la actriz Femke Vanhove. Hay premio especial para la roadmovie &#8216;Sugarlad&#8217;, de<strong> Isabella Brun\u00e4cker.<\/strong><\/p>\n<p class=\"v-p\">El jurado joven tambi\u00e9n otorga premio en Retueyos y ellos eligen &#8216;Magic Farm&#8217;, de la gijonesa <strong>Amalia Ulman. <\/strong><\/p>\n<p class=\"v-p\">La competici\u00f3n oficial de cortos se salda con premio para &#8216;Loynes&#8217;, de <strong>Dorian Jespers,<\/strong> y menci\u00f3n especial para \u00bb1.10&#8242; y &#8216;Si el silencio fuera azul&#8217;. El jurado joven da el premio al mejor corto a &#8216;Tolos fueos, el fueu&#8217;, del asturiano <strong>Diego Fl\u00f3rez<\/strong>.<\/p>\n<p class=\"v-p\">El galard\u00f3n a la mejor pel\u00edcula espa\u00f1ola de las vistas en el FICX se lo lleva &#8216;A la cara&#8217;, de <strong>Javier Marco,<\/strong> una cinta sobre encuentros y soledades enmarcada en el acoso en las redes. El jurado otorg\u00f3 una menci\u00f3n especial para &#8216;Al oeste, en Zapata&#8217;, de David Bim, la gran triunfadora de Albar. Marco hace doblete al logar el galard\u00f3n a la mejor direcci\u00f3n, mientras el premio DAMA al guion se lo llevan <strong>Anxos Faz\u00e1ns e Ian de la Rosa<\/strong> por &#8216;As li\u00f1as descontinuas&#8217;, que hace doblete al recibir el Premio Rambal que otorga Xega por dar visibilidad al mundo LGTBQ. El premio AMAE al mejor montaje se lo lleva <strong>Federico Delpero<\/strong> por &#8216;Amilcar&#8217;.<\/p>\n<p class=\"v-p\"><strong>Enfants Terribles,<\/strong> el galard\u00f3n que conceden los espectadores m\u00e1s j\u00f3venes y que cuenta con el patrocinio de EL COMERCIO, laurea este a\u00f1o <strong>&#8216;Le Grand No\u00ebl des animaux&#8217;,<\/strong> una cinta alemana de animaci\u00f3n de varios directores. <\/p>\n<p class=\"v-p\">CIMA, la agrupaci\u00f3n de mujeres cineastas, otorga su premio a la mejor pel\u00edcula dirigida por una mujer a <strong>Anna Cazenave<\/strong> por &#8216;Love me Tender&#8217; y concede al tiempo una menci\u00f3n especial para &#8216;Sorella di Clausura&#8217;, de <strong>Ivana Mladenovic.<\/strong><\/p>\n<p class=\"v-p\">El p\u00fablico emite tambi\u00e9n su propio dictamen. En esta casi\u00f3n &#8216;Made in EU&#8217;, de <strong>Stephan Komandarev<\/strong> se alza ganadora. Tambi\u00e9n se concede a trav\u00e9s de los votos tras las proyecciones el premio Tierres en Trance, que es para &#8216;The bewilderment of chile&#8217;, de la argentina<strong> Luc\u00eda Seles.<\/strong> El galard\u00f3n Europa Joven es para la francesa &#8216;Des preuves d&#8217;amour&#8217;, de <strong>Alice Douard.<\/strong><\/p>\n<p class=\"v-p\"><strong>Celia Viada Caso<\/strong>, realizadora asturiana que sabe ya lo que es ganar en el FICX, vuelve a subirse al palmar\u00e9s y obtiene el galard\u00f3n a la mejor pel\u00edcula asturiana con &#8216;Volver a casa tan tarde&#8217;. El mejor corto asturiano es &#8216;Alima\u00f1a&#8217;, de <strong>Juan Vila,<\/strong> con menci\u00f3n especial para &#8216;Una mujer que conoc\u00ed llamada Yudita&#8217;, de Rodrigo Ag\u00fceria. Laboral Cinemateca da su propio premio a los cortos, que es para &#8216;Cases&#8217;, de <strong>Jandro Llaneza. <\/strong><\/p>\n<p class=\"v-p\">Otro galard\u00f3n para asturianos es el Premio Nuevos Realizadores del Principado de Asturias, que es para otro viejo conocido del festival, <strong>Pablo Casanueva<\/strong> con &#8216;Pasar l&#8217;agua&#8217;.<\/p>\n<p>Reporta un error<\/p>\n","protected":false},"excerpt":{"rendered":"S\u00e1bado, 22 de noviembre 2025, 10:39 | Actualizado 19:52h. Es una pel\u00edcula tranquila y reposada, un documental en&hellip;\n","protected":false},"author":2,"featured_media":252606,"comment_status":"","ping_status":"","sticky":false,"template":"","format":"standard","meta":{"footnotes":""},"categories":[169],"tags":[177,146,147,63551,25,24,59319,176,1684,175,10528,1257,23,15634],"class_list":{"0":"post-252605","1":"post","2":"type-post","3":"status-publish","4":"format-standard","5":"has-post-thumbnail","7":"category-cine","8":"tag-cine","9":"tag-entertainment","10":"tag-entretenimiento","11":"tag-erige","12":"tag-es","13":"tag-espana","14":"tag-ficx","15":"tag-film","16":"tag-mejor","17":"tag-movies","18":"tag-oeste","19":"tag-pelicula","20":"tag-spain","21":"tag-zapata"},"share_on_mastodon":{"url":"https:\/\/pubeurope.com\/@es\/115602964699801462","error":""},"_links":{"self":[{"href":"https:\/\/www.europesays.com\/es\/wp-json\/wp\/v2\/posts\/252605","targetHints":{"allow":["GET"]}}],"collection":[{"href":"https:\/\/www.europesays.com\/es\/wp-json\/wp\/v2\/posts"}],"about":[{"href":"https:\/\/www.europesays.com\/es\/wp-json\/wp\/v2\/types\/post"}],"author":[{"embeddable":true,"href":"https:\/\/www.europesays.com\/es\/wp-json\/wp\/v2\/users\/2"}],"replies":[{"embeddable":true,"href":"https:\/\/www.europesays.com\/es\/wp-json\/wp\/v2\/comments?post=252605"}],"version-history":[{"count":0,"href":"https:\/\/www.europesays.com\/es\/wp-json\/wp\/v2\/posts\/252605\/revisions"}],"wp:featuredmedia":[{"embeddable":true,"href":"https:\/\/www.europesays.com\/es\/wp-json\/wp\/v2\/media\/252606"}],"wp:attachment":[{"href":"https:\/\/www.europesays.com\/es\/wp-json\/wp\/v2\/media?parent=252605"}],"wp:term":[{"taxonomy":"category","embeddable":true,"href":"https:\/\/www.europesays.com\/es\/wp-json\/wp\/v2\/categories?post=252605"},{"taxonomy":"post_tag","embeddable":true,"href":"https:\/\/www.europesays.com\/es\/wp-json\/wp\/v2\/tags?post=252605"}],"curies":[{"name":"wp","href":"https:\/\/api.w.org\/{rel}","templated":true}]}}