{"id":252609,"date":"2025-11-24T05:14:08","date_gmt":"2025-11-24T05:14:08","guid":{"rendered":"https:\/\/www.europesays.com\/es\/252609\/"},"modified":"2025-11-24T05:14:08","modified_gmt":"2025-11-24T05:14:08","slug":"una-estrategia-para-atacar-debilidades-ocultas-de-las-celulas-cancerosas","status":"publish","type":"post","link":"https:\/\/www.europesays.com\/es\/252609\/","title":{"rendered":"\u00bfUna estrategia para atacar debilidades ocultas de las c\u00e9lulas cancerosas?"},"content":{"rendered":"<p data-gtm-element-container=\"modulo-texto-link\" class=\"paragraph\">Muchas c\u00e9lulas cancerosas albergan mutaciones en genes responsables de resolver o prevenir la formaci\u00f3n de bucles R, unas estructuras celulares que se forman durante la transcripci\u00f3n, cuando la mol\u00e9cula de ARN reci\u00e9n formada se une al molde de ADN. Si bien se puede tolerar un aumento moderado de bucles R, superar un umbral provoca da\u00f1os catastr\u00f3ficos en el ADN. Dado que las c\u00e9lulas cancerosas comienzan m\u00e1s cerca de ese umbral, impulsarlas a acumular a\u00fan m\u00e1s bucles R puede saturarlas selectivamente, oblig\u00e1ndolas a superar su l\u00edmite de tolerancia y a morir, mientras que las c\u00e9lulas normales, con menos bucles R iniciales, pueden permanecer viables.<\/p>\n<p data-gtm-element-container=\"modulo-texto-link\" class=\"paragraph\">Un equipo liderado por Robert Martin, investigador de la Funda\u00e7\u00e3o GIMM &#8211; Gulbenkian Institute for Molecular Medicine, de Portugal, trabaja en una estrategia innovadora para atacar estas debilidades ocultas en las c\u00e9lulas cancerosas. En concreto, busca peque\u00f1as mol\u00e9culas que aumenten los niveles de bucles R lo suficiente para provocar el fallo de las c\u00e9lulas cancerosas sin da\u00f1ar las sanas. \u201cPara lograrlo, estamos estableciendo una plataforma automatizada de cribado microsc\u00f3pico de alto rendimiento que detecta bucles R en c\u00e9lulas\u201d, asegura el l\u00edder del equipo. Se trata de una prote\u00edna sensora fluorescente, llamada RHINO, que, al iluminar estas estructuras en c\u00e9lulas vivas, permite rastrear la formaci\u00f3n y eliminaci\u00f3n de bucles R a lo largo del tiempo.<\/p>\n<p data-gtm-element-container=\"modulo-texto-link\" class=\"paragraph\">\u201cCon RHINO, por primera vez, contamos con una forma sistem\u00e1tica de monitorizar y manipular los bucles R en c\u00e9lulas vivas. Esto abre la posibilidad de realizar cribado a gran escala de peque\u00f1as mol\u00e9culas, f\u00e1rmacos candidatos y nuevos factores celulares que modulen espec\u00edficamente los bucles R\u201d, argumenta.<\/p>\n<p data-gtm-element-container=\"modulo-texto-link\" class=\"paragraph\">Aunque el objetivo inicial es el c\u00e1ncer, este m\u00e9todo podr\u00eda ayudar tambi\u00e9n a descubrir tratamientos para otras enfermedades, incluidas aquellas que afectan al cerebro, al sistema inmunol\u00f3gico o las que est\u00e1n relacionadas con infecciones.<\/p>\n<p data-gtm-element-container=\"modulo-texto-link\" class=\"paragraph\">Declaraci\u00f3n de transparencia: Esta investigaci\u00f3n est\u00e1 financiada por la Fundaci\u00f3n \u201cla Caixa\u201d, entidad que apoya el canal de informaci\u00f3n cient\u00edfica Big Vang.<\/p>\n","protected":false},"excerpt":{"rendered":"Muchas c\u00e9lulas cancerosas albergan mutaciones en genes responsables de resolver o prevenir la formaci\u00f3n de bucles R, unas&hellip;\n","protected":false},"author":2,"featured_media":252610,"comment_status":"","ping_status":"","sticky":false,"template":"","format":"standard","meta":{"footnotes":""},"categories":[92],"tags":[25,24,165,166,23],"class_list":{"0":"post-252609","1":"post","2":"type-post","3":"status-publish","4":"format-standard","5":"has-post-thumbnail","7":"category-salud","8":"tag-es","9":"tag-espana","10":"tag-health","11":"tag-salud","12":"tag-spain"},"share_on_mastodon":{"url":"https:\/\/pubeurope.com\/@es\/115602972515465215","error":""},"_links":{"self":[{"href":"https:\/\/www.europesays.com\/es\/wp-json\/wp\/v2\/posts\/252609","targetHints":{"allow":["GET"]}}],"collection":[{"href":"https:\/\/www.europesays.com\/es\/wp-json\/wp\/v2\/posts"}],"about":[{"href":"https:\/\/www.europesays.com\/es\/wp-json\/wp\/v2\/types\/post"}],"author":[{"embeddable":true,"href":"https:\/\/www.europesays.com\/es\/wp-json\/wp\/v2\/users\/2"}],"replies":[{"embeddable":true,"href":"https:\/\/www.europesays.com\/es\/wp-json\/wp\/v2\/comments?post=252609"}],"version-history":[{"count":0,"href":"https:\/\/www.europesays.com\/es\/wp-json\/wp\/v2\/posts\/252609\/revisions"}],"wp:featuredmedia":[{"embeddable":true,"href":"https:\/\/www.europesays.com\/es\/wp-json\/wp\/v2\/media\/252610"}],"wp:attachment":[{"href":"https:\/\/www.europesays.com\/es\/wp-json\/wp\/v2\/media?parent=252609"}],"wp:term":[{"taxonomy":"category","embeddable":true,"href":"https:\/\/www.europesays.com\/es\/wp-json\/wp\/v2\/categories?post=252609"},{"taxonomy":"post_tag","embeddable":true,"href":"https:\/\/www.europesays.com\/es\/wp-json\/wp\/v2\/tags?post=252609"}],"curies":[{"name":"wp","href":"https:\/\/api.w.org\/{rel}","templated":true}]}}