{"id":252619,"date":"2025-11-24T05:19:13","date_gmt":"2025-11-24T05:19:13","guid":{"rendered":"https:\/\/www.europesays.com\/es\/252619\/"},"modified":"2025-11-24T05:19:13","modified_gmt":"2025-11-24T05:19:13","slug":"barcelona-y-madrid-encienden-su-navidad-y-regalan-escenas-unicas-a-las-imagenes-del-dia","status":"publish","type":"post","link":"https:\/\/www.europesays.com\/es\/252619\/","title":{"rendered":"Barcelona y Madrid encienden su Navidad y regalan escenas \u00fanicas a las im\u00e1genes del d\u00eda"},"content":{"rendered":"<p data-gtm-element-container=\"modulo-texto-link\" class=\"paragraph\">Abrimos la selecci\u00f3n con unas im\u00e1genes de \u00faltima hora de ayer de la inauguraci\u00f3n del encendido de las luces navide\u00f1as en las principales calles de Barcelona y Madrid, mientras en Vilna un ni\u00f1o contempla las decoraciones festivas en un centro comercial. En Londres, la gente recorre Covent Garden bajo la lluvia durante las compras del Black Friday, y en Fr\u00e1ncfort un barco navega por el r\u00edo Meno. En Abu Dhabi, visitantes admiran la instalaci\u00f3n art\u00edstica \u201cKaus-Holiday\u201d del creador estadounidense Kaws en la exposici\u00f3n Manar Abu Dhabi.<\/p>\n<p data-gtm-element-container=\"modulo-texto-link\" class=\"paragraph\">En Johannesburgo, el primer ministro brit\u00e1nico Keir Starmer se re\u00fane con su hom\u00f3logo canadiense Mark Carney en la Cumbre del G20. En Asia, personas caminan por zonas inundadas en Hat Yai, Tailandia. En Dub\u00e1i, corredores participan en la \u201cCarrera Dub\u00e1i 2025\u201d dentro del Desaf\u00edo Fitness. En Vilna, el ej\u00e9rcito lituano celebra su 107.\u00ba aniversario con un desfile militar, y en Calcuta monjas y devotos participan en la procesi\u00f3n del Corpus Christi.<\/p>\n<p data-gtm-element-container=\"modulo-texto-link\" class=\"paragraph\">En Am\u00e9rica, ni\u00f1as observan perros robots en la Feria del Libro de Miami, mientras refugiados sudaneses esperan alimentos en un campamento en Chad. En el Vaticano, el Papa Le\u00f3n XIV celebra una misa por el Jubileo de los Coros. En Italia, un hombre disfrazado de Krampus recorre Lana en motocicleta durante la \u201cNoche del Infierno\u201d. En L\u00edbano, se exhibe un cedro de 10 metros hecho con botellas recicladas para batir un r\u00e9cord Guinness. En Beirut, personas observan los da\u00f1os tras un ataque israel\u00ed contra el jefe militar de Hezbol\u00e1, que deja al menos un muerto y 21 heridos.<\/p>\n","protected":false},"excerpt":{"rendered":"Abrimos la selecci\u00f3n con unas im\u00e1genes de \u00faltima hora de ayer de la inauguraci\u00f3n del encendido de las&hellip;\n","protected":false},"author":2,"featured_media":252620,"comment_status":"","ping_status":"","sticky":false,"template":"","format":"standard","meta":{"footnotes":""},"categories":[8],"tags":[17,18,25,24,13,14,11,19,20,9,10,15,16,23,12,21,22],"class_list":{"0":"post-252619","1":"post","2":"type-post","3":"status-publish","4":"format-standard","5":"has-post-thumbnail","7":"category-espana","8":"tag-breaking-news","9":"tag-breakingnews","10":"tag-es","11":"tag-espana","12":"tag-featured-news","13":"tag-featurednews","14":"tag-headlines","15":"tag-latest-news","16":"tag-latestnews","17":"tag-news","18":"tag-noticias","19":"tag-noticias-destacadas","20":"tag-noticiasdestacadas","21":"tag-spain","22":"tag-titulares","23":"tag-ultimas-noticias","24":"tag-ultimasnoticias"},"share_on_mastodon":{"url":"https:\/\/pubeurope.com\/@es\/115602992010559582","error":""},"_links":{"self":[{"href":"https:\/\/www.europesays.com\/es\/wp-json\/wp\/v2\/posts\/252619","targetHints":{"allow":["GET"]}}],"collection":[{"href":"https:\/\/www.europesays.com\/es\/wp-json\/wp\/v2\/posts"}],"about":[{"href":"https:\/\/www.europesays.com\/es\/wp-json\/wp\/v2\/types\/post"}],"author":[{"embeddable":true,"href":"https:\/\/www.europesays.com\/es\/wp-json\/wp\/v2\/users\/2"}],"replies":[{"embeddable":true,"href":"https:\/\/www.europesays.com\/es\/wp-json\/wp\/v2\/comments?post=252619"}],"version-history":[{"count":0,"href":"https:\/\/www.europesays.com\/es\/wp-json\/wp\/v2\/posts\/252619\/revisions"}],"wp:featuredmedia":[{"embeddable":true,"href":"https:\/\/www.europesays.com\/es\/wp-json\/wp\/v2\/media\/252620"}],"wp:attachment":[{"href":"https:\/\/www.europesays.com\/es\/wp-json\/wp\/v2\/media?parent=252619"}],"wp:term":[{"taxonomy":"category","embeddable":true,"href":"https:\/\/www.europesays.com\/es\/wp-json\/wp\/v2\/categories?post=252619"},{"taxonomy":"post_tag","embeddable":true,"href":"https:\/\/www.europesays.com\/es\/wp-json\/wp\/v2\/tags?post=252619"}],"curies":[{"name":"wp","href":"https:\/\/api.w.org\/{rel}","templated":true}]}}