{"id":252621,"date":"2025-11-24T05:20:10","date_gmt":"2025-11-24T05:20:10","guid":{"rendered":"https:\/\/www.europesays.com\/es\/252621\/"},"modified":"2025-11-24T05:20:10","modified_gmt":"2025-11-24T05:20:10","slug":"la-salud-de-jordi-pujol-marca-el-inicio-del-juicio-contra-la-familia-del-expresident-espana","status":"publish","type":"post","link":"https:\/\/www.europesays.com\/es\/252621\/","title":{"rendered":"La salud de Jordi Pujol marca el inicio del juicio contra la familia del \u2018expresident\u2019 | Espa\u00f1a"},"content":{"rendered":"<p class=\"\">Una pregunta sobrevuela el inicio del gran juicio por corrupci\u00f3n contra el ex presidente de la Generalitat de Catalu\u00f1a Jordi Pujol, de 95 a\u00f1os, y sus siete hijos: \u00bfEl exmandatario auton\u00f3mico <a href=\"https:\/\/elpais.com\/espana\/2025-11-17\/la-audiencia-nacional-permite-a-jordi-pujol-comparecer-por-videoconferencia-antes-del-inicio-del-juicio.html\" target=\"_self\" rel=\"nofollow noopener\" title=\"https:\/\/elpais.com\/espana\/2025-11-17\/la-audiencia-nacional-permite-a-jordi-pujol-comparecer-por-videoconferencia-antes-del-inicio-del-juicio.html\">est\u00e1 en condiciones de salud para afrontarlo<\/a>? A esa cuesti\u00f3n tendr\u00e1 que responder la propia Audiencia Nacional este lunes, antes de que arranque la vista oral contra el clan familiar, que se ha hecho esperar m\u00e1s de un lustro desde que el juez Jos\u00e9 de la Mata finalizara su investigaci\u00f3n y concluyera que sus miembros se enriquecieron de forma \u201cdesmedida\u201d a trav\u00e9s de \u201cpagos il\u00edcitos\u201d que recib\u00edan debido a su \u201cposici\u00f3n privilegiada de ascendencia\u201d en la sociedad catalana. El tribunal ha permitido que el exl\u00edder de Converg\u00e8ncia comparezca por videoconferencia desde Barcelona antes de que comience la primera sesi\u00f3n en Madrid a las 10.00, para evaluar de primera mano sus facultades ps\u00edquicas y f\u00edsicas \u2014y decidir qu\u00e9 hacer con \u00e9l de cara al largo proceso que se avecina, despu\u00e9s de que los <a href=\"https:\/\/elpais.com\/espana\/2025-11-17\/la-audiencia-nacional-permite-a-jordi-pujol-comparecer-por-videoconferencia-antes-del-inicio-del-juicio.html\" target=\"_self\" rel=\"nofollow noopener\" title=\"https:\/\/elpais.com\/espana\/2025-11-17\/la-audiencia-nacional-permite-a-jordi-pujol-comparecer-por-videoconferencia-antes-del-inicio-del-juicio.html\">forenses concluyeran que \u201cno est\u00e1 en condiciones\u201d<\/a>\u2014.<\/p>\n<p class=\"\">Despu\u00e9s de a\u00f1os de espera, la imagen de Jordi Pujol sentado en el banquillo de los acusados resulta cada d\u00eda m\u00e1s dif\u00edcil. De momento, el expol\u00edtico ya ha evitado acudir a Madrid al inicio del juicio. Elude as\u00ed esa fotograf\u00eda. En la tarde del s\u00e1bado 15 de noviembre, el expresidente catal\u00e1n ingres\u00f3 por una neumon\u00eda en la Cl\u00ednica Sagrada Familia de Barcelona. Esa circunstancia dirigi\u00f3 el foco a la Audiencia Nacional, que ya hab\u00eda encargado un informe forense previo sobre su estado de salud para pronunciarse al respecto. Con el exconvergente internado, el tribunal tuvo que pronunciarse: lo hizo el lunes pasado para comunicar que le permit\u00eda comparecer este lunes por videoconferencia. Cuatro d\u00edas despu\u00e9s, <a href=\"https:\/\/elpais.com\/espana\/catalunya\/2025-11-21\/los-medicos-dan-el-alta-a-jordi-pujol-a-solo-tres-dias-de-su-juicio.html\" target=\"_self\" rel=\"nofollow noopener\" title=\"https:\/\/elpais.com\/espana\/catalunya\/2025-11-21\/los-medicos-dan-el-alta-a-jordi-pujol-a-solo-tres-dias-de-su-juicio.html\">Pujol abandon\u00f3 el centro m\u00e9dico<\/a>.<\/p>\n<p>M\u00e1s informaci\u00f3n<\/p>\n<p class=\"\">Ahora se abren m\u00faltiples escenarios. Una vez se compruebe de primera mano el estado de salud (durante un acto que se celebrar\u00e1 antes de la primera sesi\u00f3n del juicio, a puerta cerrada y sin presencia de periodistas, seg\u00fan fuentes jur\u00eddicas), el tribunal debe decidir c\u00f3mo continuar con el procedimiento contra Pujol padre. <\/p>\n<p class=\"\">La defensa pone sobre la mesa la opci\u00f3n de archivar directamente la causa contra \u00e9l. La propia Audiencia Nacional ya adopt\u00f3 una medida similar en 2021, cuando <a href=\"https:\/\/elpais.com\/espana\/2021-05-07\/el-juez-pedraz-archiva-la-causa-contra-marta-ferrusola-por-su-estado-de-salud.html\" target=\"_self\" rel=\"nofollow noopener\" title=\"https:\/\/elpais.com\/espana\/2021-05-07\/el-juez-pedraz-archiva-la-causa-contra-marta-ferrusola-por-su-estado-de-salud.html\">el magistrado Santiago Pedraz dej\u00f3 fuera del proceso a su esposa<\/a>, Marta Ferrusola, por una \u201cdemencia severa\u201d \u2014ella <a href=\"https:\/\/elpais.com\/espana\/catalunya\/2024-07-08\/muere-marta-ferrusola-a-los-89-anos-de-edad.html\" target=\"_self\" rel=\"nofollow noopener\" title=\"https:\/\/elpais.com\/espana\/catalunya\/2024-07-08\/muere-marta-ferrusola-a-los-89-anos-de-edad.html\">muri\u00f3 finalmente en julio de 2024<\/a>\u2014. <\/p>\n<p class=\"\">Esta iniciativa supondr\u00eda que el expresident no tendr\u00eda que someterse a juicio y que los magistrados no podr\u00edan condenarlo en una sentencia, aunque s\u00ed podr\u00edan plasmar en su resoluci\u00f3n hechos que le ata\u00f1en y que salgan en la vista oral.<\/p>\n<p class=\"\">Como <a href=\"https:\/\/elpais.com\/espana\/2025-11-17\/la-audiencia-nacional-permite-a-jordi-pujol-comparecer-por-videoconferencia-antes-del-inicio-del-juicio.html\" target=\"_self\" rel=\"nofollow noopener\" title=\"https:\/\/elpais.com\/espana\/2025-11-17\/la-audiencia-nacional-permite-a-jordi-pujol-comparecer-por-videoconferencia-antes-del-inicio-del-juicio.html\">detall\u00f3 El PA\u00cdS<\/a>, el tribunal tiene sobre la mesa un informe m\u00e9dico que determina que Pujol padre carece de \u201cla capacidad procesal necesaria para poder defenderse de manera autosuficiente\u201d; y que presenta un \u201cdiagn\u00f3stico de trastorno neurocognitivo mayor mixto, de tipo alzh\u00e9imer y vascular\u201d, adem\u00e1s de un \u201cdeterioro cognitivo moderado\u201d que es \u201cirreversible\u201d y \u201cevolutivo\u201d. <\/p>\n<p class=\"\">Los magistrados tambi\u00e9n pueden dejar en suspenso la causa contra Pujol y seguir con la vista oral para el resto de acusados. En ocasiones anteriores, la Audiencia Nacional ha adoptado esta medida cuando existen visos (aunque sean remotos) de que el afectado pueda recuperarse. Por ejemplo, en un reciente proceso contra el comisario jubilado Jos\u00e9 Manuel Villarejo, se apart\u00f3 a su socio Rafael Redondo para que fuera juzgado por separado en otra fecha porque hab\u00eda sido sometido poco antes a una operaci\u00f3n. Igualmente, en el primer gran juicio contra el antiguo agente de la Polic\u00eda Nacional, se dej\u00f3 fuera sine die al tambi\u00e9n comisario Enrique Garc\u00eda Casta\u00f1o <a href=\"https:\/\/elpais.com\/espana\/2022-05-24\/el-tribunal-del-caso-villarejo-suspende-el-juicio-contra-el-comisario-garcia-castano.html\" target=\"_self\" rel=\"nofollow noopener\" title=\"https:\/\/elpais.com\/espana\/2022-05-24\/el-tribunal-del-caso-villarejo-suspende-el-juicio-contra-el-comisario-garcia-castano.html\">porque sufri\u00f3 un ictus<\/a> en pleno desarrollo de las sesiones. <\/p>\n<p>M\u00e1s informaci\u00f3n<\/p>\n<p class=\"\">Pero, en el caso de que se decida finalmente que el expresidente catal\u00e1n debe someterse al juicio, la defensa ha dejado caer varias posibilidades para aliviarle los meses que dure el proceso. Como que solo se le obligue a acudir a la sala en d\u00edas puntuales (una opci\u00f3n que se ha visto <a href=\"https:\/\/elpais.com\/espana\/2025-10-20\/una-veintena-de-acusados-confiesa-en-el-ultimo-juicio-de-gurtel.html\" target=\"_self\" rel=\"nofollow noopener\" title=\"https:\/\/elpais.com\/espana\/2025-10-20\/una-veintena-de-acusados-confiesa-en-el-ultimo-juicio-de-gurtel.html\">en el \u00faltimo juicio del caso G\u00fcrtel<\/a>); que se le permita seguir todo el juicio a distancia; o que, incluso, tenga la opci\u00f3n de declarar como acusado de forma telem\u00e1tica. <\/p>\n<p class=\"\">Su propia familia afirm\u00f3 a principios de noviembre que el expol\u00edtico quer\u00eda comparecer y tomar la palabra: \u201cMi padre quiere ir a juicio\u201d, <a href=\"https:\/\/elpais.com\/espana\/catalunya\/2025-11-06\/oriol-pujol-ferrusola-ante-el-juicio-contra-la-familia-por-la-fortuna-oculta-en-andorra-mi-padre-tiene-ganas-de-ir.html\" rel=\"nofollow noopener\" title=\"https:\/\/elpais.com\/espana\/catalunya\/2025-11-06\/oriol-pujol-ferrusola-ante-el-juicio-contra-la-familia-por-la-fortuna-oculta-en-andorra-mi-padre-tiene-ganas-de-ir.html\" target=\"_blank\">resumi\u00f3 su hijo Oriol Pujol Ferrusola<\/a> en una entrevista. \u201c[Est\u00e1] suficientemente l\u00facido [&#8230;] No es un hombre inservible ni al que haya que inhabilitar\u201d.<\/p>\n<p>La pena de 9 a\u00f1os de prisi\u00f3n<\/p>\n<p class=\"\">La vista arranca este lunes en la sede de la Audiencia Nacional de San Fernando de Henares, situada en un pol\u00edgono industrial de esta localidad de la periferia madrile\u00f1a. El juicio se prev\u00e9 que se prolongue hasta mediados de 2026 y comienza <a href=\"https:\/\/elpais.com\/espana\/2023-04-11\/la-causa-contra-los-pujol-se-eterniza.html\" rel=\"nofollow noopener\" title=\"https:\/\/elpais.com\/espana\/2023-04-11\/la-causa-contra-los-pujol-se-eterniza.html\" target=\"_blank\">tras a\u00f1os de retrasos<\/a>; provocados, en gran medida, por maniobras y recursos impulsados por el clan Pujol para prolongar el tiempo dedicado a retirar la documentaci\u00f3n sensible que constaba en el sumario. <\/p>\n<p class=\"\">La Fiscal\u00eda Anticorrupci\u00f3n reclama una pena de nueve a\u00f1os de prisi\u00f3n por delitos de asociaci\u00f3n il\u00edcita y blanqueo para el expresident, que fue una figura clave en la lucha antifranquista y el pol\u00edtico catal\u00e1n m\u00e1s influyente de la segunda mitad del siglo XX \u2014ostent\u00f3 el bast\u00f3n de mando de la Generalitat durante m\u00e1s de dos d\u00e9cadas: desde 1980 a 2003\u2014. <\/p>\n<p class=\"\">Seg\u00fan recalca el ministerio p\u00fablico en su escrito de acusaci\u00f3n, Pujol padre se \u201caprovech\u00f3\u201d de su condici\u00f3n de jefe del Ejecutivo auton\u00f3mico y l\u00edder de Converg\u00e8ncia para \u201ctejer una red de clientelismo, hasta el punto de constituir un entramado que implicaba\u201d que \u00e9l y \u201cdeterminados empresarios afines se repart\u00edan los sobresalientes beneficios de concursos p\u00fablicos\u201d.<\/p>\n<p class=\"\">Al finalizar sus pesquisas en 2020, el juez Jos\u00e9 De la Mata expuso que la familia Pujol hab\u00eda acumulado un \u201cpatrimonio desmedido\u201d irregular, nutrido por \u201cdiversas fuentes\u201d. Seg\u00fan el sumario, hay fondos \u201cil\u00edcitos\u201d procedentes de empresarios que quer\u00edan que se influyera a su favor \u201cen adjudicaciones, concesiones, cambios de calificaci\u00f3n urban\u00edstica&#8230;, a lo largo y ancho del espacio geogr\u00e1fico catal\u00e1n\u201d. Otros tambi\u00e9n pagaban con el \u00fanico objetivo de \u201ccongraciarse\u201d con la familia o para mantener una \u201cbuena relaci\u00f3n\u201d con ella para as\u00ed beneficiarse en el futuro. <\/p>\n<p class=\"\">Incluso, seg\u00fan remach\u00f3 el magistrado, consta dinero de \u201cfuente desconocida\u201d. Eso s\u00ed, tanto De la Mata como Anticorrupci\u00f3n descartan que todas esas cantidades provengan de una herencia que Florenci Pujol, padre de Jordi Pujol, les dejara en el extranjero a su nuera y nietos antes de morir \u2014como alega la defensa\u2014.<\/p>\n<p class=\"\">Adem\u00e1s de Jordi Pujol padre, en el banquillo se sientan una veintena de personas. Entre ellas, varios empresarios y los siete hijos del expresident, que participaron supuestamente en las operaciones de blanqueo del dinero. La Fiscal\u00eda se\u00f1ala que el exl\u00edder de Converg\u00e8ncia y su esposa, Marta Ferrusola, \u201cdirigieron las operaciones de ocultaci\u00f3n y afloramiento\u201d de las ganancias il\u00edcitas; pero a\u00f1ade que dos de sus v\u00e1stagos (Jordi y Josep) \u201cgestionaron los beneficios\u201d y el resto (Pere, Oleguer, Oriol, Mireia y Marta) se \u201cbeneficiaron directa y conscientemente\u201d, y \u201ccoadyuvaron a su ocultaci\u00f3n\u201d. Por ello, el ministerio p\u00fablico solicita 29 a\u00f1os de reclusi\u00f3n para el primog\u00e9nito, Jordi Pujol Ferrusola; 14 a\u00f1os para Josep; y ocho a\u00f1os para los otros cinco hijos restantes.<\/p>\n","protected":false},"excerpt":{"rendered":"Una pregunta sobrevuela el inicio del gran juicio por corrupci\u00f3n contra el ex presidente de la Generalitat de&hellip;\n","protected":false},"author":2,"featured_media":252622,"comment_status":"","ping_status":"","sticky":false,"template":"","format":"standard","meta":{"footnotes":""},"categories":[5],"tags":[6543,19623,27523,17,18,1980,12515,7232,25,24,13,14,4344,11,734,63299,63860,63863,2128,2158,19,20,63864,63861,9,10,15,16,63862,63865,63866,23,12,21,22],"class_list":{"0":"post-252621","1":"post","2":"type-post","3":"status-publish","4":"format-standard","5":"has-post-thumbnail","7":"category-titulares","8":"tag-audiencia-nacional","9":"tag-blanqueo-capitales","10":"tag-blanqueo-dinero","11":"tag-breaking-news","12":"tag-breakingnews","13":"tag-cataluna","14":"tag-corrupcion-politica","15":"tag-delitos","16":"tag-es","17":"tag-espana","18":"tag-featured-news","19":"tag-featurednews","20":"tag-generalitat-cataluna","21":"tag-headlines","22":"tag-investigacion-judicial","23":"tag-jordi-pujol","24":"tag-jordi-pujol-ferrusola","25":"tag-josep-pujol-ferrusola","26":"tag-juicios","27":"tag-justicia","28":"tag-latest-news","29":"tag-latestnews","30":"tag-marta-ferrusola","31":"tag-marta-pujol-ferrusola","32":"tag-news","33":"tag-noticias","34":"tag-noticias-destacadas","35":"tag-noticiasdestacadas","36":"tag-oleguer-pujol-ferrusola","37":"tag-oriol-pujol-ferrusola","38":"tag-pere-pujol-ferrusola","39":"tag-spain","40":"tag-titulares","41":"tag-ultimas-noticias","42":"tag-ultimasnoticias"},"share_on_mastodon":{"url":"","error":"Validation failed: Text character limit of 500 exceeded"},"_links":{"self":[{"href":"https:\/\/www.europesays.com\/es\/wp-json\/wp\/v2\/posts\/252621","targetHints":{"allow":["GET"]}}],"collection":[{"href":"https:\/\/www.europesays.com\/es\/wp-json\/wp\/v2\/posts"}],"about":[{"href":"https:\/\/www.europesays.com\/es\/wp-json\/wp\/v2\/types\/post"}],"author":[{"embeddable":true,"href":"https:\/\/www.europesays.com\/es\/wp-json\/wp\/v2\/users\/2"}],"replies":[{"embeddable":true,"href":"https:\/\/www.europesays.com\/es\/wp-json\/wp\/v2\/comments?post=252621"}],"version-history":[{"count":0,"href":"https:\/\/www.europesays.com\/es\/wp-json\/wp\/v2\/posts\/252621\/revisions"}],"wp:featuredmedia":[{"embeddable":true,"href":"https:\/\/www.europesays.com\/es\/wp-json\/wp\/v2\/media\/252622"}],"wp:attachment":[{"href":"https:\/\/www.europesays.com\/es\/wp-json\/wp\/v2\/media?parent=252621"}],"wp:term":[{"taxonomy":"category","embeddable":true,"href":"https:\/\/www.europesays.com\/es\/wp-json\/wp\/v2\/categories?post=252621"},{"taxonomy":"post_tag","embeddable":true,"href":"https:\/\/www.europesays.com\/es\/wp-json\/wp\/v2\/tags?post=252621"}],"curies":[{"name":"wp","href":"https:\/\/api.w.org\/{rel}","templated":true}]}}