{"id":252623,"date":"2025-11-24T05:28:10","date_gmt":"2025-11-24T05:28:10","guid":{"rendered":"https:\/\/www.europesays.com\/es\/252623\/"},"modified":"2025-11-24T05:28:10","modified_gmt":"2025-11-24T05:28:10","slug":"theo-maledon-jugador-de-la-j8","status":"publish","type":"post","link":"https:\/\/www.europesays.com\/es\/252623\/","title":{"rendered":"Theo Maledon, Jugador de la J8"},"content":{"rendered":"<p>Se perdi\u00f3 el inicio de la temporada por una inoportuna lesi\u00f3n, pero poco a poco ha ido recuperando su estado f\u00edsico y acopl\u00e1ndose a su nuevo equipo y compa\u00f1eros. De esta manera, <strong>Theo Maledon<\/strong> va afianz\u00e1ndose y tom\u00e1ndole la medida a una Liga Endesa que ya empieza a ver su mejor versi\u00f3n.<\/p>\n<p>Ahora, s\u00f3lo seis partidos despu\u00e9s, el base del Real Madrid consigue coronarse como Jugador de la Jornada 8, despu\u00e9s de liderar la trabajada victoria conquistada por el conjunto blanco en la pista del Coviran Granada.<\/p>\n<p>Tras sus 26 cr\u00e9ditos de valoraci\u00f3n, el franc\u00e9s logra este reconocimiento por primera vez en su corta trayectoria en la Liga Endesa.<\/p>\n<p>En la cancha del equipo nazar\u00ed, Maledon fue el segundo m\u00e1ximo anotador del choque con 18 puntos, s\u00f3lo dos menos de los conseguidos por su compa\u00f1ero <strong>Mario Hezonja<\/strong>. Para lograrlos, convirti\u00f3 5 de 8 en tiros de dos puntos (63%), 1 de 2 en triples (50%) y 5 de 7 desde la l\u00ednea de personal (71%).<\/p>\n<p>Pero si de algo se encarg\u00f3 el franc\u00e9s fue de demostrar su enorme clase como director de juego y generador de tiros. As\u00ed, lleg\u00f3 a repartir un total de 10 asistencias, que permitieron a sus compa\u00f1eros ampliar su cuenta particular y el marcador de su equipo.<\/p>\n<p>Tambi\u00e9n estuvo atento en defensa, capturando 4 rebotes que le permitieron iniciar nuevos ataques para el conjunto blanco.<\/p>\n<p>Complet\u00f3 su brillante estad\u00edstica con 5 faltas recibidas y un m\u00e1s que destacado +20 para su equipo cuando \u00e9l estuvo sobre la pista.<\/p>\n<p>Con estos n\u00fameros, Theo Maledon ha establecido sus nuevas mejores marcas en puntos (18), rebotes (4), asistencias (10) y valoraci\u00f3n (26).<\/p>\n","protected":false},"excerpt":{"rendered":"Se perdi\u00f3 el inicio de la temporada por una inoportuna lesi\u00f3n, pero poco a poco ha ido recuperando&hellip;\n","protected":false},"author":2,"featured_media":252624,"comment_status":"","ping_status":"","sticky":false,"template":"","format":"standard","meta":{"footnotes":""},"categories":[269],"tags":[299,298,168,25,24,23,167],"class_list":{"0":"post-252623","1":"post","2":"type-post","3":"status-publish","4":"format-standard","5":"has-post-thumbnail","7":"category-baloncesto","8":"tag-baloncesto","9":"tag-basketball","10":"tag-deportes","11":"tag-es","12":"tag-espana","13":"tag-spain","14":"tag-sports"},"share_on_mastodon":{"url":"https:\/\/pubeurope.com\/@es\/115603027142554239","error":""},"_links":{"self":[{"href":"https:\/\/www.europesays.com\/es\/wp-json\/wp\/v2\/posts\/252623","targetHints":{"allow":["GET"]}}],"collection":[{"href":"https:\/\/www.europesays.com\/es\/wp-json\/wp\/v2\/posts"}],"about":[{"href":"https:\/\/www.europesays.com\/es\/wp-json\/wp\/v2\/types\/post"}],"author":[{"embeddable":true,"href":"https:\/\/www.europesays.com\/es\/wp-json\/wp\/v2\/users\/2"}],"replies":[{"embeddable":true,"href":"https:\/\/www.europesays.com\/es\/wp-json\/wp\/v2\/comments?post=252623"}],"version-history":[{"count":0,"href":"https:\/\/www.europesays.com\/es\/wp-json\/wp\/v2\/posts\/252623\/revisions"}],"wp:featuredmedia":[{"embeddable":true,"href":"https:\/\/www.europesays.com\/es\/wp-json\/wp\/v2\/media\/252624"}],"wp:attachment":[{"href":"https:\/\/www.europesays.com\/es\/wp-json\/wp\/v2\/media?parent=252623"}],"wp:term":[{"taxonomy":"category","embeddable":true,"href":"https:\/\/www.europesays.com\/es\/wp-json\/wp\/v2\/categories?post=252623"},{"taxonomy":"post_tag","embeddable":true,"href":"https:\/\/www.europesays.com\/es\/wp-json\/wp\/v2\/tags?post=252623"}],"curies":[{"name":"wp","href":"https:\/\/api.w.org\/{rel}","templated":true}]}}