{"id":252626,"date":"2025-11-24T05:30:52","date_gmt":"2025-11-24T05:30:52","guid":{"rendered":"https:\/\/www.europesays.com\/es\/252626\/"},"modified":"2025-11-24T05:30:52","modified_gmt":"2025-11-24T05:30:52","slug":"de-sus-cifras-millonarias-y-amores-a-su-revolucion-estetica","status":"publish","type":"post","link":"https:\/\/www.europesays.com\/es\/252626\/","title":{"rendered":"de sus cifras millonarias y amores a su revoluci\u00f3n est\u00e9tica"},"content":{"rendered":"<p class=\"HOLA-TEMAS_5--TEXTO-1er-PARRAFO\" id=\"ey2FVdGkGHw\" data-wc=\"152\">Con\u00a0ella hemos visto la \u00ablux\u00bb. Y hoy no hay otra m\u00e1s grande. Ni m\u00e1s pura ni m\u00e1s intensa que nos ilumine a todos y en todas partes. Rosal\u00eda se ha convertido en una estrella de envergadura desconocida. Porque <strong>si bien Taylor Swift es la \u00abreina del pop\u00bb, el reino de Rosal\u00eda ya no es de este mundo.\u00a0<\/strong>Antes de trascenderlo, decirles que, cuando apenas se han cumplido quince d\u00edas desde la salida al mercado de este, <strong>su \u00e1lbum m\u00e1s ambicioso y at\u00edpico, Lux es el disco m\u00e1s escuchado del planeta<\/strong>, desbancando a la rubia de Pensylvania. Y que en solo siete coloc\u00f3 <strong>doce de los quince\u00a0tracks en el Top Global\u00a0de las canciones m\u00e1s escuchadas\u00a0<\/strong><strong>around the world<\/strong>, convirti\u00e9ndose as\u00ed en el <a class=\"hm-link ho-link\" href=\"https:\/\/www.hola.com\/moda\/20251116867685\/fenomeno-rosalia-nuevo-album-tendencias-moda-expertos\/\" data-mrf-recirculation=\"article-body-link\" rel=\"nofollow noopener\" target=\"_blank\">LP de una artista hispanohablante m\u00e1s reproducido en el mundo en un solo d\u00eda de la historia<\/a>, superando los 35,7 millones de escuchas de la colombiana Karol G.<\/p>\n<p>  <img src=\"https:\/\/www.europesays.com\/es\/wp-content\/uploads\/2025\/11\/f608921292e8-gettyimages-2246531434.jpg\"   width=\"1920\" height=\"1080\" loading=\"lazy\" decoding=\"async\" alt=\"Rosal\u00eda durante su actuaci\u00f3n en el show de Jimmy Fallon\" fetchpriority=\"auto\" class=\"image ho-image\"\/>\u00a9 AgenciasSi alguien preguntara en qu\u00e9 ciudad se escucha m\u00e1s a Rosal\u00eda, muchos tendr\u00edan la duda a la hora de decantarse por Madrid o por Barcelona. Sin embargo, el tumulto a las puertas de la NBC donde se graba \u00abThe Tonight Show\u00bb, en Manhattan, nos podr\u00eda dar una pista m\u00e1s certera. Porque el gato al agua se lo llevar\u00eda Nueva York, y despu\u00e9s, Ciudad de M\u00e9xico. De ah\u00ed las bromas de Rosal\u00eda<\/p>\n<p class=\"HOLA-TEMAS_5a--TEXTO-NORMAL\" id=\"e5xSzwO_Iwk\" data-wc=\"116\">Y todo eso lo lograba la de Sant Esteve de Sesro\u00advires<strong>\u00a0reflexionando sobre la fe, el amor, la pureza, el fracaso, el arte, las ra\u00edces, el esp\u00edritu, la feminidad o el perd\u00f3n.\u00a0<\/strong>Y en<strong>\u00a0ese viaje hacia el fondo de su alma no ha encontrado l\u00edmites<\/strong>. Ha explorado todos los confines, ha dejado volar su imaginaci\u00f3n y ha experimentado con eso de expiar pecados y sortear, doblegar y abatir barreras \u2014o culpas\u2014. Lo suyo ha sido no solo una introspecci\u00f3n, sino tambi\u00e9n<strong>\u00a0una comuni\u00f3n con las debilidades y grandezas de la humanidad<\/strong>, y la humanidad, como ven, se ha abierto en canal, como una granada reventada por el sol. O como el Mar Rojo ante Mois\u00e9s.\u00a0<\/p>\n<p class=\"HOLA-TEMAS_5a--TEXTO-NORMAL\" id=\"e2KxPq3OAC6N\" data-wc=\"86\">Rosal\u00eda se ha convertido en la nueva Mes\u00edas musical en el sentido m\u00e1s arcaico del t\u00e9rmino:<strong>\u00a0revolucionando lo establecido y removiendo conciencias, est\u00e9ticas y conflictos\u2026<\/strong> para encontrarse consigo misma. Y con Dios. Y no, no se nos ha ido la pinza. Que ya lo dec\u00edan Miguel \u00c1ngel y Johann Sebastian Bach y Bernini, que la belleza es el \u00fanico camino para encontrarse con Dios, y el arte, su lenguaje. Rosal\u00eda est\u00e1 en lo mismo, en que \u00abDios es el \u00fanico que puede llenar todos los espacios\u00bb.<\/p>\n<p>  <img src=\"https:\/\/www.europesays.com\/es\/wp-content\/uploads\/2025\/11\/ce4892c5e9d2-chanelrosalia-wore-chanel-at-the-the-tonight-show-starring-jimmy-fallon-161125.jpg\"   width=\"1080\" height=\"1800\" loading=\"lazy\" decoding=\"async\" alt=\"Rosal\u00eda en el plat\u00f3 de Jimmy Fallon\" fetchpriority=\"auto\" class=\"image ho-image\"\/>\u00a9 Chanel<\/p>\n<blockquote class=\"ho-bl-1081603 -no-figcaption\" cite=\"\">\n<p id=\"eg1hMm4As6a\">Dispar\u00f3 los \u00abrankings\u00bb de audiencia y no era su primera vez en el \u00abshow\u00bb de Jimmy Fallon. Lanzada y divertida, ense\u00f1\u00f3 al presentador a dar las palmas, t\u00e9cnica vocal y hasta a soltarse con alguna frase en espa\u00f1ol que lo dej\u00f3 K.O.: \u00abTe quiero comer la boca\u00bb<\/p>\n<\/blockquote>\n<p class=\"HOLA-TEMAS_5a--TEXTO-NORMAL\" id=\"eh72u6l7M4d\" data-wc=\"100\">Por eso, desde <strong>Marta Ortega, que ya le confi\u00f3 sus talleres para dise\u00f1ar un sof\u00e1 para el 50 aniversario de Zara,\u00a0<\/strong><a class=\"hm-link ho-link\" href=\"https:\/\/www.hola.com\/actualidad\/20251111866818\/rosalia-la-revuelta\/\" data-mrf-recirculation=\"article-body-link\" rel=\"nofollow noopener\" target=\"_blank\">a Jimmy Fallon, que le regal\u00f3 su plat\u00f3 en la NBC, caen rendidos a sus pies\u00a0<\/a>(o sus tacones, los de Ludovic San Sernin). Rendidos y seducidos y atra\u00eddos o noqueados por su palabra, aunque ahora, en aras de saber de d\u00f3nde le viene el tron\u00edo, el duende o aura a la catalana, <strong>genealogistas de todo el mundo se han puesto a investigar archivos y Rh\u2019s para descubrir que, adem\u00e1s, tiene genes asturianos, gallegos y hasta cubanos y abulenses<\/strong>.\u00a0<\/p>\n<p>  <img src=\"https:\/\/www.europesays.com\/es\/wp-content\/uploads\/2025\/11\/46692470c37d-chanelrosalia-wore-chanel-at-the-the-tonight-show-starring-jimmy-fallon-161125.jpg\"   width=\"1920\" height=\"1080\" loading=\"lazy\" decoding=\"async\" alt=\"Rosal\u00eda, hablando con Jimmy Fallon durante la entrevista\" fetchpriority=\"auto\" class=\"image ho-image\"\/>\u00a9 ChanelA Jimmy Fallon le solt\u00f3 un \u00abdame la mantequilla de cacahuete, que quiero bailar\u00bb que solo entendi\u00f3 el publico latino o los versos que enton\u00f3 al un\u00edsono con el presentador de la canci\u00f3n \u00abLa perla\u00bb, que ir\u00edan dirigidos como dardos a Rauw Alejandro<\/p>\n<p class=\"HOLA-TEMAS_5a--TEXTO-NORMAL\" id=\"eI0F6nMiXOg\" data-wc=\"109\">El de The Tonight Show, despistado el pobre, hasta le dio las palmas cuando la de Malamente ha dado un paso m\u00e1s all\u00e1 del flamenco, y\u00e9ndose ahora por la m\u00edstica de Santa Teresa de \u00c1vila, dej\u00e1ndonos a todos entre descolocados, f<strong>ascinados o con el paso cambiado intentando mover la cadera al ritmo de la Sinfon\u00eda de Londres, Bjork, Carminho, Silvia P\u00e9rez Cruz o Charlotte Gaingsbourg<\/strong>. En un momento en el que todo pasa tan deprisa que nada es moderno, ella recuerda a Beethoven, a Mozart, a Vivaldi, a Carl Oftt, como construyendo un puente hacia lo trascendente y desatando las escuchas de m\u00fasica cl\u00e1sica en un 500 por ciento.<\/p>\n<p>  <img src=\"https:\/\/www.europesays.com\/es\/wp-content\/uploads\/2025\/11\/f7d9e1077cbd-captura-de-pantalla-2025-11-17-a-las-120322.jpg\"   width=\"1080\" height=\"1080\" loading=\"lazy\" decoding=\"async\" alt=\"Rosal\u00eda en su videoclip de la canci\u00f3n 'Berghain'\" fetchpriority=\"auto\" class=\"image ho-image\"\/>\u00a9 @rosalia.vt<\/p>\n<p>  <img src=\"https:\/\/www.europesays.com\/es\/wp-content\/uploads\/2025\/11\/eff1e46a55fa-europapress7092408rosaliaatiendeasusfansasullegadaalprogram.jpg\"   width=\"1080\" height=\"1080\" loading=\"lazy\" decoding=\"async\" alt=\"Rosal\u00eda, firmando aut\u00f3grafos\" fetchpriority=\"auto\" class=\"image ho-image\"\/>\u00a9 Agencias<\/p>\n<p class=\"HOLA-TEMAS_5a--TEXTO-NORMAL\" id=\"e2Pf09h6kdp\" data-wc=\"75\">\u00abLo<strong>\u00a0he escuchado cinco veces y es\u2026 brillante.<\/strong> No va a ser el \u00e1lbum del a\u00f1o. <a class=\"hm-link ho-link\" href=\"https:\/\/www.hola.com\/actualidad\/20251110864534\/metamorfosis-de-rosalia-icono-internacional\/\" data-mrf-recirculation=\"article-body-link\" rel=\"nofollow noopener\" target=\"_blank\">Va a ser el \u00e1lbum de la d\u00e9cada de lejos. Es extraordinario.<\/a> Un \u00e1lbum eterno\u00bb, ha dicho Andrew Lloyd Weber, el compositor de\u00a0Jesucristo Superstar,\u00a0Cats, El fantasma de la \u00f3pera o Evita, fascinando por la musicalidad de\u00a0Lux, dada la ausencia de compases de 4&#215;4 o por el uso de los tempos dispares. Sin hablar de las lenguas.\u00a0<\/p>\n<p>  <img src=\"https:\/\/www.europesays.com\/es\/wp-content\/uploads\/2025\/11\/f9c9c55a3d46-gettyimages-2246531314.jpg\"   width=\"1080\" height=\"1080\" loading=\"lazy\" decoding=\"async\" alt=\"Rosal\u00eda cantando con Jimmy Fallon\" fetchpriority=\"auto\" class=\"image ho-image\"\/>\u00a9 Agencias<\/p>\n<p>  <img src=\"https:\/\/www.europesays.com\/es\/wp-content\/uploads\/2025\/11\/e5d5d78ccd13-8023105823001.jpg\"   width=\"1080\" height=\"1080\" loading=\"lazy\" decoding=\"async\" alt=\"Rosal\u00eda, haci\u00e9ndose fotos con sus fans\" fetchpriority=\"auto\" class=\"image ho-image\"\/>\u00a9 Agencias<\/p>\n<p class=\"HOLA-TEMAS_5a--TEXTO-NORMAL\" id=\"e03-6ICC-y3\" data-wc=\"81\">A pesar de que <strong>el castellano es el idioma que sirve como columna vertebral del nuevo \u00e1lbum, Rosal\u00eda hace uso de otras 14 lenguas m\u00e1s.<\/strong> Del ingl\u00e9s al lat\u00edn, pasando por el japon\u00e9s, el \u00e1rabe y el alem\u00e1n (que hoy \u00abamor\u00bb se dice en su cama \u00abhabun\u00bb o \u00abliebe\u00bb), el italiano, el franc\u00e9s, el mandar\u00edn, el ucraniano, el hebreo, el portugu\u00e9s\u2026 y la suya propia. \u00abXica, ke dissse?\u00bb. Pues eso, que, como buena manitas, tambi\u00e9n se maneja con el bricolaje ling\u00fc\u00edstico.<\/p>\n<blockquote class=\"ho-bl-1081603 -no-figcaption\" cite=\"\">\n<p id=\"eRmLP9wJMS9\">Como Carrie Bradshaw vestida de novia, Rosal\u00eda interpret\u00f3 en directo la boda que nunca tuvo lugar con Rauw Alejandro, y la canci\u00f3n incluy\u00f3 un sonoro pitido en el verso \u00abmedalla ol\u00edmpica de oro al m\u00e1s\u2026\u00bb<\/p>\n<\/blockquote>\n<p>  <img src=\"https:\/\/www.europesays.com\/es\/wp-content\/uploads\/2025\/11\/c5f8e7d054f6-gettyimages-2246530979cut.jpg\"   width=\"1080\" height=\"1800\" loading=\"lazy\" decoding=\"async\" alt=\"Rosal\u00eda en un momento de su actuaci\u00f3n con Jimmy Fallon\" fetchpriority=\"auto\" class=\"image ho-image\"\/>\u00a9 AgenciasSi en su anterior intervenci\u00f3n en el programa de Jimmy Fallon fue su romance con Hunter Schafer, en 2019, lo que rondaba a la de \u00abDespechada\u00bb, en esta ocasi\u00f3n fue su ruptura con \u00bfRauw Alejandro, en 2023?, \u00bfcon C. Tangana, en 2018?, \u00bfcon Jeremy Allen White, en 2024? Lo que m\u00e1s polvareda ha levantado en su intervenci\u00f3n en la NBC fue por su canci\u00f3n \u00abLa perla\u00bb, en la que hace un despliegue de dardos muy sustancioso, al estilo Shakira<\/p>\n<p>  <img src=\"https:\/\/www.europesays.com\/es\/wp-content\/uploads\/2025\/11\/c323b8a66023-gettyimages-1440335295cut.jpg\"   width=\"1080\" height=\"1080\" loading=\"lazy\" decoding=\"async\" alt=\"Rosal\u00eda con Pen\u00e9lope Cruz\" fetchpriority=\"auto\" class=\"image ho-image\"\/>\u00a9 Agencias Con Pen\u00e9lope Cruz comparti\u00f3 \u00abDolor y gloria\u00bb, de Almod\u00f3var<\/p>\n<p>  <img src=\"https:\/\/www.europesays.com\/es\/wp-content\/uploads\/2025\/11\/022480d5daeb-gettyimages-1442401139.jpg\"   width=\"1080\" height=\"1080\" loading=\"lazy\" decoding=\"async\" alt=\"Rosal\u00eda en los premios Latin Grammy\" fetchpriority=\"auto\" class=\"image ho-image\"\/>\u00a9 AgenciasUna mujer 360. Desde que, en 2018, lanzara \u00abEl mal querer\u00bb, Rosal\u00eda no solo se ha convertido en una estrella de la m\u00fasica \u2014\u00bbla m\u00e1s brillante\u00bb de su generaci\u00f3n, seg\u00fan Andrew Lloyd Weber\u2014, sino tambi\u00e9n en una celebridad imitada y referente para otras figuras del cine, la moda o el arte<\/p>\n<p class=\"HOLA-TEMAS_5a--TEXTO-NORMAL\" id=\"eAVrDkaVmYS\" data-wc=\"142\">Llama la atenci\u00f3n el uso del <strong>siciliano<\/strong>. La<strong>\u00a0lengua que hablaba la santa de la que lleva el nombre<\/strong> y hasta la tonsura dorada \u2014obra de su peluquer\u00eda de confianza, Serpiente\u2014, S<strong>anta Rosal\u00eda de Palermo, una joven que eligi\u00f3 a Dios antes que a su prometido<\/strong>. La canci\u00f3n es Focu \u2018ranni, un tema que le sirve a esta mujer que lo mismo ocupa Page Six por sus revelaciones sobre su relaci\u00f3n con Hunter Schafer en Euphoria que lo hace en The Financial Times por su conglomerado Motomami, para hablar del amor. O de Rauw Alejandro. O de C. Tangana. O de Jeremy Allen White. O <strong>de todos a la vez. Sin revancha, pero s\u00ed con consciencia de su dolor\u00a0<\/strong>y que a buen seguro se convertir\u00e1 en himno de su pr\u00f3xima gira, cuyo anuncio acumula ya m\u00e1s de un mill\u00f3n de likes.\u00a0<\/p>\n<p>  <img src=\"https:\/\/www.europesays.com\/es\/wp-content\/uploads\/2025\/11\/d5c36f90edde-8-rosalia-marta-ortega-perez-by-sl.jpg\"   width=\"1080\" height=\"1800\" loading=\"lazy\" decoding=\"async\" alt=\"Rosal\u00eda con Marta Ortega\" fetchpriority=\"auto\" class=\"image ho-image\"\/>\u00a9 Saskia LawaskRosal\u00eda, en \u00abLa Ventana\u00bb, de la SER, ante la pregunta: \u00ab\u00bfT\u00fa sabes perdonar?\u00bb, respond\u00eda: \u00abMe cuesta mucho. Me tardo a\u00f1os. Es algo que estoy, de verdad, trabajando e intentando cada vez aprender a soltar m\u00e1s\u00bb<\/p>\n<p>  <img src=\"https:\/\/www.europesays.com\/es\/wp-content\/uploads\/2025\/11\/fcc8fb1fd7f5-lloyd-webber5.jpg\"   width=\"1080\" height=\"1800\" loading=\"lazy\" decoding=\"async\" alt=\"Un cr\u00edtico hablando del \u00e1lbum de Rosal\u00eda\" fetchpriority=\"auto\" class=\"image ho-image\"\/>\u00a9 @andrewlloydwebber<\/p>\n<p class=\"HOLA-TEMAS_5a--TEXTO-NORMAL\" id=\"eEV3untlSiR\" data-wc=\"112\">Al menos,<strong>\u00a0ya la hemos visto vestida de novia<\/strong>, que con el de Vampiros nos quedamos con las ganas y con Emilio Sakraya, el germanomarroqu\u00ed que ocupaba su vida y con el que bailaba en Berghain, el club berlin\u00e9s del primer\u00a0single, parece que tambi\u00e9n, y que est\u00e1 soltera. En\u00a0Jimmy Fallon, se puso un<strong>\u00a0Vivienne Westwood Style (porque no era) como el de su amiga Charli XCX o como el de Carrie Bradshaw en\u00a0<\/strong><strong>Sex and the city.<\/strong> Porque, a veces, una \u00abno tiene por qu\u00e9 tener un plan, pero s\u00ed un buen vestido\u00bb. O un bizcocho de yogur. Le dio la receta a Broncano y, s\u00ed, ya se ha viralizado.<\/p>\n<p>  <img src=\"https:\/\/www.europesays.com\/es\/wp-content\/uploads\/2025\/11\/6d00c2a4a905-gettyimages-2151796190.jpg\"   width=\"1080\" height=\"1800\" loading=\"lazy\" decoding=\"async\" alt=\"Rosal\u00eda con Kendall Jenner\" fetchpriority=\"auto\" class=\"image ho-image\"\/>\u00a9 AgenciasMantiene una amistad con Kendall y Kylie Jenner desde que coincidieron en la Semana de Par\u00eds<\/p>\n<p>  <img src=\"https:\/\/www.europesays.com\/es\/wp-content\/uploads\/2025\/11\/d73321838f1a-1763388617544.jpg\"   width=\"1080\" height=\"1800\" loading=\"lazy\" decoding=\"async\" alt=\"Rosal\u00eda con la cantante Aitana en los premios de los 40\" fetchpriority=\"auto\" class=\"image ho-image\"\/>\u00a9 @aitanaxComparte con Aitana, el primer puesto en el pop en castellano en las listas de ventas y en Los 40 Principales<\/p>\n<p>En cifras\u00a0<\/p>\n<p id=\"eeUxGzvrUI\" data-wc=\"19\"><strong>Berghain<\/strong>, el primer\u00a0single de Lux,\u00a0ha conseguido<strong>\u00a056,8 M de reproducciones en Spotify\u00a0<\/strong>y 25 M en YouTube \u00a0\u00a0<\/p>\n<p id=\"eEO9M1-UrM\" data-wc=\"26\">Con <strong>27,3 M de seguidores en IG<\/strong>, <strong>32,5 M en TikTok y 8,8 M en YouTube<\/strong>, Rosal\u00eda ocupa el puesto <strong>35 en el ranking\u00a0<\/strong>de Chartmetric. \u00a0<\/p>\n<blockquote class=\"ho-bl-1081603 -no-figcaption\" cite=\"\">\n<p id=\"eAe-oX5oVW5\">La cr\u00edtica especializada elogia a Rosal\u00eda: \u00abThe Financial Times\u00bb le ha otorgado cuatro de sus cinco estrellas y \u00abThe New York Times\u00bb apunta que si bien \u00abla m\u00fasica cl\u00e1sica y la \u00f3pera no son su hogar, en \u201cLux\u201d son su patio de recreo\u00bb<\/p>\n<\/blockquote>\n<p id=\"e_18UidG3W\" data-wc=\"52\">Ganadora de <strong>dos premios Grammy, Rosal\u00eda atesora once Grammy Latinos\u00a0<\/strong>(incluidos dos premios al \u00e1lbum del a\u00f1o),<strong> cuatro MTV Video Music Awards, dos MTV Europe Music Awards,<\/strong> <strong>tres\u00a0<\/strong><strong>UK Music Video Awards<\/strong>, y <strong>siete discos de platino solo en Espa\u00f1a<\/strong>, con El mal querer, adem\u00e1s, multiplatino en Espa\u00f1a y en el mundo.\u00a0<\/p>\n<p id=\"ewLElk79Yc\" data-wc=\"29\">Motomami, el holding empresarial que gestiona sus derechos y propiedades,<strong>\u00a0factur\u00f3 m\u00e1s de 12,5 M de dolares en 2023,<\/strong> lo que significa un <strong>crecimiento del 240\u2009%<\/strong> respecto a 2022.<\/p>\n<p id=\"edLybVsq5Q7\" data-wc=\"28\">Se estima que el <a class=\"hm-link ho-link\" href=\"https:\/\/www.hola.com\/actualidad\/20251107866298\/rosalia-lanza-lux-enciende-debate-la-perla-mensaje-oculto-rauw-c-tangana\/\" data-mrf-recirculation=\"article-body-link\" rel=\"nofollow noopener\" target=\"_blank\">patrimonio de Rosal\u00eda estar\u00eda valorado en 50 millones de euros<\/a> y est\u00e1 considera como una de las<strong>\u00a020 mujeres m\u00e1s influyentes<\/strong> de la m\u00fasica.<\/p>\n<p>  <img src=\"https:\/\/www.europesays.com\/es\/wp-content\/uploads\/2025\/11\/d6e6112af217-gettyimages-1244866784.jpg\"   width=\"1080\" height=\"1800\" loading=\"lazy\" decoding=\"async\" alt=\"Rosal\u00eda con su exnovio, Rauw Alejandro\" fetchpriority=\"auto\" class=\"image ho-image\"\/>\u00a9 AgenciasPor si acaso, Rauw ya ha respondido a los rumores: \u00abYo ser\u00e9 muchas cosas, pero nunca infiel\u00bb<\/p>\n<p>  <img src=\"https:\/\/www.europesays.com\/es\/wp-content\/uploads\/2025\/11\/a0a0518db8b5-laptidexclusivejer1014728.jpg\"   width=\"1080\" height=\"1800\" loading=\"lazy\" decoding=\"async\" alt=\"Rosal\u00eda con su ex Jeremy Allen White\" fetchpriority=\"auto\" class=\"image ho-image\"\/>\u00a9 Agencias<\/p>\n","protected":false},"excerpt":{"rendered":"Con\u00a0ella hemos visto la \u00ablux\u00bb. Y hoy no hay otra m\u00e1s grande. Ni m\u00e1s pura ni m\u00e1s intensa&hellip;\n","protected":false},"author":2,"featured_media":252627,"comment_status":"","ping_status":"","sticky":false,"template":"","format":"standard","meta":{"footnotes":""},"categories":[174],"tags":[3900,517,255,3899,146,147,25,24,256,4147,23],"class_list":{"0":"post-252626","1":"post","2":"type-post","3":"status-publish","4":"format-standard","5":"has-post-thumbnail","7":"category-famosos","8":"tag-hola","9":"tag-actualidad","10":"tag-celebrities","11":"tag-contenido-sensible","12":"tag-entertainment","13":"tag-entretenimiento","14":"tag-es","15":"tag-espana","16":"tag-famosos","17":"tag-rosalia","18":"tag-spain"},"share_on_mastodon":{"url":"https:\/\/pubeurope.com\/@es\/115603039469863236","error":""},"_links":{"self":[{"href":"https:\/\/www.europesays.com\/es\/wp-json\/wp\/v2\/posts\/252626","targetHints":{"allow":["GET"]}}],"collection":[{"href":"https:\/\/www.europesays.com\/es\/wp-json\/wp\/v2\/posts"}],"about":[{"href":"https:\/\/www.europesays.com\/es\/wp-json\/wp\/v2\/types\/post"}],"author":[{"embeddable":true,"href":"https:\/\/www.europesays.com\/es\/wp-json\/wp\/v2\/users\/2"}],"replies":[{"embeddable":true,"href":"https:\/\/www.europesays.com\/es\/wp-json\/wp\/v2\/comments?post=252626"}],"version-history":[{"count":0,"href":"https:\/\/www.europesays.com\/es\/wp-json\/wp\/v2\/posts\/252626\/revisions"}],"wp:featuredmedia":[{"embeddable":true,"href":"https:\/\/www.europesays.com\/es\/wp-json\/wp\/v2\/media\/252627"}],"wp:attachment":[{"href":"https:\/\/www.europesays.com\/es\/wp-json\/wp\/v2\/media?parent=252626"}],"wp:term":[{"taxonomy":"category","embeddable":true,"href":"https:\/\/www.europesays.com\/es\/wp-json\/wp\/v2\/categories?post=252626"},{"taxonomy":"post_tag","embeddable":true,"href":"https:\/\/www.europesays.com\/es\/wp-json\/wp\/v2\/tags?post=252626"}],"curies":[{"name":"wp","href":"https:\/\/api.w.org\/{rel}","templated":true}]}}