{"id":252628,"date":"2025-11-24T05:34:21","date_gmt":"2025-11-24T05:34:21","guid":{"rendered":"https:\/\/www.europesays.com\/es\/252628\/"},"modified":"2025-11-24T05:34:21","modified_gmt":"2025-11-24T05:34:21","slug":"descubre-a-teresa-el-personaje-de-alba-loureiro-en-las-hijas-de-la-criada","status":"publish","type":"post","link":"https:\/\/www.europesays.com\/es\/252628\/","title":{"rendered":"descubre a Teresa, el personaje de Alba Loureiro en Las hijas de la criada"},"content":{"rendered":"<p><b>Las hijas de la criada<\/b>, <b><a title=\"serie basada en la novela de Sonsoles \u00d3nega, llegar\u00e1 este 30 de noviembre a atresplayer\" href=\"https:\/\/www.antena3.com\/series\/hijas-criada\/exclusiva-descubre-trailer-hijas-criada-disponible-30-noviembre-atresplayer_2025093068dbb0763ce0ad1de88f6db2.html\" target=\"_blank\" rel=\"nofollow noopener\">serie basada en la novela de Sonsoles \u00d3nega, llegar\u00e1 este 30 de noviembre a atresplayer<\/a><\/b> y en ella conoceremos a varios personajes rencorosos y vengativos, aunque ese no es el caso de Teresa.<\/p>\n<p><b>Alba Loureiro <\/b>es la encargada de interpretar en Las hijas de la criada a <b>Teresa <\/b>\u201cuno de los personajes m\u00e1s amables de la serie\u201d, seg\u00fan la actriz. Es una mujer de la alta sociedad gallega que est\u00e1 casada con un hombre que se dedica a la banca, <b>Agust\u00edn<\/b>.<\/p>\n<p><b>Su relaci\u00f3n con su marido es muy buena,<\/b> especialmente porque \u00e9l \u201cla escucha\u201d, algo poco com\u00fan en esa \u00e9poca. <b>Teresa <\/b>tiene sus propias ideas y <b>Agust\u00edn<\/b>, el lugar de hacerle cambiar de opini\u00f3n, trata de comprenderla.<\/p>\n<p><b>In\u00e9s <\/b>le causa mucha admiraci\u00f3n desde que la conoce, por eso <b>Teresa <\/b>acaba acerc\u00e1ndose a ella y forjando una relaci\u00f3n de amistad. \u00a1Escucha todo lo que nos ha contado sobre ella d\u00e1ndole al play al v\u00eddeo de arriba!<\/p>\n<p>   <img decoding=\"async\" title=\"Xoel Fern\u00e1ndez da vida a Domingo en Las hijas de la criada: \u201cUn hombre profundamente quebrado\u201d\" alt=\"Xoel Fern\u00e1ndez da vida a Domingo en Las hijas de la criada: \u201cUn hombre profundamente quebrado\u201d\" width=\"480\" height=\"270\" src=\"https:\/\/www.europesays.com\/es\/wp-content\/uploads\/2025\/11\/1763962461_285_70.jpg\" loading=\"lazy\" class=\"lazy\"\/><\/p>\n","protected":false},"excerpt":{"rendered":"Las hijas de la criada, serie basada en la novela de Sonsoles \u00d3nega, llegar\u00e1 este 30 de noviembre&hellip;\n","protected":false},"author":2,"featured_media":252629,"comment_status":"","ping_status":"","sticky":false,"template":"","format":"standard","meta":{"footnotes":""},"categories":[171],"tags":[146,147,25,24,23,214],"class_list":{"0":"post-252628","1":"post","2":"type-post","3":"status-publish","4":"format-standard","5":"has-post-thumbnail","7":"category-tv","8":"tag-entertainment","9":"tag-entretenimiento","10":"tag-es","11":"tag-espana","12":"tag-spain","13":"tag-tv"},"share_on_mastodon":{"url":"https:\/\/pubeurope.com\/@es\/115603050960249028","error":""},"_links":{"self":[{"href":"https:\/\/www.europesays.com\/es\/wp-json\/wp\/v2\/posts\/252628","targetHints":{"allow":["GET"]}}],"collection":[{"href":"https:\/\/www.europesays.com\/es\/wp-json\/wp\/v2\/posts"}],"about":[{"href":"https:\/\/www.europesays.com\/es\/wp-json\/wp\/v2\/types\/post"}],"author":[{"embeddable":true,"href":"https:\/\/www.europesays.com\/es\/wp-json\/wp\/v2\/users\/2"}],"replies":[{"embeddable":true,"href":"https:\/\/www.europesays.com\/es\/wp-json\/wp\/v2\/comments?post=252628"}],"version-history":[{"count":0,"href":"https:\/\/www.europesays.com\/es\/wp-json\/wp\/v2\/posts\/252628\/revisions"}],"wp:featuredmedia":[{"embeddable":true,"href":"https:\/\/www.europesays.com\/es\/wp-json\/wp\/v2\/media\/252629"}],"wp:attachment":[{"href":"https:\/\/www.europesays.com\/es\/wp-json\/wp\/v2\/media?parent=252628"}],"wp:term":[{"taxonomy":"category","embeddable":true,"href":"https:\/\/www.europesays.com\/es\/wp-json\/wp\/v2\/categories?post=252628"},{"taxonomy":"post_tag","embeddable":true,"href":"https:\/\/www.europesays.com\/es\/wp-json\/wp\/v2\/tags?post=252628"}],"curies":[{"name":"wp","href":"https:\/\/api.w.org\/{rel}","templated":true}]}}