{"id":252630,"date":"2025-11-24T05:36:22","date_gmt":"2025-11-24T05:36:22","guid":{"rendered":"https:\/\/www.europesays.com\/es\/252630\/"},"modified":"2025-11-24T05:36:22","modified_gmt":"2025-11-24T05:36:22","slug":"documental-sobre-familia-de-la-cienaga-de-zapata-gana-el-maximo-premio-en-festival-de-cine-en-espana","status":"publish","type":"post","link":"https:\/\/www.europesays.com\/es\/252630\/","title":{"rendered":"Documental sobre familia de la Ci\u00e9naga de Zapata gana el m\u00e1ximo premio en Festival de Cine en Espa\u00f1a"},"content":{"rendered":"<p>El retrato \u00edntimo de una familia cubana que sobrevive entre pantanos, escasez y aislamiento en la Ci\u00e9naga de Zapata acaba de conquistar uno de los escenarios m\u00e1s importantes del cine iberoamericano.<\/p>\n<p>\u00abAl Oeste, en Zapata\u00bb, \u00f3pera prima del cineasta hispanocubano David Bim, gan\u00f3 este s\u00e1bado el premio a Mejor Largometraje de la Competencia Albar en la <a href=\"https:\/\/ficx.tv\/\" rel=\"nofollow noopener\" target=\"_blank\">63\u00aa edici\u00f3n del Festival Internacional de Cine de Gij\u00f3n\/Xix\u00f3n<\/a>, en Espa\u00f1a, seg\u00fan inform\u00f3 la agencia <a href=\"https:\/\/www.swissinfo.ch\/spa\/festival-de-gij%C3%B3n-premia-al-cineasta-hispanocubano-david-bim-por-%27al-oeste%2C-en-zapata%27\/90434284\" rel=\"nofollow noopener\" target=\"_blank\">EFE<\/a>.<\/p>\n<p>La pel\u00edcula sigue a Landi y Mercedes, un matrimonio que permanece en uno de los territorios m\u00e1s inh\u00f3spitos del archipi\u00e9lago cubano. En plena pandemia, con el pa\u00eds atravesado por carencias y tensiones sociales, la familia se aferra a un paisaje donde la sobrevivencia se escribe con esfuerzo f\u00edsico, intuici\u00f3n y silencio.<\/p>\n<p>En la Ci\u00e9naga de Zapata, el ecosistema pantanoso m\u00e1s grande del Caribe, Landi se adentra a los humedales para cazar cocodrilos con sus propias manos, una pr\u00e1ctica tan extrema como ancestral para garantizar el alimento.<\/p>\n<p>Mientras tanto, Mercedes recolecta carb\u00f3n en la costa y cuida a su hijo, quien padece autismo severo. La pel\u00edcula reconstruye esos d\u00edas de encierro, incertidumbre y resistencia en un entorno donde la vida depende de lo que pueda encontrarse en el agua o la tierra.<\/p>\n<p>Captura de Facebook\/Centro Arte Alameda<\/p>\n<p>El p\u00fablico del festival qued\u00f3 marcado por el pulso humano del documental, que adem\u00e1s obtuvo una Menci\u00f3n Especial del Jurado en la secci\u00f3n de Cine Espa\u00f1ol, consolidando a Bim como una nueva voz del cine documental contempor\u00e1neo.<\/p>\n<p>La cinta ya hab\u00eda recibido elogios internacionales, incluyendo una Menci\u00f3n Especial del Jurado y del Premio FIPRESCI en Visions du R\u00e9el, uno de los festivales de cine documental m\u00e1s prestigiosos del mundo.<\/p>\n<p>Un festival cargado de diversidad y talento<\/p>\n<p>El Festival de Gij\u00f3n volvi\u00f3 a destacar por la heterogeneidad de su programaci\u00f3n. EFE inform\u00f3 que, adem\u00e1s de la victoria de \u00abAl Oeste, en Zapata\u00bb, los argentinos Basovih Marinaro y Sof\u00eda Jallinsky fueron premiados en la secci\u00f3n FICX Premiere por su filme \u00abLos bobos\u00bb. El espa\u00f1ol \u00c1ngel Santos se llev\u00f3 el galard\u00f3n a Mejor Director por \u00abAs\u00ed chegou a noite\u00bb.<\/p>\n<p>En actuaci\u00f3n, el jurado reconoci\u00f3 a la rumana Eszter Tompa por \u00abKontinental 25\u00bb y al brit\u00e1nico Ben Whishaw por \u00abPeter Hujar\u2019s Day\u00bb.<\/p>\n<p>La edici\u00f3n 63 tambi\u00e9n distingui\u00f3 trabajos de B\u00e9lgica, Francia, Estados Unidos, Chile, y varias regiones de Espa\u00f1a, reflejando un mapa diverso que ya es marca del festival.<\/p>\n<p>Una historia cubana que trasciende fronteras<\/p>\n<p>La victoria de \u00abAl Oeste, en Zapata\u00bb no solo celebra el talento de David Bim, sino que pone en el centro a una Cuba profunda, poco filmada y habitualmente invisible, donde miles de familias sobreviven en condiciones de aislamiento y precariedad.<\/p>\n<p>La historia de Landi, Mercedes y su hijo, resistiendo entre cocodrilos, carb\u00f3n y pantanos, encontr\u00f3 en Gij\u00f3n el reconocimiento internacional de una realidad que pocas veces llega a las pantallas.<\/p>\n<p>Un triunfo del cine, pero tambi\u00e9n una ventana abierta a la vida dura y silenciosa de quienes siguen luchando por mantenerse a flote en los rincones m\u00e1s olvidados de la isla.<\/p>\n","protected":false},"excerpt":{"rendered":"El retrato \u00edntimo de una familia cubana que sobrevive entre pantanos, escasez y aislamiento en la Ci\u00e9naga de&hellip;\n","protected":false},"author":2,"featured_media":252631,"comment_status":"","ping_status":"","sticky":false,"template":"","format":"standard","meta":{"footnotes":""},"categories":[169],"tags":[177,61611,61612,4361,63867,146,147,25,24,55322,176,2661,175,57787,23],"class_list":{"0":"post-252630","1":"post","2":"type-post","3":"status-publish","4":"format-standard","5":"has-post-thumbnail","7":"category-cine","8":"tag-cine","9":"tag-cine-cubano","10":"tag-cineastas-cubanos","11":"tag-crisis-economica-en-cuba","12":"tag-documental-cubano","13":"tag-entertainment","14":"tag-entretenimiento","15":"tag-es","16":"tag-espana","17":"tag-familia-cubana","18":"tag-film","19":"tag-internacionales","20":"tag-movies","21":"tag-pobreza-en-cuba","22":"tag-spain"},"share_on_mastodon":{"url":"https:\/\/pubeurope.com\/@es\/115603058497984106","error":""},"_links":{"self":[{"href":"https:\/\/www.europesays.com\/es\/wp-json\/wp\/v2\/posts\/252630","targetHints":{"allow":["GET"]}}],"collection":[{"href":"https:\/\/www.europesays.com\/es\/wp-json\/wp\/v2\/posts"}],"about":[{"href":"https:\/\/www.europesays.com\/es\/wp-json\/wp\/v2\/types\/post"}],"author":[{"embeddable":true,"href":"https:\/\/www.europesays.com\/es\/wp-json\/wp\/v2\/users\/2"}],"replies":[{"embeddable":true,"href":"https:\/\/www.europesays.com\/es\/wp-json\/wp\/v2\/comments?post=252630"}],"version-history":[{"count":0,"href":"https:\/\/www.europesays.com\/es\/wp-json\/wp\/v2\/posts\/252630\/revisions"}],"wp:featuredmedia":[{"embeddable":true,"href":"https:\/\/www.europesays.com\/es\/wp-json\/wp\/v2\/media\/252631"}],"wp:attachment":[{"href":"https:\/\/www.europesays.com\/es\/wp-json\/wp\/v2\/media?parent=252630"}],"wp:term":[{"taxonomy":"category","embeddable":true,"href":"https:\/\/www.europesays.com\/es\/wp-json\/wp\/v2\/categories?post=252630"},{"taxonomy":"post_tag","embeddable":true,"href":"https:\/\/www.europesays.com\/es\/wp-json\/wp\/v2\/tags?post=252630"}],"curies":[{"name":"wp","href":"https:\/\/api.w.org\/{rel}","templated":true}]}}