{"id":252636,"date":"2025-11-24T05:39:10","date_gmt":"2025-11-24T05:39:10","guid":{"rendered":"https:\/\/www.europesays.com\/es\/252636\/"},"modified":"2025-11-24T05:39:10","modified_gmt":"2025-11-24T05:39:10","slug":"gh-20-expulso-por-sorpresa-a-uno-de-sus-muebles-que-se-vengo-de-su-salida-con-las-nominaciones","status":"publish","type":"post","link":"https:\/\/www.europesays.com\/es\/252636\/","title":{"rendered":"&#8216;GH 20&#8217; expuls\u00f3 por sorpresa a uno de sus muebles que se veng\u00f3 de su salida con las nominaciones"},"content":{"rendered":"<p class=\"article-text\">\n        \u201cEsta noche ser\u00e1n uno menos porque <strong>hay expulsi\u00f3n y nominaciones a la cara\u201d<\/strong> anunciaba<strong> Ion Aramendi <\/strong>en el arranque del tercer debate de<strong> GH 20. <\/strong>\n    <\/p>\n<p>    <a href=\"https:\/\/www.eldiario.es\/vertele\/noticias\/gh-20-expulso-protagonista-incomprendido-rompio-esquemas-nuevos-nominados_1_12785448.html\" data-mrf-recirculation=\"saber-mas\" data-dl-event=\"saber-mas\" rel=\"nofollow noopener\" target=\"_blank\"><\/p>\n<p class=\"know-more__title\">&#8216;GH 20&#8217; expuls\u00f3 a su protagonista m\u00e1s incomprendido y rompi\u00f3 los esquemas con los nuevos nominados<\/p>\n<p>            <img decoding=\"async\" class=\"lazy\" loading=\"lazy\" data-src=\"https:\/\/static.eldiario.es\/clip\/1f0ff7ec-47bf-40a7-bac2-1bc4cc50cd51_16-9-aspect-ratio_default_0.jpg\" src=\"data:image\/svg+xml,%3Csvg xmlns=\" http:=\"\" viewbox=\"0 0 880 495\" alt=\"'GH 20' expuls\u00f3 a su protagonista m\u00e1s incomprendido y rompi\u00f3 los esquemas con los nuevos nominados\"\/><\/p>\n<p>                        <\/a><\/p>\n<p class=\"article-text\">\n        El reality &#8211; que no est\u00e1 cosechando los datos de audiencia deseados- <a href=\"https:\/\/www.eldiario.es\/vertele\/noticias\/telecinco-acelera-gran-hermano-20-anuncia-expulsion-sorpresa-debate-domingo_1_12787618.html\" target=\"_blank\" data-mrf-recirculation=\"links-noticia\" class=\"link\" rel=\"nofollow noopener\"><strong>aceler\u00f3 su salida de concursantes<\/strong><\/a><strong> con la marcha de uno de ellos<\/strong> este domingo, sin esperar a las habituales galas de los jueves. Habr\u00e1 que esperar a ver si es algo puntual o lo tomar\u00e1n por costumbre para acortar la edici\u00f3n.\n    <\/p>\n<p class=\"article-text\">\n        Mientras, la entrega cont\u00f3 en plat\u00f3 con<strong> B\u00e1rbara Rey<\/strong> como colaboradora y con <strong>Diego<\/strong>, el <a href=\"https:\/\/www.eldiario.es\/vertele\/noticias\/gh-20-expulso-protagonista-incomprendido-rompio-esquemas-nuevos-nominados_1_12785448.html\" target=\"_blank\" data-mrf-recirculation=\"links-noticia\" class=\"link\" rel=\"nofollow noopener\">primer expulsado<\/a> de la edici\u00f3n. Este lament\u00f3 que podr\u00eda \u201chaber dado mucho m\u00e1s\u201d en la casa, pero no le dieron tiempo. Opin\u00f3 que no hab\u00eda dejado ning\u00fan tipo de huella en el reality. Y confes\u00f3 que a\u00fan no ha hablado con su hermano (con quien sigue enfrentado).\n    <\/p>\n<p>    Lorena, segunda expulsada de &#8216;GH 20&#8217;<\/p>\n<p class=\"article-text\">\n        <strong>Bel\u00e9n, Aquilino, Lorena, Cristian, Desir\u00e9e y Yoon<\/strong> eran los nominados de la semana que alucinaron al escuchar al presentador dirigirse a ellos y decirles lo siguiente: \u201c<strong>Ten\u00e9is 10 minutos para hacer las maletas porque esta noche hay expulsi\u00f3n\u201d.<\/strong>\n    <\/p>\n<p class=\"article-text\">\n        Era la peor noticia que pod\u00edan escuchar y, entre caras de asombro, despedidas y abrazos, obedecieron las \u00f3rdenes de Aramendi. Los seis entraron a la sala de expulsiones para descubrir la decisi\u00f3n del p\u00fablico.\n    <\/p>\n<blockquote class=\"twitter-tweet\" data-lang=\"es\"><p><a href=\"https:\/\/twitter.com\/X\/status\/1992728317015765311?ref_src=twsrc%5Etfw\" rel=\"nofollow noopener\" target=\"_blank\"><\/p><\/blockquote>\n<p class=\"article-text\">\n        <strong>\u201cLa audiencia ha decidido que debe continuar en <\/strong>Gran Hermano<strong> Cristian\u201d, <\/strong>anunci\u00f3 el presentador como primer salvado y \u00e9l lo celebraba. Tras \u00e9l pudieron respirar tranquilos Aquilino y Desir\u00e9e.\n    <\/p>\n<p class=\"article-text\">\n        Los tres primeros se marcharon y dejaron en la sala a Joon, Bel\u00e9n y Lorena. El siguiente en salvarse fue Joon, dejando la expulsi\u00f3n solo entre dos: Bel\u00e9n y Lorena. Hasta que Aramendi sentenci\u00f3:<strong> \u201cLa audiencia ha decidido que debe abandonar la casa Lorena\u201d.<\/strong>\n    <\/p>\n<blockquote class=\"twitter-tweet\" data-lang=\"es\"><p><a href=\"https:\/\/twitter.com\/X\/status\/1992746571780485302?ref_src=twsrc%5Etfw\" rel=\"nofollow noopener\" target=\"_blank\"><\/p><\/blockquote>\n<p>    La salida de Lorena y la nueva lista de nominados con V de Vendetta<\/p>\n<p class=\"article-text\">\n        <strong>\u201cSi la audiencia no me quiere ver no pasa nada y si la vida tiene otros planes para m\u00ed no pasa nada<\/strong>. Esto contenta con la experiencia que he vivido\u201d eran las primeras palabras que dec\u00eda la nueva expulsada.\n    <\/p>\n<p class=\"article-text\">\n        Preguntada por si sent\u00eda alg\u00fan tipo de decepci\u00f3n, ella confirmaba: \u201c<strong>El jueves fue injusto que yo saliese y me call\u00e9. No quise vender a Almudena en directo\u201d<\/strong> se sincer\u00f3 sobre la forma que tuvieron de escogerla para la nominaci\u00f3n.\n    <\/p>\n<blockquote class=\"twitter-tweet\" data-lang=\"es\"><p><a href=\"https:\/\/twitter.com\/X\/status\/1992747450176856143?ref_src=twsrc%5Etfw\" rel=\"nofollow noopener\" target=\"_blank\"><\/p><\/blockquote>\n<p class=\"article-text\">\n        Por eso, aunque para muchos Lorena hab\u00eda sido una de las concursantes \u201cmueble\u201d, o m\u00e1s discretas de las primeras semanas, otros compa\u00f1eros opinaron que Almudena deb\u00eda pagar por hacer salir a Lorena. Por lo que varios le dieron puntos.\n    <\/p>\n<p class=\"article-text\">\n        Cuando Lorena lleg\u00f3 a plat\u00f3 intent\u00f3 explicar la raz\u00f3n de <strong>haber estado de \u201ctapadillo\u201d: <\/strong>\u201cCreo que me abrum\u00f3 la situaci\u00f3n, en la calle no me veo as\u00ed, y ahora estaba siendo yo y me da pena porque me ha faltado tiempo para disfrutar la experiencia\u201d.\n    <\/p>\n<p class=\"article-text\">\n        Ya en plat\u00f3 pudo ver c\u00f3mo nominaban todos sus compa\u00f1eros, en una lista en la que muchos se acordaron de ella para dar puntos a Almudena, por lo que los nuevos nominados son <strong>\u201cPatricia, Almudena, Jos\u00e9 Manuel y Paula\u201d. <\/strong>\n    <\/p>\n<p>    <a href=\"https:\/\/www.eldiario.es\/vertele\/noticias\/pedro-ruiz-explica-vuelto-telecinco-emma-garcia-sincera-he-pensado-pedante_1_12790528.html\" data-mrf-recirculation=\"saber-mas-abajo\" data-dl-event=\"saber-mas-abajo\" rel=\"nofollow noopener\" target=\"_blank\"><\/p>\n<p class=\"know-more__title\">Pedro Ruiz explica por qu\u00e9 ha vuelto a Telecinco y Emma Garc\u00eda se \u201csincera\u201d con \u00e9l: \u201cSiempre he pensado que eras muy pedante\u201d<\/p>\n<p>            <img decoding=\"async\" class=\"lazy\" loading=\"lazy\" data-src=\"https:\/\/static.eldiario.es\/clip\/ba1813dc-69b9-433e-9cde-b8702f313214_16-9-aspect-ratio_default_0.jpg\" src=\"data:image\/svg+xml,%3Csvg xmlns=\" http:=\"\" viewbox=\"0 0 880 495\" alt=\"Pedro Ruiz explica por qu\u00e9 ha vuelto a Telecinco y Emma Garc\u00eda se &quot;sincera&quot; con \u00e9l: &quot;Siempre he pensado que eras muy pedante&quot;\"\/><\/p>\n<p>                        <\/a><\/p>\n<blockquote class=\"twitter-tweet\" data-lang=\"es\"><p><a href=\"https:\/\/twitter.com\/X\/status\/1992758883212022220?ref_src=twsrc%5Etfw\" rel=\"nofollow noopener\" target=\"_blank\"><\/p><\/blockquote>\n<p class=\"article-text\">\n        Y a pesar de c\u00f3mo hab\u00edan ido los hechos, Lorena conect\u00f3 con la casa por \u00faltima vez y dijo lo siguiente: \u201cEstoy encantada de haberos conocido a todos. Almudena no te guardo rencor, ha sido un error. Os voy a echar mucho de menos, he estado muy contenta con vosotros\u201d.\n    <\/p>\n<p>                                    <script async src=\"https:\/\/platform.twitter.com\/widgets.js\" charset=\"utf-8\"><\/script><\/p>\n","protected":false},"excerpt":{"rendered":"\u201cEsta noche ser\u00e1n uno menos porque hay expulsi\u00f3n y nominaciones a la cara\u201d anunciaba Ion Aramendi en el&hellip;\n","protected":false},"author":2,"featured_media":252637,"comment_status":"","ping_status":"","sticky":false,"template":"","format":"standard","meta":{"footnotes":""},"categories":[91],"tags":[4248,146,147,25,24,42489,37023,10440,16721,1965,5785,23,17158],"class_list":{"0":"post-252636","1":"post","2":"type-post","3":"status-publish","4":"format-standard","5":"has-post-thumbnail","7":"category-entretenimiento","8":"tag-4248","9":"tag-entertainment","10":"tag-entretenimiento","11":"tag-es","12":"tag-espana","13":"tag-expulso","14":"tag-gh","15":"tag-muebles","16":"tag-nominaciones","17":"tag-salida","18":"tag-sorpresa","19":"tag-spain","20":"tag-vengo"},"share_on_mastodon":{"url":"https:\/\/pubeurope.com\/@es\/115603070523369007","error":""},"_links":{"self":[{"href":"https:\/\/www.europesays.com\/es\/wp-json\/wp\/v2\/posts\/252636","targetHints":{"allow":["GET"]}}],"collection":[{"href":"https:\/\/www.europesays.com\/es\/wp-json\/wp\/v2\/posts"}],"about":[{"href":"https:\/\/www.europesays.com\/es\/wp-json\/wp\/v2\/types\/post"}],"author":[{"embeddable":true,"href":"https:\/\/www.europesays.com\/es\/wp-json\/wp\/v2\/users\/2"}],"replies":[{"embeddable":true,"href":"https:\/\/www.europesays.com\/es\/wp-json\/wp\/v2\/comments?post=252636"}],"version-history":[{"count":0,"href":"https:\/\/www.europesays.com\/es\/wp-json\/wp\/v2\/posts\/252636\/revisions"}],"wp:featuredmedia":[{"embeddable":true,"href":"https:\/\/www.europesays.com\/es\/wp-json\/wp\/v2\/media\/252637"}],"wp:attachment":[{"href":"https:\/\/www.europesays.com\/es\/wp-json\/wp\/v2\/media?parent=252636"}],"wp:term":[{"taxonomy":"category","embeddable":true,"href":"https:\/\/www.europesays.com\/es\/wp-json\/wp\/v2\/categories?post=252636"},{"taxonomy":"post_tag","embeddable":true,"href":"https:\/\/www.europesays.com\/es\/wp-json\/wp\/v2\/tags?post=252636"}],"curies":[{"name":"wp","href":"https:\/\/api.w.org\/{rel}","templated":true}]}}