{"id":252642,"date":"2025-11-24T05:42:13","date_gmt":"2025-11-24T05:42:13","guid":{"rendered":"https:\/\/www.europesays.com\/es\/252642\/"},"modified":"2025-11-24T05:42:13","modified_gmt":"2025-11-24T05:42:13","slug":"el-misterio-de-los-drones-sobre-europa-alimenta-el-temor-a-la-amenaza-rusa-internacional","status":"publish","type":"post","link":"https:\/\/www.europesays.com\/es\/252642\/","title":{"rendered":"El misterio de los drones sobre Europa alimenta el temor a la amenaza rusa | Internacional"},"content":{"rendered":"<p class=\"\">Hay una escena, casi c\u00f3mica, que ejemplifica la doctrina empleada por el Kremlin hacia Occidente. Fue el pasado 2 de octubre. El periodista ruso Fiodor Lukianov modera <a href=\"https:\/\/valdaiclub.com\/events\/posts\/articles\/vladimir-putin-meets-with-members-of-the-valdai-club-transcript-plenary-session\/\" target=\"_self\" rel=\"nofollow noopener\" title=\"https:\/\/valdaiclub.com\/events\/posts\/articles\/vladimir-putin-meets-with-members-of-the-valdai-club-transcript-plenary-session\/\">la cita anual del foro Valdai Discussion Club<\/a>, en la ciudad-balneario de Sochi. A su derecha se sienta el presidente ruso, Vlad\u00edmir Putin. Durante la charla, Lukianov le pregunta con sorna que por qu\u00e9 env\u00eda drones a Dinamarca. Este le contesta: \u201cNo lo har\u00e9 m\u00e1s\u201d. Era una burla. Ni entonces ni ahora, el Kremlin se ha responsabilizado de los aparatos no tripulados que han volado sin autorizaci\u00f3n en Europa en los dos \u00faltimos meses. Aquel mismo d\u00eda se celebraba una cumbre de la UE en la capital danesa, Copenhague, blindada tras <a href=\"https:\/\/elpais.com\/internacional\/2025-09-24\/un-aeropuerto-de-dinamarca-cierra-por-la-presencia-de-drones-en-el-espacio-aereo.html\" target=\"_self\" rel=\"nofollow noopener\" title=\"https:\/\/elpais.com\/internacional\/2025-09-24\/un-aeropuerto-de-dinamarca-cierra-por-la-presencia-de-drones-en-el-espacio-aereo.html\">el avistamiento en septiembre de varias aeronaves sin piloto<\/a> que obligaron a cerrar media docena de aeropuertos y a cancelar m\u00e1s de 100 vuelos. Luego vinieron Noruega, Suecia, Alemania, B\u00e9lgica, Espa\u00f1a\u2026 Aer\u00f3dromos, bases militares y centrales nucleares. Los gobiernos y ej\u00e9rcitos europeos culpan al Kremlin, pese a que no hay pruebas de cargo. Mosc\u00fa es el \u00fanico sospechoso.<\/p>\n<p class=\"\">Ed Arnold, analista del brit\u00e1nico Royal United Services Institute (RUSI) lo explica de este modo al tel\u00e9fono: \u201cRusia no necesita tener muchos drones en estos lugares. Le basta con desplegar uno durante un breve periodo de tiempo, o incluso la mera insinuaci\u00f3n de que hay drones en el aire y as\u00ed demostrar lo vulnerables que somos\u201d. <\/p>\n<p class=\"\">Vale con sembrar la confusi\u00f3n a trav\u00e9s de la guerra cognitiva, si se queda en el plano narrativo, o h\u00edbrida, si combina armas convencionales (invasi\u00f3n de Ucrania o vuelos de cazas rusos junto a territorio OTAN) con otras asim\u00e9tricas como el sabotaje (ataques a la v\u00eda f\u00e9rrea en Polonia), amenazas en infraestructuras (drones o globos sobre aeropuertos y bases militares) y campa\u00f1as de propaganda. <\/p>\n<p class=\"\">En el caso de las aeronaves no tripuladas sobre Europa \u2014de peque\u00f1o tama\u00f1o, muy lejos de <a href=\"https:\/\/elpais.com\/internacional\/2025-09-10\/radiografia-de-los-drones-rusos-varian-su-rumbo-usan-senuelos-y-cuentan-con-ia.html\" target=\"_self\" rel=\"nofollow noopener\" title=\"https:\/\/elpais.com\/internacional\/2025-09-10\/radiografia-de-los-drones-rusos-varian-su-rumbo-usan-senuelos-y-cuentan-con-ia.html\">los aparatos de tres metros de altura usados en Ucrania<\/a>\u2014, la confusi\u00f3n es m\u00e1s fuerte gracias a la demostraci\u00f3n previa de fuerza realizada el pasado 10 de septiembre, con <a href=\"https:\/\/elpais.com\/internacional\/2025-09-10\/polonia-y-varios-aliados-activan-sus-aviones-caza-ante-una-ofensiva-rusa-con-drones-en-ucrania.html\" target=\"_self\" rel=\"nofollow noopener\" title=\"https:\/\/elpais.com\/internacional\/2025-09-10\/polonia-y-varios-aliados-activan-sus-aviones-caza-ante-una-ofensiva-rusa-con-drones-en-ucrania.html\">el lanzamiento de m\u00e1s de una veintena de veh\u00edculos a\u00e9reos de ataque rusos hacia Polonia<\/a>. Aquel fue el momentum que permite entender lo dem\u00e1s. Mosc\u00fa demostr\u00f3 su capacidad, destap\u00f3 la vulnerabilidad de los vecinos de la OTAN y atac\u00f3 la psicolog\u00eda del enemigo. <\/p>\n<p>\u201cGrave ataque\u201d<\/p>\n<p class=\"\">En la noche entre el 22 y 23 de septiembre, 10 d\u00edas despu\u00e9s de que <a href=\"https:\/\/elpais.com\/internacional\/2025-10-15\/bruselas-quiere-tejer-su-red-antidrones-en-todos-los-flancos-de-la-ue-y-dejarla-lista-en-2027.html\" target=\"_self\" rel=\"nofollow noopener\" title=\"https:\/\/elpais.com\/internacional\/2025-10-15\/bruselas-quiere-tejer-su-red-antidrones-en-todos-los-flancos-de-la-ue-y-dejarla-lista-en-2027.html\">en Bruselas se empezara a hablar de la construcci\u00f3n de un muro europeo antidrones<\/a>, el aeropuerto de Copenhague suspendi\u00f3 sus actividades ante el avistamiento de aeronaves no tripuladas. Casi al mismo tiempo, el aer\u00f3dromo de Gardermoen, en Oslo, la capital noruega, hac\u00eda lo propio tras recibir informaci\u00f3n de la llegada de otros aparatos. La primera ministra danesa, Mette Frederiksen, lo describi\u00f3 como \u201cun grave ataque contra infraestructuras cr\u00edticas en Dinamarca\u201d y elev\u00f3 el estado de alerta \u2014a los avistamientos en Copenhague le siguieron Aalborg, Esbjerg, Sonderborg y Skrydstrup\u2014. Casi dos meses despu\u00e9s, ninguna de las investigaciones llevadas a cabo por Dinamarca o Noruega han revelado detalle que confirme que la amenaza de drones fuera real. <\/p>\n<p class=\"\">Pero pudieron ser avistados y no interceptados debido a la falta de recursos o normativa para controlar un fen\u00f3meno en alza, gracias al impulso de la tecnolog\u00eda y los avances en el teatro de operaciones de Ucrania. Como recuerda en un mail William Raillant-Clark, de la Organizaci\u00f3n de Aviaci\u00f3n Civil Internacional, dependiente de la ONU, seg\u00fan la Convenci\u00f3n de Chicago, ninguna aeronave susceptible de volar sin piloto podr\u00e1 hacerlo sobre el territorio de un Estado sin autorizaci\u00f3n. Esta norma es de especial cumplimiento cerca de lugares estrat\u00e9gicos y sensibles como los aeropuertos. <\/p>\n<p class=\"\">El holand\u00e9s Wiebe de Jager es uno de los mayores expertos en Europa en drones. \u201cMuchos de los avistamientos parecen ser identificaciones err\u00f3neas, desde estrellas brillantes y luces de aeronaves lejanas, hasta helic\u00f3pteros policiales buscando los supuestos drones\u201d, explica en un correo. \u201cAlemania tambi\u00e9n experiment\u00f3 un aumento notable en los informes [de avistamientos], aunque no de la misma magnitud [que Dinamarca y Noruega]. En Pa\u00edses Bajos, parte del aeropuerto de Schiphol estuvo cerrado brevemente el 27 de septiembre; sin embargo, una investigaci\u00f3n posterior revel\u00f3 que varios pilotos hab\u00edan confundido un globo con un dron\u201d, contin\u00faa. Este fin de semana fue el aeropuerto holand\u00e9s de Eindhoven, que tambi\u00e9n alberga una base a\u00e9rea militar, <a href=\"https:\/\/elpais.com\/internacional\/2025-11-22\/el-aeropuerto-de-eindhoven-cierra-su-espacio-aereo-por-la-incursion-de-varios-drones.html\" target=\"_self\" rel=\"nofollow noopener\" title=\"https:\/\/elpais.com\/internacional\/2025-11-22\/el-aeropuerto-de-eindhoven-cierra-su-espacio-aereo-por-la-incursion-de-varios-drones.html\">el que tuvo que derivar el tr\u00e1fico por varias alertas de drones<\/a>. <\/p>\n<p class=\"\">De Jager recuerda otros momentos de \u201cp\u00e1nico\u201d recientes ante supuestos vuelos de drones no confirmados posteriormente, como en el aeropuerto de Gatwick (Londres) en diciembre de 2018, o en el Estado norteamericano de Nueva Jersey, en noviembre del pasado a\u00f1o.<\/p>\n<p class=\"\">En una conversaci\u00f3n reciente, una fuente militar francesa confirmaba tanto la existencia real de drones no autorizados en pa\u00edses europeos, como que son una amenaza, bien pilotados por adolescentes o por un actor con recursos. Seg\u00fan esta misma fuente, la \u201cguerra h\u00edbrida\u201d lanzada por Rusia contribuye a la \u201cmanipulaci\u00f3n y desestabilizaci\u00f3n\u201d. \u201cEl dron puede ser peque\u00f1o\u201d, prosigue este militar, \u201cpero crea un temor grande\u201d. <a href=\"https:\/\/elpais.com\/internacional\/2025-10-01\/el-ejercito-frances-inspecciona-un-petrolero-ruso-por-vinculos-con-los-drones-que-sobrevolaron-dinamarca.html\" target=\"_self\" rel=\"nofollow noopener\" title=\"https:\/\/elpais.com\/internacional\/2025-10-01\/el-ejercito-frances-inspecciona-un-petrolero-ruso-por-vinculos-con-los-drones-que-sobrevolaron-dinamarca.html\">Las fuerzas de seguridad francesas abordaron a principios del pasado mes el carguero ruso Boracay<\/a> frente al puerto de Saint-Nazaire. Se cre\u00eda que desde este petrolero, Mosc\u00fa estaba lanzando aparatos no tripulados hacia el continente. Tras unos d\u00edas de investigaci\u00f3n y sin conclusiones a la vista, el buque pudo proseguir su camino. <\/p>\n<p class=\"\">M\u00e1s all\u00e1 de encontrar culpables, las cifras apuntan a un notable incremento de estos vuelos de aparatos no tripulados. Solo durante octubre, la organizaci\u00f3n estadounidense para el monitoreo de conflictos <a href=\"https:\/\/acleddata.com\/update\/europe-and-central-asia-overview-november-2025\" target=\"_self\" rel=\"nofollow noopener\" title=\"https:\/\/acleddata.com\/update\/europe-and-central-asia-overview-november-2025\">Acled ha contabilizado una veintena de drones no autorizados en siete pa\u00edses europeos<\/a>, en ocasiones en lugares estrat\u00e9gicos como tres bases a\u00e9reas en Alemania y tres bases militares en B\u00e9lgica; junto a una f\u00e1brica de municiones de Thales, un proveedor clave para Ucrania, cerca de la ciudad belga de Herstal, o en el cuartel militar de Reedo, en la franja oriental de Estonia, hacia la frontera rusa.<\/p>\n<p class=\"\">Este jueves, la cadena Euronews, tras analizar datos de 24 aeropuertos de 12 pa\u00edses, revel\u00f3 que desde enero de 2024 a noviembre de este a\u00f1o se han multiplicado por cuatro el n\u00famero de interrupciones de las actividades en aer\u00f3dromos europeos a causa de la presencia de drones. La palma se la lleva B\u00e9lgica, con una decena de casos entre los d\u00edas 2 y 9 de este mes. Eso solo en el apartado civil. La alerta en este pa\u00eds subi\u00f3 de tono cuando los avistamientos se concentraron en torno a la base a\u00e9rea de Kleine-Brogel, cerca de la frontera con Pa\u00edses Bajos. <\/p>\n<p class=\"\">B\u00e9lgica ejemplifica dos cosas. Primero, que muchos de los pa\u00edses europeos no cuentan con defensas para este tipo de arma. Y, en segundo lugar, que, ante una posible amenaza, aunque no muy sustentada, si el Kremlin suena, hay que reaccionar. El Gobierno belga solicit\u00f3 la ayuda de pa\u00edses aliados. El Reino Unido ya ha desplegado all\u00ed una unidad de la fuerza a\u00e9rea brit\u00e1nica (RAF) especializada en la interceptaci\u00f3n de aeronaves no tripuladas. <a href=\"https:\/\/www.bbc.com\/news\/articles\/c3dn2ep584ko\" target=\"_self\" rel=\"nofollow noopener\" title=\"https:\/\/www.bbc.com\/news\/articles\/c3dn2ep584ko\">En declaraciones a la BBC<\/a> y de nuevo en medio de la confusi\u00f3n sobre el origen de los drones en el cielo belga, el mariscal del Aire Sir Richard John Knighton manifest\u00f3 que lo m\u00e1s \u201cplausible\u201d era que las incursiones hubieran sido ordenadas por Mosc\u00fa. <\/p>\n<p class=\"\">En esta l\u00ednea, Boris Pistorius, ministro de Defensa de Alemania, pa\u00eds que tambi\u00e9n acudi\u00f3 a la solicitud de asistencia belga, ha vinculado esta escalada al debate sobre el uso de activos rusos congelados en una entidad con sede en Bruselas (185.000 millones de euros). Discusiones al margen, B\u00e9lgica sigui\u00f3 a lo suyo y compr\u00f3 la pasada semana a Letonia un sistema de drones defensivos kamikazes por valor de 50 millones de euros.<\/p>\n<p><img decoding=\"auto\" class=\"_re lazyload a_m-h\" height=\"233\"  width=\"414\"  src=\"https:\/\/www.europesays.com\/es\/wp-content\/uploads\/2025\/11\/J2CPGEOEHJDXRPF6OM6UEPW7QI.JPG\" loading=\"lazy\"\/>Un agente de polic\u00eda polaco, de pie cerca del fragmento de un dron, en Czesniki, Voivodato de Lublin, en Polonia, el 10 de septiembre. POLSAT NEWS (POLSAT NEWS via REUTERS)<\/p>\n<p class=\"\">Ante la amenaza en los espacios a\u00e9reos de Europa, la OTAN ha desplegado en territorio de Polonia y Rumania, flanco este de la Alianza, los sistemas de defensa estadounidense antidrones Merops. El objetivo es claro: protegerse de aeronaves de ataque no tripuladas con origen en las bater\u00edas de lanzamiento rusas. Otra cosa diferente es la interceptaci\u00f3n de aparatos m\u00e1s ligeros y dif\u00edciles de rastrear. \u201c\u00bfTenemos la capacidad de derribar drones de forma segura sobre los aeropuertos?\u201d, se pregunta Ed Arnold, del RUSI. \u201cS\u00ed, aunque es dif\u00edcil. \u00bfTenemos la capacidad de proteger todos los aer\u00f3dromos? No, en absoluto. Eso es lo que piensan los rusos y as\u00ed es como act\u00faan en este momento\u201d. <\/p>\n<p class=\"\">La intervenci\u00f3n de Putin en Sochi prosigui\u00f3 as\u00ed: \u201cNo enviar\u00e9 m\u00e1s drones ni a Francia, ni a Dinamarca\u201d, aclar\u00f3 el mandatario ruso, \u201c\u00bfA qu\u00e9 otros destinos pueden llegar?\u201d, se pregunt\u00f3 ante las risas del p\u00fablico. \u201cA Lisboa, \u00bfa d\u00f3nde m\u00e1s?\u201d, continu\u00f3. \u201cHablando en serio, ni siquiera tenemos drones que puedan llegar tan lejos como Lisboa\u201d, remach\u00f3. Tras decir esto, el periodista Lukianov le sugiri\u00f3 que lo de la capital portuguesa era quiz\u00e1 una broma que alguien se podr\u00eda tomar en serio. \u201c\u00bfPor qu\u00e9 una broma? No lo es\u201d, contest\u00f3 el presidente ruso. De nuevo, la confusi\u00f3n.<\/p>\n","protected":false},"excerpt":{"rendered":"Hay una escena, casi c\u00f3mica, que ejemplifica la doctrina empleada por el Kremlin hacia Occidente. Fue el pasado&hellip;\n","protected":false},"author":2,"featured_media":252643,"comment_status":"","ping_status":"","sticky":false,"template":"","format":"standard","meta":{"footnotes":""},"categories":[42],"tags":[8738,17,18,70,71,72,700,13,14,69,7082,11,61,62,63,64,19,20,9,10,15,16,1613,1614,12,7081,21,22,1617,65,66,67],"class_list":{"0":"post-252642","1":"post","2":"type-post","3":"status-publish","4":"format-standard","5":"has-post-thumbnail","7":"category-internacional","8":"tag-ataques-militares","9":"tag-breaking-news","10":"tag-breakingnews","11":"tag-conflictos","12":"tag-conflictos-armados","13":"tag-conflictos-internacionales","14":"tag-europa","15":"tag-featured-news","16":"tag-featurednews","17":"tag-guerra","18":"tag-guerra-de-rusia-en-ucrania","19":"tag-headlines","20":"tag-internacional","21":"tag-international","22":"tag-international-news","23":"tag-internationalnews","24":"tag-latest-news","25":"tag-latestnews","26":"tag-news","27":"tag-noticias","28":"tag-noticias-destacadas","29":"tag-noticiasdestacadas","30":"tag-otan","31":"tag-rusia","32":"tag-titulares","33":"tag-ucrania","34":"tag-ultimas-noticias","35":"tag-ultimasnoticias","36":"tag-union-europea","37":"tag-world","38":"tag-world-news","39":"tag-worldnews"},"share_on_mastodon":{"url":"","error":"Validation failed: Text character limit of 500 exceeded"},"_links":{"self":[{"href":"https:\/\/www.europesays.com\/es\/wp-json\/wp\/v2\/posts\/252642","targetHints":{"allow":["GET"]}}],"collection":[{"href":"https:\/\/www.europesays.com\/es\/wp-json\/wp\/v2\/posts"}],"about":[{"href":"https:\/\/www.europesays.com\/es\/wp-json\/wp\/v2\/types\/post"}],"author":[{"embeddable":true,"href":"https:\/\/www.europesays.com\/es\/wp-json\/wp\/v2\/users\/2"}],"replies":[{"embeddable":true,"href":"https:\/\/www.europesays.com\/es\/wp-json\/wp\/v2\/comments?post=252642"}],"version-history":[{"count":0,"href":"https:\/\/www.europesays.com\/es\/wp-json\/wp\/v2\/posts\/252642\/revisions"}],"wp:featuredmedia":[{"embeddable":true,"href":"https:\/\/www.europesays.com\/es\/wp-json\/wp\/v2\/media\/252643"}],"wp:attachment":[{"href":"https:\/\/www.europesays.com\/es\/wp-json\/wp\/v2\/media?parent=252642"}],"wp:term":[{"taxonomy":"category","embeddable":true,"href":"https:\/\/www.europesays.com\/es\/wp-json\/wp\/v2\/categories?post=252642"},{"taxonomy":"post_tag","embeddable":true,"href":"https:\/\/www.europesays.com\/es\/wp-json\/wp\/v2\/tags?post=252642"}],"curies":[{"name":"wp","href":"https:\/\/api.w.org\/{rel}","templated":true}]}}