{"id":252648,"date":"2025-11-24T05:49:10","date_gmt":"2025-11-24T05:49:10","guid":{"rendered":"https:\/\/www.europesays.com\/es\/252648\/"},"modified":"2025-11-24T05:49:10","modified_gmt":"2025-11-24T05:49:10","slug":"la-davis-de-los-milagros-se-queda-sin-el-broche-final","status":"publish","type":"post","link":"https:\/\/www.europesays.com\/es\/252648\/","title":{"rendered":"La Davis de los milagros se queda sin el broche final"},"content":{"rendered":"<p class=\"\">El equipo espa\u00f1ol de esta<a href=\"https:\/\/as.com\/tenis\/\" target=\"_self\" rel=\"nofollow noopener\" title=\"https:\/\/as.com\/tenis\/\"> Copa Davis <\/a>fue doblemente bautizado por redes sociales, y abrazado poco despu\u00e9s por sus integrantes. Se les llam\u00f3 \u2018la Espa\u00f1a de los olvidados\u2019, y fueron a ganar \u2018la Davis del pueblo\u2019. Estas denominaciones, surgidas desde la sorna habitual de las redes, contienen <b>un trasfondo en el que se pone en valor la actitud de este equipo<\/b>, alejado de las individualidades t\u00edpicas del tenis y fortalecido por la uni\u00f3n de sus componentes, todos ellos unos currantes dentro de este deporte a los que nadie les ha regalado nada. Impregnaron al conjunto capitaneado por <b>David Ferrer<\/b> unos rasgos a los que jam\u00e1s renunciaron:<b> lucha, capacidad de sufrimiento, resiliencia ante las adversidades, y, sobre todo, mucha fe<\/b>.<\/p>\n<p class=\"\">Nadie crey\u00f3 tanto como ellos, y esa actitud les llev\u00f3 a lograr gestas que se antojaban inalcanzables. Tambi\u00e9n podr\u00eda llamarse \u2018la <a href=\"https:\/\/as.com\/opinion\/un-equipo-que-rescata-la-davis-f202511-n\/\" target=\"_self\" rel=\"nofollow noopener\" title=\"https:\/\/as.com\/opinion\/un-equipo-que-rescata-la-davis-f202511-n\/\">Selecci\u00f3n<\/a> de los milagros\u2019, que se fueron sucediendo uno tras otro hasta la final de la copa del mundo, en la que falt\u00f3 una \u00faltima faena.<b> El camino hasta disputar el duelo por el t\u00edtulo fue largo y estuvo repleto de baches y de contratiempos<\/b>. Comenz\u00f3 en febrero, en <b>Biel<\/b> (<b>Suiza<\/b>), donde fue un tr\u00e1mite vencer a los anfitriones en una eliminatoria en la que estuvieron <b>Pedro Mart\u00ednez<\/b> y<b> Jaume Munar<\/b>, que ya no se bajaron del resto de convocatorias, adem\u00e1s de<b> Roberto Carball\u00e9s<\/b> y <b>Mart\u00edn Landaluce<\/b>.<\/p>\n<p><img decoding=\"async\" src=\"https:\/\/www.europesays.com\/es\/wp-content\/uploads\/2025\/11\/IL7OK5PORNOPBP5BHDAXYDC7HM.jpg\" alt=\"La Davis de los milagros  se queda sin el broche final\" height=\"3540\" width=\"5026\"   loading=\"lazy\"\/>El equipo espa\u00f1ol hac pi\u00f1a tras superar a Alemania en semifinales.Guglielmo Mangiapane<\/p>\n<p class=\"\">Fue un espejismo lo de superar una eliminatoria con holgura. A partir de septiembre llegaron las curvas sinuosas. En<b> Puente Romano<\/b> (<b>Marbella<\/b>), Ferrer no pudo contar con <b>Carlos Alcaraz<\/b>, <b>Marcel Granollers<\/b> y <b>Alejandro Davidovich<\/b>, que se bajaron de la convocatoria por el cansancio del <b>US Open<\/b>. Una \u2018<b>Espa\u00f1a B<\/b>\u2019, con <b>Pablo Carre\u00f1o<\/b> uni\u00e9ndose a Munar, Mart\u00ednez y Carball\u00e9s, cerr\u00f3 la primera jornada ante la <b>Dinamarca<\/b> de <b>Holger Rune<\/b> con 0-2, a un punto de la eliminaci\u00f3n. Cr\u00edtica fue la situaci\u00f3n cuando Pedro salv\u00f3 una bola de partido ante el n\u00famero uno dan\u00e9s. Finalmente, y por primera vez en la historia del tenis espa\u00f1ol, <b>se le dio la vuelta al peor resultado con el que se puede empezar<\/b>, y la victoria sell\u00f3 el billete a Bolonia.<\/p>\n<p class=\"\">Tampoco fue sencillo en el norte de <b>Italia<\/b>. En cuartos, se remont\u00f3 a <b>Chequia<\/b>, la selecci\u00f3n m\u00e1s completa de todas, y en semifinales hinc\u00f3 rodilla la <b>Alemania<\/b> de <b>Alexander Zverev<\/b>. Tan solo falt\u00f3 un milagro m\u00e1s.<\/p>\n<p>Noticias relacionadas<a href=\"https:\/\/as.com\/tenis\/ferrer-no-es-un-drama-haber-estado-tan-cerca-es-buenisimo-f202511-n\/\" class=\"s_m_w _rt-16x9\" title=\"El equipo espa\u00f1ol, subcampe\u00f3n de la Copa Davis, valora en rueda de prensa su participaci\u00f3n tras caer con Italia. \u201cNos vamos con la cabeza bien alta\u201d, asegura Granollers.\" data-tb-link=\"\" rel=\"nofollow noopener\" target=\"_blank\"><img decoding=\"async\" src=\"https:\/\/www.europesays.com\/es\/wp-content\/uploads\/2025\/11\/T45PRJUE6NMGNK75FUVBOU5ZNM.jpg\" alt=\"Ferrer: \u201cNo es un drama, haber estado tan cerca es buen\u00edsimo\u201d\" class=\"\" height=\"9\" width=\"16\"   loading=\"lazy\" data-tb-thumbnail=\"\"\/><\/a><a href=\"https:\/\/as.com\/tenis\/espana-no-puede-con-italia-que-gana-su-tercera-davis-seguida-f202511-n\/\" class=\"s_m_w _rt-16x9\" title=\"Cobolli le da la vuelta a su partido frente a Munar para brindarle a Italia su tercera Copa Davis seguida. Espa\u00f1a cae con honor en un torneo para el recuerdo.\" data-tb-link=\"\" rel=\"nofollow noopener\" target=\"_blank\"><img decoding=\"async\" src=\"https:\/\/www.europesays.com\/es\/wp-content\/uploads\/2025\/11\/ULJLDS3NNZJIZCU5KTKUJEJ2YY.jpg\" alt=\"Espa\u00f1a no puede con Italia, que gana su tercera Davis seguida\" class=\"\" height=\"9\" width=\"16\"   loading=\"lazy\" data-tb-thumbnail=\"\"\/><\/a><\/p>\n<p class=\"\"><b>\u00a1Tus opiniones importan!<\/b> Comenta en los art\u00edculos y suscr\u00edbete gratis a nuestra <a href=\"https:\/\/asfan.as.com\/newsletters\/\" target=\"_blank\" rel=\"nofollow noopener\" title=\"https:\/\/asfan.as.com\/newsletters\/\">newsletter<\/a> y a las alertas informativas en la <a href=\"https:\/\/as.com\/aplicacion-de-as-n\/\" target=\"_blank\" rel=\"nofollow noopener\" title=\"https:\/\/as.com\/aplicacion-de-as-n\/\">App<\/a> o el canal de <a href=\"https:\/\/www.whatsapp.com\/channel\/0029VaAasdA7j6g745nz9M10\" target=\"_blank\" rel=\"nofollow noopener\" title=\"https:\/\/www.whatsapp.com\/channel\/0029VaAasdA7j6g745nz9M10\">WhatsApp<\/a>.<\/p>\n<p class=\"\">\u00bfBuscas licenciar contenido? Haz clic <a href=\"https:\/\/profesional.elpais.com\/soluciones-sindicacion?utm_medium=interno&amp;utm_source=crosslinking&amp;utm_campaign=sindicacion_as_pie_articulos\" target=\"_blank\" rel=\"nofollow noopener\" title=\"https:\/\/profesional.elpais.com\/soluciones-sindicacion?utm_medium=interno&amp;utm_source=crosslinking&amp;utm_campaign=sindicacion_as_pie_articulos\">aqu\u00ed<\/a><\/p>\n","protected":false},"excerpt":{"rendered":"El equipo espa\u00f1ol de esta Copa Davis fue doblemente bautizado por redes sociales, y abrazado poco despu\u00e9s por&hellip;\n","protected":false},"author":2,"featured_media":252649,"comment_status":"","ping_status":"","sticky":false,"template":"","format":"standard","meta":{"footnotes":""},"categories":[274],"tags":[168,25,24,23,167,327,326],"class_list":{"0":"post-252648","1":"post","2":"type-post","3":"status-publish","4":"format-standard","5":"has-post-thumbnail","7":"category-tenis","8":"tag-deportes","9":"tag-es","10":"tag-espana","11":"tag-spain","12":"tag-sports","13":"tag-tenis","14":"tag-tennis"},"share_on_mastodon":{"url":"https:\/\/pubeurope.com\/@es\/115603110065370649","error":""},"_links":{"self":[{"href":"https:\/\/www.europesays.com\/es\/wp-json\/wp\/v2\/posts\/252648","targetHints":{"allow":["GET"]}}],"collection":[{"href":"https:\/\/www.europesays.com\/es\/wp-json\/wp\/v2\/posts"}],"about":[{"href":"https:\/\/www.europesays.com\/es\/wp-json\/wp\/v2\/types\/post"}],"author":[{"embeddable":true,"href":"https:\/\/www.europesays.com\/es\/wp-json\/wp\/v2\/users\/2"}],"replies":[{"embeddable":true,"href":"https:\/\/www.europesays.com\/es\/wp-json\/wp\/v2\/comments?post=252648"}],"version-history":[{"count":0,"href":"https:\/\/www.europesays.com\/es\/wp-json\/wp\/v2\/posts\/252648\/revisions"}],"wp:featuredmedia":[{"embeddable":true,"href":"https:\/\/www.europesays.com\/es\/wp-json\/wp\/v2\/media\/252649"}],"wp:attachment":[{"href":"https:\/\/www.europesays.com\/es\/wp-json\/wp\/v2\/media?parent=252648"}],"wp:term":[{"taxonomy":"category","embeddable":true,"href":"https:\/\/www.europesays.com\/es\/wp-json\/wp\/v2\/categories?post=252648"},{"taxonomy":"post_tag","embeddable":true,"href":"https:\/\/www.europesays.com\/es\/wp-json\/wp\/v2\/tags?post=252648"}],"curies":[{"name":"wp","href":"https:\/\/api.w.org\/{rel}","templated":true}]}}