{"id":252650,"date":"2025-11-24T05:52:11","date_gmt":"2025-11-24T05:52:11","guid":{"rendered":"https:\/\/www.europesays.com\/es\/252650\/"},"modified":"2025-11-24T05:52:11","modified_gmt":"2025-11-24T05:52:11","slug":"el-show-de-kevin-larsen-mantiene-el-gran-momento-del-hla-alicante","status":"publish","type":"post","link":"https:\/\/www.europesays.com\/es\/252650\/","title":{"rendered":"El show de Kevin Larsen mantiene el gran momento del HLA Alicante"},"content":{"rendered":"<p>El p\u00edvot apunta una vez m\u00e1s a MVP de la jornada en la Primera FEB con otra exhibici\u00f3n ofensiva<\/p>\n<p>El <strong>HLA Alicante<\/strong> es, habi\u00e9ndose disputado 9 jornadas de la Primera FEB, el segundo equipo con mejor porcentaje de victorias y derrotas solo tras el l\u00edder invicto Leyma Coru\u00f1a.<\/p>\n<p>El conjunto alicantino lleva un balance de <strong>7-1 en los 8 encuentros<\/strong> que ha disputado siendo uno de los equipos que ya ha descansado y solo apareciendo como 4\u00ba en la clasificaci\u00f3n por el c\u00f3mputo de las derrotas por un punto. Tiene por delante a S\u00faper Agropal Palencia y Monbus Obradoiro que acumulan balances de 7-2 hasta la fecha.<\/p>\n<p>La \u00faltima victoria del HLA Alicante ha sido frente al Grupo Alega Cantabria por 101 a 90 con la exhibici\u00f3n un d\u00eda m\u00e1s de Kevin Larsen. El p\u00edvot dan\u00e9s firm\u00f3 <strong>28 puntos con un 9 de 13 en tiros de campo (3 de 3 en triples), 7 rebotes, 4 asistencias y 42 de valoraci\u00f3n<\/strong> opositando claramente al MVP de la jornada a falta del \u00faltimo partido de la misma.<\/p>\n<p>Con esta valoraci\u00f3n, Kevin Larsen consolida su posici\u00f3n como el jugador m\u00e1s valorado de la competici\u00f3n (23.7 de media) y segundo m\u00e1ximo anotador (19.2) de la Primera FEB.<\/p>\n<p>La curiosa estad\u00edstica de <a href=\"https:\/\/www.gigantes.com\/liga-endesa\/yu-jiahao-quien-es-bilbao-basket\/\" rel=\"nofollow noopener\" target=\"_blank\">Yu Jiahao<\/a><\/p>\n<p>En este mismo partido el p\u00edvot del Grupo Alega Cantabria <a href=\"https:\/\/www.gigantes.com\/liga-endesa\/yu-jiahao-quien-es-bilbao-basket\/\" rel=\"nofollow noopener\" target=\"_blank\">Yu Jiahao<\/a>, cedido por el Surne Bilbao, ha dejado una estad\u00edstica de lo m\u00e1s curiosa. El p\u00edvot termin\u00f3 el partido con 16 puntos, 5 rebotes y 26 de valoraci\u00f3n siendo uno de los m\u00e1s destacados de su equipo\u2026 a pesar de no anotar ni una sola canasta en juego.<\/p>\n<p>Jiahao anot\u00f3 <strong>16 puntos con un 16 de 17 en tiros libres<\/strong> (94% de efectividad) gracias a las 9 faltas que recibi\u00f3 en el partido. <\/p>\n<p class=\"has-text-align-right\">Foto: HLA Alicante<\/p>\n<p>\t\t\t\t\t\t<a href=\"https:\/\/www.gigantes.com\/tienda\/\" target=\"_blank\" rel=\"noopener nofollow\"><br \/>\n\t\t\t\t\t\t\t<img decoding=\"async\" src=\"https:\/\/www.europesays.com\/es\/wp-content\/uploads\/2025\/11\/cropped-40.jpg\" alt=\"cropped-40.jpg\"\/><br \/>\n\t\t\t\t\t\t<\/a><\/p>\n<p class=\"magazine-description\">Testigos del baloncesto. Cumplimos 40 a\u00f1os. Una edici\u00f3n diferente, llena de curiosidades, opiniones, gui\u00f1os, historia y cari\u00f1o. Cuatro d\u00e9cadas fusionando basket y papel.<\/p>\n<p>\t\t\t\t\t<a href=\"https:\/\/www.gigantes.com\/tienda\/\" class=\"btn-primary\" target=\"_blank\" rel=\"noopener nofollow\">Comprar<\/a><\/p>\n","protected":false},"excerpt":{"rendered":"El p\u00edvot apunta una vez m\u00e1s a MVP de la jornada en la Primera FEB con otra exhibici\u00f3n&hellip;\n","protected":false},"author":2,"featured_media":252651,"comment_status":"","ping_status":"","sticky":false,"template":"","format":"standard","meta":{"footnotes":""},"categories":[269],"tags":[299,298,168,25,24,23,167],"class_list":{"0":"post-252650","1":"post","2":"type-post","3":"status-publish","4":"format-standard","5":"has-post-thumbnail","7":"category-baloncesto","8":"tag-baloncesto","9":"tag-basketball","10":"tag-deportes","11":"tag-es","12":"tag-espana","13":"tag-spain","14":"tag-sports"},"share_on_mastodon":{"url":"https:\/\/pubeurope.com\/@es\/115603121585566096","error":""},"_links":{"self":[{"href":"https:\/\/www.europesays.com\/es\/wp-json\/wp\/v2\/posts\/252650","targetHints":{"allow":["GET"]}}],"collection":[{"href":"https:\/\/www.europesays.com\/es\/wp-json\/wp\/v2\/posts"}],"about":[{"href":"https:\/\/www.europesays.com\/es\/wp-json\/wp\/v2\/types\/post"}],"author":[{"embeddable":true,"href":"https:\/\/www.europesays.com\/es\/wp-json\/wp\/v2\/users\/2"}],"replies":[{"embeddable":true,"href":"https:\/\/www.europesays.com\/es\/wp-json\/wp\/v2\/comments?post=252650"}],"version-history":[{"count":0,"href":"https:\/\/www.europesays.com\/es\/wp-json\/wp\/v2\/posts\/252650\/revisions"}],"wp:featuredmedia":[{"embeddable":true,"href":"https:\/\/www.europesays.com\/es\/wp-json\/wp\/v2\/media\/252651"}],"wp:attachment":[{"href":"https:\/\/www.europesays.com\/es\/wp-json\/wp\/v2\/media?parent=252650"}],"wp:term":[{"taxonomy":"category","embeddable":true,"href":"https:\/\/www.europesays.com\/es\/wp-json\/wp\/v2\/categories?post=252650"},{"taxonomy":"post_tag","embeddable":true,"href":"https:\/\/www.europesays.com\/es\/wp-json\/wp\/v2\/tags?post=252650"}],"curies":[{"name":"wp","href":"https:\/\/api.w.org\/{rel}","templated":true}]}}