{"id":252652,"date":"2025-11-24T05:53:10","date_gmt":"2025-11-24T05:53:10","guid":{"rendered":"https:\/\/www.europesays.com\/es\/252652\/"},"modified":"2025-11-24T05:53:10","modified_gmt":"2025-11-24T05:53:10","slug":"elche-real-madrid-la-liga-resumen-goleadores-y-estadisticas-con-el-empate-en-el-martinez-valero-el-espanol","status":"publish","type":"post","link":"https:\/\/www.europesays.com\/es\/252652\/","title":{"rendered":"Elche &#8211; Real Madrid, La Liga: resumen, goleadores y estad\u00edsticas con el empate en el Mart\u00ednez Valero &#8211; El Espa\u00f1ol"},"content":{"rendered":"<ol>\n<li><a href=\"https:\/\/news.google.com\/rss\/articles\/CBMi2wFBVV95cUxPMXpEZFVhLUxERmhRckdCVkM4M3RZb1B4V1ptc0JMNDk4REdxNTVqajhoU1FVMDBWQ25qYmNMQkwya1hWOVJOUXlwMmFacmw5Um16cmNDMHRJeEZ2X1Jub0NuT3JOc1NveGlUbUJKOWRTRGJzTFNiUEtrZTJ4bUVTVkJWV2E4OEk2bFdaNGs4OGZHMTExeU5XdloyS2M0VENDZWZmNGFCMndTellyYl9qdVlnVWNvOTc3M01ONXFKVUpHQmV6M1ZCWmJ4WTdrZzZKZGpyVXc2VFJSVVU?oc=5\" target=\"_blank\" rel=\"nofollow noopener\">Elche &#8211; Real Madrid, La Liga: resumen, goleadores y estad\u00edsticas con el empate en el Mart\u00ednez Valero<\/a>&nbsp;&nbsp;El Espa\u00f1ol<\/li>\n<li><a href=\"https:\/\/news.google.com\/rss\/articles\/CBMidkFVX3lxTFBLOENfM2hfUFNRZk5rSlVNOUVCU01EUnBpdmEzdENMVmFnZWlsRi01NW93eXRXbTN4VDFUT09vS0czMlRPeVpkVWZGOEtfMC1la1Qtb0JWODREdTdiRzVOYmsyRmlTa3N4N1JTRXFzM3VBcEZFaVE?oc=5\" target=\"_blank\" rel=\"nofollow noopener\">El Madrid de Xabi se cae<\/a>&nbsp;&nbsp;Diario AS<\/li>\n<li><a href=\"https:\/\/news.google.com\/rss\/articles\/CBMivgFBVV95cUxPb1c1S1hqOUt6N2xXWHRaYjMxSXdndlFSYkEwQXk2QVlWbjRvcHpqajFTZkR6b1RrZ1l6S1FOSUp2aTdyLVEzZlJ3NklEU08yeGQ2WUgxdUpxcW5QTmVqSHVIZHB1WExBNHVtWnZ1WlRsQXBLbV9TbWFyZWhWUzM0RjB0QWNuNlB0TjdHcmpqLVFMNG5OZHI5MVZtR0tkdTNzRXpaZHpWa0VyS2ZCb01wRjlZekh1Q2lUZUdNQnpn?oc=5\" target=\"_blank\" rel=\"nofollow noopener\">El Real Madrid se tuerce y enlaza en Elche su tercer partido sin ganar | F\u00fatbol | Deportes<\/a>&nbsp;&nbsp;EL PA\u00cdS<\/li>\n<li><a href=\"https:\/\/news.google.com\/rss\/articles\/CBMinwFBVV95cUxNVTdCRmxjWGpXdkFVVGlGclQzdHBySERMYkdRU3ctdjBBVEppTmJVRzc2RTdqNHlfbkYtdEVMa3VuekhNSzl5YXdFbFd6R09jdkF0Sm1HWk52czJvMWV2Z0FpTG5nX2R0UnJZRGRLVUpqTlF0RVZIZ3NWdVZSRkF1SUhWd2VtcU1JQ1Fha1BpWG9ZWnNjbVZ5TGRzQ0txZDTSAZ8BQVVfeXFMT01sQ0FLekR3LUs4Z2FYWURZMm9ndDhYM25SendKSWV6MW1MdWN2WGZscl9IcVdKdHlVaDZmWFpYV3BjQ1BTWTRxX3pMZGpFYmN6eC1EUWJnanRfdWpNVy1qWm1wT2NrTlFFTm5SbmktdUMtdVZ0WHNCcE8yeTlWWmEtTmZEOHE0SFgxbUFLNV9yczZQWFhMVjloZHNRZFhZ?oc=5\" target=\"_blank\" rel=\"nofollow noopener\">El Elche retrata la flaqueza del l\u00edder<\/a>&nbsp;&nbsp;MARCA<\/li>\n<li><a href=\"https:\/\/news.google.com\/rss\/articles\/CBMinAFBVV95cUxOWmdJRTBCcXZhSS1fbE1nVE5uMXY5UHBMd2VmcWhiaXV4YnRpV3h2SGJjbDVRWlZ5aXFKTVBBQkxPVmkyQng3ZFRPY29VdVVyeEg2WE9ySEVfMFJ2SGJEbEswY05vNnJ1R25uVXJGR05ybExLUzhJQzdRMi1RdG03dkhrMnJPLUZFRncxTGFoWnBCWnBTV3g5aEw0SDXSAZwBQVVfeXFMT25WTC1lM3BvOEZlSm5JWmdiaWc0aWhnWjlwcFI4Yk5PMTdCeFM5ZHlVeDNVMWlsMnlOMUFMU0hmZ0Nja0JoU3dyeXNKT2x5ZHhnTmZ3b2JkbFZpQnZOdnBSeDVNb09iY2ZiRWVHNkJKem9QdTJlWVl3d2FwMFNhanpsR0ZZak80MnBnZEc4aENFYWpCRTR0amFJMHQ4?oc=5\" target=\"_blank\" rel=\"nofollow noopener\">El Madrid empata ante un Elche mejor en un d\u00eda de experimentos de Xabi Alonso y sujeta el liderato con apuros<\/a>&nbsp;&nbsp;El Mundo<\/li>\n<\/ol>\n","protected":false},"excerpt":{"rendered":"Elche &#8211; Real Madrid, La Liga: resumen, goleadores y estad\u00edsticas con el empate en el Mart\u00ednez Valero&nbsp;&nbsp;El Espa\u00f1ol&hellip;\n","protected":false},"author":2,"featured_media":252653,"comment_status":"","ping_status":"","sticky":false,"template":"","format":"standard","meta":{"footnotes":""},"categories":[268],"tags":[168,8212,3598,25,24,280,282,2918,1945,7792,281,23,167],"class_list":{"0":"post-252652","1":"post","2":"type-post","3":"status-publish","4":"format-standard","5":"has-post-thumbnail","7":"category-futbol","8":"tag-deportes","9":"tag-elche-cf","10":"tag-en-directo","11":"tag-es","12":"tag-espana","13":"tag-football","14":"tag-futbol","15":"tag-la-liga","16":"tag-primera-division","17":"tag-real-madrid-cf","18":"tag-soccer","19":"tag-spain","20":"tag-sports"},"share_on_mastodon":{"url":"https:\/\/pubeurope.com\/@es\/115603125399110163","error":""},"_links":{"self":[{"href":"https:\/\/www.europesays.com\/es\/wp-json\/wp\/v2\/posts\/252652","targetHints":{"allow":["GET"]}}],"collection":[{"href":"https:\/\/www.europesays.com\/es\/wp-json\/wp\/v2\/posts"}],"about":[{"href":"https:\/\/www.europesays.com\/es\/wp-json\/wp\/v2\/types\/post"}],"author":[{"embeddable":true,"href":"https:\/\/www.europesays.com\/es\/wp-json\/wp\/v2\/users\/2"}],"replies":[{"embeddable":true,"href":"https:\/\/www.europesays.com\/es\/wp-json\/wp\/v2\/comments?post=252652"}],"version-history":[{"count":0,"href":"https:\/\/www.europesays.com\/es\/wp-json\/wp\/v2\/posts\/252652\/revisions"}],"wp:featuredmedia":[{"embeddable":true,"href":"https:\/\/www.europesays.com\/es\/wp-json\/wp\/v2\/media\/252653"}],"wp:attachment":[{"href":"https:\/\/www.europesays.com\/es\/wp-json\/wp\/v2\/media?parent=252652"}],"wp:term":[{"taxonomy":"category","embeddable":true,"href":"https:\/\/www.europesays.com\/es\/wp-json\/wp\/v2\/categories?post=252652"},{"taxonomy":"post_tag","embeddable":true,"href":"https:\/\/www.europesays.com\/es\/wp-json\/wp\/v2\/tags?post=252652"}],"curies":[{"name":"wp","href":"https:\/\/api.w.org\/{rel}","templated":true}]}}