{"id":252654,"date":"2025-11-24T05:54:09","date_gmt":"2025-11-24T05:54:09","guid":{"rendered":"https:\/\/www.europesays.com\/es\/252654\/"},"modified":"2025-11-24T05:54:09","modified_gmt":"2025-11-24T05:54:09","slug":"creo-que-no-me-alejare-de-la-television-hasta-que-me-echen-a-patadas","status":"publish","type":"post","link":"https:\/\/www.europesays.com\/es\/252654\/","title":{"rendered":"Creo que no me alejar\u00e9 de la televisi\u00f3n hasta que me echen a patadas"},"content":{"rendered":"<p id=\"eqtu5adhQX\" data-wc=\"65\">La vida puede dar muchas vueltas, y la suya, nos asegura, \u00absiempre me ha sorprendido\u00bb. <strong>Silvia Jato\u00a0<\/strong>comenz\u00f3 su carrera como modelo -coron\u00e1ndose como la m\u00e1s bella de su tierra, Galicia, en 1989, y, despu\u00e9s, como Miss Nacional y Miss Fotogenia en el certamen de Miss Espa\u00f1a-, <a class=\"hm-link ho-link\" href=\"https:\/\/www.hola.com\/actualidad\/20250930858875\/silvia-jato-entrevista-y-ahora-sonsoles-presentadora\/\" data-mrf-recirculation=\"article-body-link\" rel=\"nofollow noopener\" target=\"_blank\">pero el destino no la llevar\u00eda a conquistar las pasarelas, sino otro mundo que le apasiona: la televisi\u00f3n<\/a>.<\/p>\n<p id=\"ea26mW6CnSd\" data-wc=\"108\">Presentadora de programas tan emblem\u00e1ticos como Pasapalabra, se convirti\u00f3 en <strong>uno de los rostros m\u00e1s queridos de nuestra peque\u00f1a pantalla<\/strong>; y aunque nunca se ha alejado de ella -porque lo suyo es la comunicaci\u00f3n-, <a class=\"hm-link ho-link\" href=\"https:\/\/www.hola.com\/actualidad\/20250315820277\/el-giro-inesperado-en-la-vida-de-silvia-jato\/\" data-mrf-recirculation=\"article-body-link\" rel=\"nofollow noopener\" target=\"_blank\">dio un nuevo giro a su carrera, como directora de Relaciones Institucionales de la Fundaci\u00f3n Alcohol y Sociedad (FAS)<\/a>. El pasado martes, 18 de noviembre, celebraban<strong>\u00a0su 25\u00ba aniversario<\/strong> -en una gala en la que ejerci\u00f3 como maestra de ceremonias-. M\u00e1s de dos d\u00e9cadas en las que \u00abha llevado una labor muy importante para la sociedad: canalizar n programa educativo para los menores en los colegios, con el objetivo de <strong>evitar que consuman alcohol<\/strong>\u00ab.\u00a0<\/p>\n<p> <img src=\"https:\/\/www.europesays.com\/es\/wp-content\/uploads\/2025\/11\/23255f9e5b3e-ydray-jtx7497.jpg\"   width=\"682\" height=\"1024\" loading=\"lazy\" decoding=\"async\" alt=\"Silvia Jato, posando con una mano bajo su barbilla\" fetchpriority=\"auto\" class=\"image ho-image\"\/>\u00a9 Jotxo C\u00e1ceres\u00bbEstamos muy contentos porque, a lo largo de estos 25 a\u00f1os, hemos conseguido que aproximadamente 3 millones de menores reciban este programa\u00bb, nos cuenta Silvia, volcada en su faceta como directora de Relaciones Institucionales de FAS<\/p>\n<p class=\"question-s1\" id=\"eGjj9vQiiy\" data-wc=\"11\"><strong>Silvia, \u00bfcu\u00e1nto ten\u00e9is que celebrar en estos 25 a\u00f1os de vida?<\/strong><\/p>\n<p class=\"answer-s1\" id=\"eplXd9NDf7y\" data-wc=\"251\">Estamos muy contentos porque, a lo largo de estos 25 a\u00f1os, hemos conseguido que aproximadamente 3 millones de menores reciban este programa. Una vez m\u00e1s, con estos datos, podemos afirmar que la educaci\u00f3n es el mejor canal y la mejor herramienta para prevenir el consumo de alcohol en los menores. Y de hecho as\u00ed se deduce del estudio, que es la encuesta que hace el Ministerio de Sanidad en las escuelas, las de Educaci\u00f3n Secundaria y las de Formaci\u00f3n profesional. Para que te hagas una idea, estamos a unos niveles del consumo del a\u00f1o 2000, es decir, que ha ca\u00eddo much\u00edsimo el porcentaje de menores que consumen alcohol una vez al a\u00f1o, una vez al mes, las borracheras\u2026 Estamos demostrando que una colaboraci\u00f3n p\u00fablico-privada, al final, es la manera de intentar que, por fin y de una vez, consuman. Estamos muy contentos por eso, porque hemos llegado casi tambi\u00e9n a 38.000 familias formadas, porque la auditor\u00eda que se lleva tanto interna como externa por parte de los centros, por parte de los menores y por parte de la propia Universidad de Valencia, que, en estos momentos, eval\u00faa nuestro programa, es maravillosa. El 98% de los centros repiten con nosotros; y la valoraci\u00f3n que hacen los menores y los centros sobre los monitores que imparten nuestras charlas, nuestros ciclos formativos, es de 4,9. Una valoraci\u00f3n muy buena\u2026 Y, bueno, seguiremos apostando por la educaci\u00f3n en todos los frentes, tanto el educativo, el deportivo, el de ocio\u2026 porque creemos que es muy importante.<\/p>\n<p class=\"question-s1\" id=\"enfZYtf9PYp\" data-wc=\"24\"><strong>\u00bfC\u00f3mo es que llegaste a ser la directora de Relaciones institucionales de la Fundaci\u00f3n? Porque, al final, todos te conocemos por tu faceta televisiva<\/strong><\/p>\n<p class=\"answer-s1\" id=\"eImWRoa5SUY\" data-wc=\"226\">Claro, bueno\u2026 \u00a1y la sigo compartiendo! He terminado ahora Descubriendo Madrid\u00a0con Telemadrid. Compagino dos \u00e1reas de mi vida profesional que me encantan. Una que es la de intentar colaborar con la sociedad; y<a class=\"hm-link ho-link\" href=\"https:\/\/www.hola.com\/actualidad\/20210301185209\/silvia-jato-presentadora-pasalabra-ayer-y-hoy\/\" data-mrf-recirculation=\"article-body-link\" rel=\"nofollow noopener\" target=\"_blank\">\u00a0otra que es, evidentemente, la esencia de mi yo, los medios de comunicaci\u00f3n<\/a>. Mmm\u2026 \u00bfC\u00f3mo llegu\u00e9? Creo que estaba en un momento en el que mis hijos eran menores, adolescentes (uno de ellos sigue si\u00e9ndolo) y a todos los padres nos preocupa mucho el tema del consumo de alcohol. Sobre todo, porque todos somos pez en esta materia, no sabemos ni c\u00f3mo tratarlo ni c\u00f3mo abordarlo, a veces llegamos tarde\u2026 As\u00ed que, cuando me propusieron el hecho de colaborar con ellos y ver de qu\u00e9 manera yo pod\u00eda aportar en la Fundaci\u00f3n, me gust\u00f3 mucho. Vi el programa, porque creo que hay que ir a verlo, ir a un colegio, escuchar la reacci\u00f3n de los menores, las dudas, las preguntas\u2026 En una edad en la que, como te puedes imaginar, poco hablan. Me gust\u00f3 mucho esa interacci\u00f3n, la conexi\u00f3n, el contenido del programa (cuyos datos se basan en datos oficiales que da la OMS y el Ministerio de Sanidad, pero que lo adornan y lo hacen \u2018triturable\u2019 para el menor, con historias, juegos\u2026). Involucran al menor en esa informaci\u00f3n, as\u00ed que no pude decir que no, me encant\u00f3\u2026 \u00a1Y hasta la fecha!<\/p>\n<blockquote class=\"ho-bl-1081603 -no-figcaption\" cite=\"\">\n<p id=\"eKxswe-Gi5I2\">\u00abCompagino dos \u00e1reas de mi vida profesional que me encantan. Una que es la de intentar colaborar con la sociedad; y otra que es, evidentemente, la esencia de mi yo, los medios de comunicaci\u00f3n\u00bb<\/p>\n<\/blockquote>\n<p class=\"question-s1\" id=\"eSPEOpgUrpO\" data-wc=\"4\"><strong>\u00bfTuviste alg\u00fan caso cercano?<\/strong><\/p>\n<p class=\"answer-s1\" id=\"eDTuZZMsCtL\" data-wc=\"155\"><a class=\"hm-link ho-link\" href=\"https:\/\/www.hola.com\/actualidad\/20240305250432\/silvia-jato-marido-alberto-fabra\/\" data-mrf-recirculation=\"article-body-link\" rel=\"nofollow noopener\" target=\"_blank\">No, simplemente la conciencia de madre, de padre, que no llevamos el manual debajo del brazo<\/a>. Ninguno y todo lo que te puedan aportar a trav\u00e9s de la de la educaci\u00f3n, tanto en el colegio como en casa, creo que es muy importante. Yo siempre digo que por eso es muy importante porque el programa tiene dos vertientes: la que se da a los menores y a los padres. Al final, nosotros somos el ejemplo y siempre, como dice el presidente de mi patronato, si hay un menor que consume es por culpa de un adulto. Esto hay que tenerlo en nuestro libro de cabecera. Es decir, esta es la realidad. Entonces es muy importante que el programa vaya dirigido al entorno del menor, \u00bfno? Los amigos, el colegio y los padres, la familia, con lo cual, esas tres patas hay que hay que dotarlas de herramientas y la mejor que existe es la educaci\u00f3n.<\/p>\n<p class=\"question-s1\" id=\"ebAsVPYTUl9\" data-wc=\"17\"><strong>Tu experiencia en esta fundaci\u00f3n, \u00bfte ha servido con tus hijos? Porque eres madre de familia numerosa\u2026<\/strong><\/p>\n<p class=\"answer-s1\" id=\"e1nWF3fPx9F\" data-wc=\"82\">Bueno, pues claro que se habla. Te preguntan y t\u00fa pues tienes que responder claro, conforme a tus conocimientos\u2026 Evidentemente son menores y los menores van a tener tambi\u00e9n su propia manera de actuar, de reaccionar\u2026 Pero si t\u00fa les das la informaci\u00f3n, al final esta informaci\u00f3n va a calar en ellos. As\u00ed que claro que me ha ayudado y much\u00edsimo. Vamos, eso es un logro, \u00bfno? Al final el saber que ellos tienen las ideas muy claras con respecto al alcohol.<\/p>\n<p> <img src=\"https:\/\/www.europesays.com\/es\/wp-content\/uploads\/2025\/11\/7a2f31f2caa3-ydray-j83373.jpg\"   width=\"682\" height=\"1024\" loading=\"lazy\" decoding=\"async\" alt=\"Silvia Jato, sentada en un banco\" fetchpriority=\"auto\" class=\"image ho-image\"\/>\u00a9 Jotxo C\u00e1ceresEl mundo de la presentadora gallega es la televisi\u00f3n, pero tambi\u00e9n el de la lucha por conseguir que ning\u00fan menor consuma alcohol<\/p>\n<p class=\"question-s1\" id=\"ez_yyFpTJ3c\" data-wc=\"27\"><strong>Aunque todav\u00eda tienes un adolescente en casa, \u00bfen alg\u00fan momento te han agradecido esa claridad? Al final, cuando eres joven, no te das cuenta de muchas cosas\u2026\u00a0<\/strong><\/p>\n<p class=\"answer-s1\" id=\"evJYwD87AIJ\" data-wc=\"234\">Yo creo que eso al final es un camino largo que tienes que ir superando y por eso nuestro programa desembarca a los 12 a\u00f1os, a los 14, a los 16, 17. Siempre dejamos un a\u00f1o y medio porque creo que es gota a gota, gota a gota. No se puede dejar de informar y de educar en esta materia, siempre tienes que estar ah\u00ed. Entonces, \u00bfqu\u00e9 me lo agradecer\u00e1n? Hombre, pues ya me lo agradecen. Son chavales responsables y es cierto que hasta hay monitores que ahora est\u00e1n dando el programa dentro de la Fundaci\u00f3n, que han sido alumnos. Y eso es muy bonito porque te recuerdan y dicen: \u201cJo, es que me encanta, porque yo este programa lo he recibido, me hizo adem\u00e1s mucho bien.\u201d Y ahora, despu\u00e9s de haber hecho la carrera, el poder aplicarlo a las nuevas generaciones, pues me satisface much\u00edsimo. Esto, al final, es el ejemplo de que no lo estamos haciendo mal, al contrario, y de que todos sumamos en la sociedad, que la administraci\u00f3n p\u00fablica al final tiene los recursos que tiene\u2026 Y si hay instituciones y fundaciones como la nuestra que apuestan por un programa evaluado, un programa auditado en el que se emana que siete de cada diez menores cambian su percepci\u00f3n frente al alcohol, que esto de verdad es muy importante por la val\u00eda del programa\u2026 Pues al final pues te sientes satisfecho.<\/p>\n<p class=\"question-s1\" id=\"ef0AbsUpdPB\" data-wc=\"21\"><strong>Empez\u00e1is con estos programas cuando tienen doce a\u00f1os\u2026 \u00bfA ti te impact\u00f3 al ver que hay que empezar a esas edades?<\/strong><\/p>\n<p class=\"answer-s1\" id=\"enwTczgONG4\" data-wc=\"134\">A m\u00ed lo que me impacta realmente es que un menor consuma alcohol. Eso es lo que me impacta y que, como sociedad, lo permitamos en cierto sentido\u2026 Que empecemos a los 12 a\u00f1os m\u00e1s que impactarte, es que es necesario empezar a educar ya cuando los menores tienen conciencia en determinadas cosas. Es fundamental empezar much\u00edsimo antes de que se les ocurra el tontear o el intentar aproximarse al alcohol. Por eso lo hacemos, porque la prevenci\u00f3n precisamente es eso. Antes de que venga, poder actuar. Por eso creemos que los 12 a\u00f1os es la edad, es un cambio, adem\u00e1s, porque entran en la ESO, y es ah\u00ed donde nosotros tenemos que empezar a plantar esa semilla, \u00bfno? Hacerles ver los riesgos que les puede conllevar consumir alcohol a una edad tan temprana.<\/p>\n<blockquote class=\"ho-bl-1081603 -no-figcaption\" cite=\"\">\n<p id=\"e6PHKrSRahx1\">\u00abA m\u00ed lo que me impacta realmente es que un menor consuma alcohol y que, como sociedad, lo permitamos en cierto sentido\u2026 Es fundamental empezar much\u00edsimo antes de que se les ocurra el tontear o el intentar aproximarse al alcohol \u00ab<\/p>\n<\/blockquote>\n<p class=\"question-s1\" id=\"e0PEk4ZOquf\" data-wc=\"15\"><strong>\u00bfTe imaginabas, cuando empezaste en modelaje, despu\u00e9s en televisi\u00f3n, que acabar\u00edas este tipo de labor?<\/strong><\/p>\n<p class=\"answer-s1\" id=\"e8e-52XaBGi\" data-wc=\"223\">No\u2026 Mira, yo creo que la vida de Silvia es una vida que siempre me ha sorprendido en el d\u00eda a d\u00eda y eso es lo que m\u00e1s me gusta, porque ni cuando empec\u00e9 en televisi\u00f3n me pod\u00eda imaginar que iba a hacer el Pasapalabra; ni cuando hice el Pasapalabra, me pod\u00eda imaginar que iba a hacer las Ma\u00f1anas de la uno o programas de actualidad como el Boas Tardes en la Televisi\u00f3n de Galicia\u2026 <a class=\"hm-link ho-link\" href=\"https:\/\/www.hola.com\/actualidad\/20210130183477\/ana-rosa-quintana-matias-prats-asi-eran-hace-dos-decadas\/\" data-mrf-recirculation=\"article-body-link\" rel=\"nofollow noopener\" target=\"_blank\">O sea, creo que lo m\u00e1s bonito de la vida, a veces, es que te sorprenda con proyectos buenos, bonitos<\/a> y en los que t\u00fa haces un servicio a la sociedad. Al final, la tele es un entretenimiento y ese entretenimiento es tambi\u00e9n un servicio a la sociedad; y el papel que yo ahora desempe\u00f1o, el intentar buscar lugares en destinos del programa para que calen en los j\u00f3venes, pues tambi\u00e9n es muy bonito, porque al final haces un servicio a la sociedad. Date cuenta que hemos hecho campa\u00f1as maravillosas. Estamos con la Fundaci\u00f3n Real Madrid, con la Fundaci\u00f3n Atl\u00e9tico de Madrid, en sus campamentos de verano, con el grupo Vaughan. Hemos hecho campa\u00f1as con la EMT, con Interb\u00fas, Adif, con Renfe\u2026 es un largo etc\u00e9tera. Todas esas campa\u00f1as me hacen sentir tambi\u00e9n una parte de la comunicaci\u00f3n. Y bueno, pues me gusta que me sorprenda la vida.<\/p>\n<p class=\"question-s1\" id=\"eKLM2EXcGWq\" data-wc=\"16\"><strong>\u00bfCrees que, al tener esta experiencia, tu voz ha podido dar un plus a esta causa?<\/strong><\/p>\n<p class=\"answer-s1\" id=\"edro-g0_-Bj\" data-wc=\"167\">Bueno, al final, una imagen siempre ayuda mucho a canalizar un mensaje. Eso est\u00e1 claro. De hecho, ahora estamos hablando en una revista de la importancia del \u00a1HOLA! Creo que a veces es importante no tener canalizadores para transmitir algo que ya de por s\u00ed es valioso y que aporta. Al final t\u00fa eres un granito de arena en un programa y en un trabajo de equipo que llevan 25 a\u00f1os\u2026 Y si sirve de algo la imagen, tu proyecci\u00f3n profesional como comunicadora, pues oye, bendito sea. Entonces claro que no pongo en duda que una imagen ayuda. Eso de que una imagen vale m\u00e1s que mil palabras, a veces hasta es cierto; pero en este caso no, yo creo que vamos de la mano y todo el equipo de la Fundaci\u00f3n Alcohol y Sociedad es muy valioso. Yo solamente he venido pues a apoyar y a que me ense\u00f1en. Y de verdad es que aprendo much\u00edsimo en el d\u00eda a d\u00eda de ellas. Y seguiremos creciendo.<\/p>\n<p class=\"question-s1\" id=\"eN2SnzsY7QW5\" data-wc=\"13\"><strong>Lo que est\u00e1 claro es que la comunicaci\u00f3n est\u00e1 siempre dentro de ti\u2026<\/strong><\/p>\n<p class=\"answer-s1\" id=\"eB-WVy6J1O3g\" data-wc=\"102\">Hombre, claro, yo es que no puedo, es como: dame veneno que me quiero morir (se r\u00ede). Porque, para m\u00ed, el mundo de la televisi\u00f3n es mi mundo, pero, bueno, lo bonito de la vida es compatibilizar muchas cosas y que te aporten. Si todo te aportan y para bien, no puedes decir que no. Yo tengo una ponencia en la que digo: \u2018No digas no, hazlo\u2019. Porque creo que <a class=\"hm-link ho-link\" href=\"https:\/\/www.hola.com\/actualidad\/20210128183389\/pasapalabra-20-aniversario-silvia-jato-jaime-cantizano-nf\/\" data-mrf-recirculation=\"article-body-link\" rel=\"nofollow noopener\" target=\"_blank\">hay que vivir la vida, la vida no puede pasar por ti<\/a>, t\u00fa tienes que pasar por la vida y no puedes rechazar las cosas que realmente te hacen crecer como persona.<\/p>\n<p> <img src=\"https:\/\/www.europesays.com\/es\/wp-content\/uploads\/2025\/11\/7ad1064a8ec8-ydray-j83452.jpg\"   width=\"682\" height=\"1024\" loading=\"lazy\" decoding=\"async\" alt=\"Silvia Jato con un traje de chaqueta blanco\" fetchpriority=\"auto\" class=\"image ho-image\"\/>\u00a9 Jotxo C\u00e1ceres\u00bbAl final, nosotros somos el ejemplo y siempre, como dice el presidente de mi patronato, si hay un menor que consume es por culpa de un adulto\u00bb<\/p>\n<p class=\"question-s1\" id=\"eQRYiW9mKXAv\" data-wc=\"25\"><strong>\u00bfDir\u00edas que est\u00e1s en un momento feliz? Con tu labor en la fundaci\u00f3n, programas de televisi\u00f3n\u2026 alejarte de la tele va a ser que no<\/strong><\/p>\n<p class=\"answer-s1\" id=\"e_cJU-ap4Suc\" data-wc=\"86\">Bueno, yo creo que hasta que me echen a patadas, pero de momento no, de momento no. La verdad que creo que es compatible y es algo que me aporta. Las dos cosas me aportan mucho en mi vida en la actualidad, as\u00ed que estoy viviendo un momento, como dicen muchas, muy dulce y es la verdad, no me puedo quejar. Doy gracias todos los d\u00edas y lo m\u00e1s importante es que tenemos salud todos. Todos en mi familia y eso es lo que deseo realmente.<\/p>\n<p class=\"question-s1\" id=\"ek28W6RiWVHg\" data-wc=\"8\"><strong>A la Silvia que empezaba, \u00bfle dir\u00edas algo?\u00a0<\/strong><\/p>\n<p class=\"answer-s1\" id=\"eFGZUxOyEny7\" data-wc=\"70\">Pues le dir\u00eda que siga por el camino que ella cree y que hasta las piedras son bonitas para saber lo que tienes que hacer y lo que no. Y le dir\u00eda tambi\u00e9n que mirar para atr\u00e1s nunca, que siga mirando para adelante\u2026 Con lo cual\u2026 yo creo que no mirar\u00eda a la Silvia de hace diez a\u00f1os, no. Soy de las que miro hacia delante. Nunca miro para atr\u00e1s.<\/p>\n<p class=\"question-s1\" id=\"eBGLbvBvoiYk\" data-wc=\"10\"><strong>\u00bfHay alg\u00fan reto o sue\u00f1o que te quede por cumplir?<\/strong><\/p>\n<p class=\"answer-s1\" id=\"efLbmjaeWXe7\" data-wc=\"124\">No me lo planteo, f\u00edjate, no soy de las que muestren sue\u00f1os. Una de las filosof\u00edas m\u00e1s antiguas, japonesa, dice que la distancia entre lo que t\u00fa vives hoy y lo que deseas debe de ser m\u00ednima para ser feliz. Con lo cual vivo el d\u00eda a d\u00eda. Intento sacarle el mayor partido del mundo y no genero ni deseos ni sue\u00f1os, porque creo que eso, al final, te provoca frustraci\u00f3n. S\u00ed, es que es verdad: la gente acaba pensando en todo lo que quiere hacer y luego se frustra porque no lo consigue y son amargados. Pero es verdad, yo eso de: uy, quiero llegar a esto, quiero tal\u2026 No. Actitud positiva, siempre. Hay que hacerlo lo mejor posible, proyectar, pero no so\u00f1ar.<\/p>\n<p class=\"question-s1\" id=\"eKHqTrpJSYpC\" data-wc=\"3\"><strong>Porque te frustras\u00a0<\/strong><\/p>\n<p class=\"answer-s1\" id=\"e8Rvq0lF-YD9\" data-wc=\"31\">Te frustras, claro, y dices: \u00bfY por qu\u00e9 yo no? \u00bfY por qu\u00e9 este s\u00ed? Hay que enfocarse en el d\u00eda a d\u00eda, qu\u00e9 es lo que te tiene que aportar\u2026<\/p>\n<p class=\"question-s1\" id=\"e41M9ESOAh_r\" data-wc=\"5\"><strong>Y lleva a comparaciones innecesarias<\/strong><\/p>\n<p class=\"answer-s1\" id=\"eVU21gKz42Np\" data-wc=\"7\">Claro, y con eso pierdes mucho tiempo\u00a0<\/p>\n","protected":false},"excerpt":{"rendered":"La vida puede dar muchas vueltas, y la suya, nos asegura, \u00absiempre me ha sorprendido\u00bb. Silvia Jato\u00a0comenz\u00f3 su&hellip;\n","protected":false},"author":2,"featured_media":252655,"comment_status":"","ping_status":"","sticky":false,"template":"","format":"standard","meta":{"footnotes":""},"categories":[174],"tags":[517,255,3899,146,147,25,24,256,63870,23],"class_list":{"0":"post-252654","1":"post","2":"type-post","3":"status-publish","4":"format-standard","5":"has-post-thumbnail","7":"category-famosos","8":"tag-actualidad","9":"tag-celebrities","10":"tag-contenido-sensible","11":"tag-entertainment","12":"tag-entretenimiento","13":"tag-es","14":"tag-espana","15":"tag-famosos","16":"tag-silvia-jato","17":"tag-spain"},"share_on_mastodon":{"url":"https:\/\/pubeurope.com\/@es\/115603129633614161","error":""},"_links":{"self":[{"href":"https:\/\/www.europesays.com\/es\/wp-json\/wp\/v2\/posts\/252654","targetHints":{"allow":["GET"]}}],"collection":[{"href":"https:\/\/www.europesays.com\/es\/wp-json\/wp\/v2\/posts"}],"about":[{"href":"https:\/\/www.europesays.com\/es\/wp-json\/wp\/v2\/types\/post"}],"author":[{"embeddable":true,"href":"https:\/\/www.europesays.com\/es\/wp-json\/wp\/v2\/users\/2"}],"replies":[{"embeddable":true,"href":"https:\/\/www.europesays.com\/es\/wp-json\/wp\/v2\/comments?post=252654"}],"version-history":[{"count":0,"href":"https:\/\/www.europesays.com\/es\/wp-json\/wp\/v2\/posts\/252654\/revisions"}],"wp:featuredmedia":[{"embeddable":true,"href":"https:\/\/www.europesays.com\/es\/wp-json\/wp\/v2\/media\/252655"}],"wp:attachment":[{"href":"https:\/\/www.europesays.com\/es\/wp-json\/wp\/v2\/media?parent=252654"}],"wp:term":[{"taxonomy":"category","embeddable":true,"href":"https:\/\/www.europesays.com\/es\/wp-json\/wp\/v2\/categories?post=252654"},{"taxonomy":"post_tag","embeddable":true,"href":"https:\/\/www.europesays.com\/es\/wp-json\/wp\/v2\/tags?post=252654"}],"curies":[{"name":"wp","href":"https:\/\/api.w.org\/{rel}","templated":true}]}}