{"id":252656,"date":"2025-11-24T05:57:10","date_gmt":"2025-11-24T05:57:10","guid":{"rendered":"https:\/\/www.europesays.com\/es\/252656\/"},"modified":"2025-11-24T05:57:10","modified_gmt":"2025-11-24T05:57:10","slug":"militar-de-profesion-y-un-habitual-en-los-restaurantes-de-mallorca","status":"publish","type":"post","link":"https:\/\/www.europesays.com\/es\/252656\/","title":{"rendered":"militar de profesi\u00f3n y un habitual en los restaurantes de Mallorca"},"content":{"rendered":"<p>La \u00faltima edici\u00f3n de &#8216;<strong><a href=\"https:\/\/www.ultimahora.es\/etiqueta\/la+isla+de+las+tentaciones.html?utm_source=Inline-tag&amp;utm_medium=internal\" rel=\"nofollow noopener\" target=\"_blank\">La isla de las Tentaciones<\/a><\/strong>&#8216; en <a href=\"https:\/\/www.ultimahora.es\/etiqueta\/Telecinco.html?utm_source=Inline-tag&amp;utm_medium=internal\" rel=\"nofollow noopener\" target=\"_blank\">Telecinco<\/a> ha vuelto a captar la atenci\u00f3n de la audiencia con sus giros inesperados y momentos de alta tensi\u00f3n. Uno de sus protagonistas, <strong>Gilbert<\/strong>, un joven militar de 24 a\u00f1os de Mallorca, se encuentra en el ojo del hurac\u00e1n medi\u00e1tico tras un dram\u00e1tico episodio con <a title=\"Claudia Chac\u00f3n detr\u00e1s de &#039;La isla de las Tentaciones&#039;: sus locales favoritos en Mallorca, sus aficiones y sus estudios\" href=\"https:\/\/www.ultimahora.es\/vips\/television\/2025\/11\/19\/2513657\/claudia-chacon-detras-isla-tentaciones-locales-favoritos-mallorca-aficiones-estudios.html?utm_source=Related&amp;utm_medium=internal\" data-model=\"Noticia\" data-value=\"2513657\" rel=\"nofollow noopener\" target=\"_blank\">su pareja, Claudia<\/a>. Su participaci\u00f3n en el popular formato televisivo no solo ha expuesto la fragilidad de su noviazgo, sino que tambi\u00e9n ha revelado aspectos de su vida personal. Gilbert y Claudia que se conocieron en 2\u00ba de Bachillerato pero no empezaron a salir juntos hasta hace a\u00f1o y medio, llegaron al programa con la intenci\u00f3n de fortalecer su relaci\u00f3n.<\/p>\n<p>Pese a haber tenido otras parejas anteriormente, decidieron darse una oportunidad. La rapidez con la que consolidaron su uni\u00f3n es notable: al mes de iniciar su noviazgo, ya compart\u00edan techo, y medio a\u00f1o despu\u00e9s, ampliaron la familia con la adopci\u00f3n de su perrita Chlo\u00e9. Gilbert, por su parte, ha manifestado en repetidas ocasiones que Claudia es <strong>el amor de su vida<\/strong>, una convicci\u00f3n que mantiene a pesar de no contar con el pleno respaldo de su madre en esta relaci\u00f3n. Sin embargo, la estabilidad de su noviazgo se ha visto seriamente comprometida en las \u00faltimas horas.<\/p>\n<blockquote class=\"instagram-media\" style=\"background: #FFF; border: 0; border-radius: 3px; box-shadow: 0 0 1px 0 rgba(0,0,0,0.5),0 1px 10px 0 rgba(0,0,0,0.15); margin: 1px; max-width: 540px; min-width: 326px; padding: 0; width: calc(100% - 2px);\" data-instgrm-captioned=\"\" data-instgrm-permalink=\"https:\/\/www.instagram.com\/reel\/DQY65meAmFy\/?utm_source=ig_embed&amp;utm_campaign=loading\" data-instgrm-version=\"14\"><p>&#13;<br \/>\n&#13;\n<\/p><\/blockquote>\n<p>Durante la hoguera emitida este lunes, Gilbert pudo ver como Claudia protagoniz\u00f3 un acercamiento \u00edntimo con Gerard, un tentador. Esta traici\u00f3n desencaden\u00f3 una <strong>reacci\u00f3n sin precedentes por parte de Gilbert<\/strong>, quien, visiblemente afectado y salt\u00e1ndose las normas del programa, irrumpi\u00f3 en la villa de las chicas para encararse directamente con su novia. \u00abNo me ves m\u00e1s en tu vida, que seas muy feliz, eres la primera que ha ca\u00eddo en la primera hoguera, \u00bfno te da verg\u00fcenza? Ya te puedes ir de Mallorca, vete a Italia\u00bb, le grit\u00f3.<\/p>\n<p>Militar, mallorqu\u00edn y amante del buen comer<\/p>\n<p>Su profesi\u00f3n de militar le confiere una disciplina y un car\u00e1cter que, sin duda, han influido en su comportamiento dentro del programa. Pero m\u00e1s all\u00e1 de su faceta castrense, Gilbert es un <strong>profundo conocedor y entusiasta de su tierra<\/strong>, Mallorca. Su conexi\u00f3n con la isla no se limita a ser su lugar de residencia; es un aut\u00e9ntico embajador de sus encantos, especialmente en lo que a gastronom\u00eda se refiere. Sus redes sociales son un claro reflejo de esta pasi\u00f3n, donde comparte con sus seguidores sus experiencias en diversos establecimientos culinarios, mostrando una predilecci\u00f3n por los sabores aut\u00e9nticos y las propuestas innovadoras que ofrece la isla.<\/p>\n<p><img loading=\"lazy\" decoding=\"async\" src=\"https:\/\/www.europesays.com\/es\/wp-content\/uploads\/2025\/11\/3563053.jpg\" border=\"0\" alt=\"\" width=\"1500\" height=\"1028\"\/>&#13;<br \/>\nTres de los restaurantes compartidos por Gilbert en su Instagram.&#13;<\/p>\n<p>La vida de Gilbert en Mallorca parece transcurrir entre sus obligaciones militares y el disfrute de los placeres que ofrece la vida mediterr\u00e1nea. La faceta de Gilbert como foodie es uno de los detalles m\u00e1s curiosos y atractivos de su perfil. A trav\u00e9s de sus redes sociales, el militar mallorqu\u00edn ha compartido con sus seguidores una selecci\u00f3n de sus restaurantes favoritos en la isla, revelando un gusto exquisito y una apreciaci\u00f3n por la buena mesa. Estos establecimientos no solo son lugares donde comer, sino que representan <strong>experiencias culinarias que Gilbert valora<\/strong> y recomienda, ofreciendo una perspectiva diferente de su personalidad.<\/p>\n<p>Entre sus destacados, Gilbert menciona Quinta Avenida, un gastrobar japon\u00e9s ubicado en la Avenida del Comte de Sallent, 5, en Palma. Este restaurante se distingue por ofrecer una <strong>experiencia gastron\u00f3mica japonesa \u00fanica<\/strong>, donde la autenticidad es la protagonista. Los comensales pueden deleitarse con el inconfundible sabor de su robatayaki, una parrilla de carb\u00f3n tradicional, y una cuidada selecci\u00f3n de sushi. El ambiente, descrito como tranquilo y con un servicio atento, complementa la oferta de productos de primera calidad. Quinta Avenida se enorgullece de trabajar con elementos realmente tradicionales de la cultura japonesa, como su gran brasa japonesa, proporcionando una experiencia culinaria singular en Mallorca. Abre de lunes a domingo, de 13:00 a 16:00 y de 19:30 a 23:00 horas.<\/p>\n<p>Otro de los favoritos de Gilbert es La Bodeguilla, considerado el restaurante m\u00e1s emblem\u00e1tico del centro de Palma, en Carrer de Sant Jaume, 3. Este espacio se define como un establecimiento &#8216;non-stop&#8217; de cocina de producto, honesta, seductora y vers\u00e1til, con la <strong>tradici\u00f3n de la cocina espa\u00f1ola desde el Mediterr\u00e1neo<\/strong>. Es un lugar ideal para los amantes del buen vino y la buena comida, en un ambiente relajado y dise\u00f1ado para el disfrute. La Bodeguilla apuesta por el sabor, la memoria, la sostenibilidad y la atemporalidad, donde el producto es el gran protagonista de su carta. Los ingredientes, reconocibles y de proximidad, se tratan con sencillez, humildad y t\u00e9cnica, preparados al momento con lo mejor de cada d\u00eda. Su horario es de lunes a domingo, de 13:00 a 23:00 horas.<\/p>\n<p>Gilbert tambi\u00e9n destaca el Mes\u00f3n Ca&#8217;n Pedro, un restaurante hist\u00f3rico de G\u00e9nova, en Palma, con una trayectoria que se remonta a 1976. Con un estilo cl\u00e1sico, este mes\u00f3n ofrece una amplia variedad de platos, desde los m\u00e1s emblem\u00e1ticos de la gastronom\u00eda mallorquina hasta todo tipo de productos frescos. Sus carnes a la piedra y pescados y mariscos son de calidad contrastada, lo que lo convierte en un referente para quienes buscan <strong>aut\u00e9nticos sabores de la cocina local<\/strong>. Mes\u00f3n Ca&#8217;n Pedro abre de domingo a jueves de 12:30 a 23:45, y viernes y s\u00e1bado de 12:30 a 23:45 horas, en Carrer Rector Vives, 14.<\/p>\n<p>&#8216;La isla de las Tentaciones&#8217; es un popular reality show de Telecinco que ha cautivado a la audiencia espa\u00f1ola desde su primera emisi\u00f3n. El formato consiste en varias parejas que viajan a una isla paradis\u00edaca, donde son separadas y conviven con un grupo de solteros y solteras, conocidos como \u00abtentadores\u00bb y \u00abtentadoras\u00bb. El objetivo del programa es poner a prueba la fidelidad y la fortaleza de las relaciones, exponiendo a los participantes a situaciones de tentaci\u00f3n y celos. A trav\u00e9s de hogueras peri\u00f3dicas, los concursantes ven im\u00e1genes de sus parejas con los tentadores, lo que a menudo genera conflictos, rupturas y momentos de gran dramatismo. El programa se ha convertido en un fen\u00f3meno televisivo, generando debates y conversaciones en redes sociales sobre la naturaleza del amor, la confianza y la infidelidad, y <strong>su impacto en las relaciones modernas<\/strong>.<\/p>\n<p><script async src=\"\/\/www.instagram.com\/embed.js\"><\/script><\/p>\n","protected":false},"excerpt":{"rendered":"La \u00faltima edici\u00f3n de &#8216;La isla de las Tentaciones&#8216; en Telecinco ha vuelto a captar la atenci\u00f3n de&hellip;\n","protected":false},"author":2,"featured_media":252657,"comment_status":"","ping_status":"","sticky":false,"template":"","format":"standard","meta":{"footnotes":""},"categories":[171],"tags":[5233,146,147,25,24,12648,14194,12643,15508,23,692,807,214],"class_list":{"0":"post-252656","1":"post","2":"type-post","3":"status-publish","4":"format-standard","5":"has-post-thumbnail","7":"category-tv","8":"tag-audiencias-um","9":"tag-entertainment","10":"tag-entretenimiento","11":"tag-es","12":"tag-espana","13":"tag-ia-news","14":"tag-la-isla-de-las-tentaciones","15":"tag-noticias-interesantes","16":"tag-programa-de-television","17":"tag-spain","18":"tag-telecinco","19":"tag-television","20":"tag-tv"},"share_on_mastodon":{"url":"https:\/\/pubeurope.com\/@es\/115603142100744519","error":""},"_links":{"self":[{"href":"https:\/\/www.europesays.com\/es\/wp-json\/wp\/v2\/posts\/252656","targetHints":{"allow":["GET"]}}],"collection":[{"href":"https:\/\/www.europesays.com\/es\/wp-json\/wp\/v2\/posts"}],"about":[{"href":"https:\/\/www.europesays.com\/es\/wp-json\/wp\/v2\/types\/post"}],"author":[{"embeddable":true,"href":"https:\/\/www.europesays.com\/es\/wp-json\/wp\/v2\/users\/2"}],"replies":[{"embeddable":true,"href":"https:\/\/www.europesays.com\/es\/wp-json\/wp\/v2\/comments?post=252656"}],"version-history":[{"count":0,"href":"https:\/\/www.europesays.com\/es\/wp-json\/wp\/v2\/posts\/252656\/revisions"}],"wp:featuredmedia":[{"embeddable":true,"href":"https:\/\/www.europesays.com\/es\/wp-json\/wp\/v2\/media\/252657"}],"wp:attachment":[{"href":"https:\/\/www.europesays.com\/es\/wp-json\/wp\/v2\/media?parent=252656"}],"wp:term":[{"taxonomy":"category","embeddable":true,"href":"https:\/\/www.europesays.com\/es\/wp-json\/wp\/v2\/categories?post=252656"},{"taxonomy":"post_tag","embeddable":true,"href":"https:\/\/www.europesays.com\/es\/wp-json\/wp\/v2\/tags?post=252656"}],"curies":[{"name":"wp","href":"https:\/\/api.w.org\/{rel}","templated":true}]}}