{"id":252664,"date":"2025-11-24T06:02:13","date_gmt":"2025-11-24T06:02:13","guid":{"rendered":"https:\/\/www.europesays.com\/es\/252664\/"},"modified":"2025-11-24T06:02:13","modified_gmt":"2025-11-24T06:02:13","slug":"quienes-son-los-nuevos-nominados","status":"publish","type":"post","link":"https:\/\/www.europesays.com\/es\/252664\/","title":{"rendered":"\u00bfqui\u00e9nes son los nuevos nominados?"},"content":{"rendered":"\n<p> Esta semana se van dos concursantes de la casa de Gran Hermano 20. La primera ha sido Lorena, tras una ceremonia de eliminaci\u00f3n que los ha pillado completamente desprevenidos. Al igual que<strong> la nueva forma de nominar, que vuelve a tirar al suelo sus estrategias.<\/strong> <\/p>\n<p> La marca GH es ser imprevisible y adelantarse a los movimientos de sus protagonistas. La palestra conten\u00eda seis habitantes ante los telespectadores y uno de ellos ha tenido que decir adi\u00f3s antes de tiempo: <strong>Lorena ha sido expulsada durante la emisi\u00f3n del debate con Ion Aramendi<\/strong>, dej\u00e1ndolos totalmente en shock. <\/p>\n<p> A diferencia de otras veces, en esta ocasi\u00f3n el presentador conmin\u00f3 a los seis expuestos a que hicieran sus maletas en 10 minutos. Poco despu\u00e9s, la residente en Murcia <strong>no logr\u00f3 reunir los suficientes apoyos contra Cristian, Desir\u00e9e, Joon, Bel\u00e9n y Aquilino <\/strong>y tuvo que abandonar de manera inmediata la casa de Tres Cantos. <\/p>\n<p> Otra novedad sobrevenida ha sido<strong> la cancelaci\u00f3n temporal de la inmunidad: nadie ha sido intocable<\/strong>, tras la clausura de la pajarera. Tuvieron que sacar unas fichas de una caja para arrancar la nueva ronda de nominaciones: los que conten\u00edan un n\u00famero y el color rojo, lo hac\u00edan a la cara, mientras que los azules nominaban en el confesionario. <\/p>\n<blockquote class=\"twitter-tweet\">\n<p lang=\"es\" dir=\"ltr\">\ud83d\udea8 \u00a1EST\u00c1N EN TUS MANOS! \ud83d\udea8 Entra en la App de <a href=\"https:\/\/twitter.com\/MedInfinityES?ref_src=twsrc%5Etfw\" rel=\"nofollow noopener\" target=\"_blank\">@MedInfinityES<\/a> y VOTA YA <a href=\"https:\/\/twitter.com\/hashtag\/GHDBT3?src=hash&amp;ref_src=twsrc%5Etfw\" rel=\"nofollow noopener\" target=\"_blank\">#GHDBT3<\/a> <a href=\"https:\/\/t.co\/KhNOga2Jm5\" rel=\"nofollow\">pic.twitter.com\/KhNOga2Jm5<\/a><\/p>\n<p>\u2014 Gran Hermano (@ghoficial) <a href=\"https:\/\/twitter.com\/ghoficial\/status\/1992761367221207416?ref_src=twsrc%5Etfw\" rel=\"nofollow noopener\" target=\"_blank\">November 24, 2025<\/a><\/p><\/blockquote>\n<p> <strong>Desir\u00e9, Roc\u00edo, Jos\u00e9 Manuel y Edurne lo hicieron en la intimidad del confesionario<\/strong>, pero pudieron asistir a las votaciones de sus compa\u00f1eros a trav\u00e9s de la pantalla del sal\u00f3n. Mientras tanto, <strong>el resto de participantes conformaron la nueva palestra de nominados delante de todos<\/strong>, origin\u00e1ndose algunos conflictos, como el de Mamadou con Jonay o el de Patricia con Almudena. <\/p>\n<p>              <img decoding=\"async\" class=\"inTextNews__img\" alt=\"Foto: gran-hermano-patricia-almudena-cobarde-traidora\" src=\"https:\/\/www.europesays.com\/es\/wp-content\/uploads\/2025\/11\/f.elconfidencial.com\/original\/8d2\/12e\/38e\/8d212e38eb589db54362b79409d38f84.jpg\"  \/>     <\/p>\n<p>TE PUEDE INTERESAR<\/p>\n<p>      <a class=\"inTextNews__title\" href=\"https:\/\/www.elconfidencial.com\/television\/programas-tv\/2025-11-24\/gran-hermano-patricia-almudena-cobarde-traidora_4253171\/\" onclick=\"window.ECCO.emit(&#039;amplitude&#039;, { dataEventName: &#039;click_related_article_module&#039;, data: { related_article_url: &#039;https:\/\/www.elconfidencial.com\/television\/programas-tv\/2025-11-24\/gran-hermano-patricia-almudena-cobarde-traidora_4253171\/&#039;, related_article_author: &#039;Alvaro Rold\u00e1n&#039;, related_article_section: &#039;programas-tv&#039; } })\" rel=\"nofollow noopener\" target=\"_blank\"> \u00abMejor traidora que cobarde\u00bb: los aplausos se cuelan en &#8216;Gran Hermano&#8217; tras el corte de Patricia a Almudena <\/a>   <\/p>\n<p>    \u00c1lvaro Rold\u00e1n   <\/p>\n<p> <strong>Almudena, Patricia, Jos\u00e9 Manuel y Paula son los nuevos nominados de la semana<\/strong>. El jueves, durante la gala oficial con Jorge Javier V\u00e1zquez, uno de los cuatro tendr\u00e1 que finalizar su experiencia en el reality de Zeppelin TV y unirse al sill\u00f3n de eliminados en el que ya est\u00e1n Noah, Sof\u00eda, Diego y Lorena, la \u00faltima expulsada. <\/p>\n<p> Esta semana se van dos concursantes de la casa de Gran Hermano 20. La primera ha sido Lorena, tras una ceremonia de eliminaci\u00f3n que los ha pillado completamente desprevenidos. Al igual que<strong> la nueva forma de nominar, que vuelve a tirar al suelo sus estrategias.<\/strong> <\/p>\n<p>              <script async src=\"https:\/\/platform.twitter.com\/widgets.js\" charset=\"utf-8\"><\/script><\/p>\n","protected":false},"excerpt":{"rendered":"Esta semana se van dos concursantes de la casa de Gran Hermano 20. La primera ha sido Lorena,&hellip;\n","protected":false},"author":2,"featured_media":252665,"comment_status":"","ping_status":"","sticky":false,"template":"","format":"standard","meta":{"footnotes":""},"categories":[91],"tags":[146,147,25,24,23],"class_list":{"0":"post-252664","1":"post","2":"type-post","3":"status-publish","4":"format-standard","5":"has-post-thumbnail","7":"category-entretenimiento","8":"tag-entertainment","9":"tag-entretenimiento","10":"tag-es","11":"tag-espana","12":"tag-spain"},"share_on_mastodon":{"url":"https:\/\/pubeurope.com\/@es\/115603161295994189","error":""},"_links":{"self":[{"href":"https:\/\/www.europesays.com\/es\/wp-json\/wp\/v2\/posts\/252664","targetHints":{"allow":["GET"]}}],"collection":[{"href":"https:\/\/www.europesays.com\/es\/wp-json\/wp\/v2\/posts"}],"about":[{"href":"https:\/\/www.europesays.com\/es\/wp-json\/wp\/v2\/types\/post"}],"author":[{"embeddable":true,"href":"https:\/\/www.europesays.com\/es\/wp-json\/wp\/v2\/users\/2"}],"replies":[{"embeddable":true,"href":"https:\/\/www.europesays.com\/es\/wp-json\/wp\/v2\/comments?post=252664"}],"version-history":[{"count":0,"href":"https:\/\/www.europesays.com\/es\/wp-json\/wp\/v2\/posts\/252664\/revisions"}],"wp:featuredmedia":[{"embeddable":true,"href":"https:\/\/www.europesays.com\/es\/wp-json\/wp\/v2\/media\/252665"}],"wp:attachment":[{"href":"https:\/\/www.europesays.com\/es\/wp-json\/wp\/v2\/media?parent=252664"}],"wp:term":[{"taxonomy":"category","embeddable":true,"href":"https:\/\/www.europesays.com\/es\/wp-json\/wp\/v2\/categories?post=252664"},{"taxonomy":"post_tag","embeddable":true,"href":"https:\/\/www.europesays.com\/es\/wp-json\/wp\/v2\/tags?post=252664"}],"curies":[{"name":"wp","href":"https:\/\/api.w.org\/{rel}","templated":true}]}}