{"id":252674,"date":"2025-11-24T06:07:11","date_gmt":"2025-11-24T06:07:11","guid":{"rendered":"https:\/\/www.europesays.com\/es\/252674\/"},"modified":"2025-11-24T06:07:11","modified_gmt":"2025-11-24T06:07:11","slug":"sanchez-defiende-la-inocencia-del-fiscal-general-y-abre-la-puerta-al-constitucional-y-ahora-que-el-pais-expres","status":"publish","type":"post","link":"https:\/\/www.europesays.com\/es\/252674\/","title":{"rendered":"S\u00e1nchez defiende la inocencia del fiscal general y abre la puerta al Constitucional: \u00bfy ahora qu\u00e9? | El PA\u00cdS Expr\u00e9s"},"content":{"rendered":"<p><img fetchpriority=\"high\" decoding=\"auto\" class=\"_re  a_m-h\" height=\"414\"  width=\"414\"  src=\"https:\/\/www.europesays.com\/es\/wp-content\/uploads\/2025\/11\/NGM6COOO5BGLXKTIYOY7CYAX3I.jpg\" loading=\"eager\"\/>El presidente del Gobierno, Pedro S\u00e1nchez, asiste a la presentaci\u00f3n de la serie de ficci\u00f3n &#8216;Anatom\u00eda de un instante&#8217;, en el Congreso de los Diputados, a 20 de noviembre de 2025, Madrid (Espa\u00f1a). La serie &#8216;Anatom\u00eda de un instante&#8217;, producida por Movistar Plus+, dirigida por Alberto Rodr\u00edguez y basada en la novela de Javier Cercas, narra el golpe de Estado en Espa\u00f1a del 23 de febrero de 1981.&#13;<br \/>\n20 NOVIEMBRE 2025;PRESENTACI\u00d3N SERIE DE TELEVISI\u00d3N&#13;<br \/>\nRicardo Rubio \/ Europa Press&#13;<br \/>\n20\/11\/2025Foto: Ricardo Rubio (Europa Press)<\/p>\n<p class=\"\">La condena al fiscal general del Estado, \u00c1lvaro Garc\u00eda Ortiz, ha abierto un nuevo frente pol\u00edtico y judicial de enorme sensibilidad. <\/p>\n<p class=\"\"><b>La primera reacci\u00f3n del presidente del Gobierno ha ido en esa l\u00ednea: <\/b>Pedro S\u00e1nchez ha intentado mostrarse prudente, consciente de que cualquier choque institucional con el Tribunal Supremo puede disparar a\u00fan m\u00e1s la tensi\u00f3n. <\/p>\n<ul>\n<li>Aun as\u00ed, ha dejado entrever su malestar por una sentencia que \u201clamenta\u201d y cuya correcci\u00f3n ve posible en \u201cotras instancias jurisdiccionales\u201d.<\/li>\n<\/ul>\n<p class=\"\"><b>\u00bfY qu\u00e9 implica exactamente? <\/b>S\u00e1nchez sugiere que el Tribunal Constitucional (o, llegado el caso, la justicia europea) podr\u00edan revisar un fallo que el Gobierno considera controvertido. <\/p>\n<ul>\n<li>Es una forma de marcar distancias con el criterio de la Sala Segunda sin romper la v\u00eda institucional.<\/li>\n<\/ul>\n<p class=\"\"><b>La defensa de Garc\u00eda Ortiz ha sido rotunda.<\/b> S\u00e1nchez ha insistido en su \u201ccreencia en la inocencia\u201d del fiscal y ha recordado que periodistas de \u201cdilatada experiencia\u201d declararon que \u00e9l no fue el origen de las filtraciones.<\/p>\n<p class=\"\"><b>\u00bfY ahora qu\u00e9?<\/b> El Gobierno ya ha activado el procedimiento para elegir a un nuevo fiscal general, aunque la sustituci\u00f3n depende de que Garc\u00eda Ortiz presente su dimisi\u00f3n. <\/p>\n<ul>\n<li>Lo que s\u00ed se da por hecho es que el relevo ser\u00e1 de perfil \u201cnetamente progresista\u201d y con la fortaleza suficiente para encarar una coyuntura especialmente delicada.<\/li>\n<\/ul>\n<p class=\"\"><b>Mientras tanto, la calle tambi\u00e9n se ha movido.<\/b> Cientos de personas se han concentrado frente al Supremo, en la Plaza de la Villa de Par\u00eds de Madrid, para denunciar lo que consideran una condena injusta. <\/p>\n<p class=\"\">\u00a9Foto: Ricardo Rubio (Europa Press)<\/p>\n<p class=\"\"><a href=\"https:\/\/elpais.com\/espana\/2025-11-23\/comparecencia-de-pedro-sanchez-tras-la-cumbre-del-g-20.html\" target=\"_self\" rel=\"nofollow noopener\" title=\"https:\/\/elpais.com\/espana\/2025-11-23\/comparecencia-de-pedro-sanchez-tras-la-cumbre-del-g-20.html\">Si quieres saber m\u00e1s, puedes leer aqu\u00ed.<\/a><\/p>\n","protected":false},"excerpt":{"rendered":"El presidente del Gobierno, Pedro S\u00e1nchez, asiste a la presentaci\u00f3n de la serie de ficci\u00f3n &#8216;Anatom\u00eda de un&hellip;\n","protected":false},"author":2,"featured_media":252675,"comment_status":"","ping_status":"","sticky":false,"template":"","format":"standard","meta":{"footnotes":""},"categories":[5],"tags":[8577,17,18,25,24,13,14,2153,582,11,19,20,9,10,15,16,2959,23,12,21,22],"class_list":{"0":"post-252674","1":"post","2":"type-post","3":"status-publish","4":"format-standard","5":"has-post-thumbnail","7":"category-titulares","8":"tag-alvaro-garcia-ortiz","9":"tag-breaking-news","10":"tag-breakingnews","11":"tag-es","12":"tag-espana","13":"tag-featured-news","14":"tag-featurednews","15":"tag-fiscalia-general-estado","16":"tag-gobierno","17":"tag-headlines","18":"tag-latest-news","19":"tag-latestnews","20":"tag-news","21":"tag-noticias","22":"tag-noticias-destacadas","23":"tag-noticiasdestacadas","24":"tag-pedro-sanchez","25":"tag-spain","26":"tag-titulares","27":"tag-ultimas-noticias","28":"tag-ultimasnoticias"},"share_on_mastodon":{"url":"https:\/\/pubeurope.com\/@es\/115603180360841912","error":""},"_links":{"self":[{"href":"https:\/\/www.europesays.com\/es\/wp-json\/wp\/v2\/posts\/252674","targetHints":{"allow":["GET"]}}],"collection":[{"href":"https:\/\/www.europesays.com\/es\/wp-json\/wp\/v2\/posts"}],"about":[{"href":"https:\/\/www.europesays.com\/es\/wp-json\/wp\/v2\/types\/post"}],"author":[{"embeddable":true,"href":"https:\/\/www.europesays.com\/es\/wp-json\/wp\/v2\/users\/2"}],"replies":[{"embeddable":true,"href":"https:\/\/www.europesays.com\/es\/wp-json\/wp\/v2\/comments?post=252674"}],"version-history":[{"count":0,"href":"https:\/\/www.europesays.com\/es\/wp-json\/wp\/v2\/posts\/252674\/revisions"}],"wp:featuredmedia":[{"embeddable":true,"href":"https:\/\/www.europesays.com\/es\/wp-json\/wp\/v2\/media\/252675"}],"wp:attachment":[{"href":"https:\/\/www.europesays.com\/es\/wp-json\/wp\/v2\/media?parent=252674"}],"wp:term":[{"taxonomy":"category","embeddable":true,"href":"https:\/\/www.europesays.com\/es\/wp-json\/wp\/v2\/categories?post=252674"},{"taxonomy":"post_tag","embeddable":true,"href":"https:\/\/www.europesays.com\/es\/wp-json\/wp\/v2\/tags?post=252674"}],"curies":[{"name":"wp","href":"https:\/\/api.w.org\/{rel}","templated":true}]}}