{"id":252680,"date":"2025-11-24T06:16:12","date_gmt":"2025-11-24T06:16:12","guid":{"rendered":"https:\/\/www.europesays.com\/es\/252680\/"},"modified":"2025-11-24T06:16:12","modified_gmt":"2025-11-24T06:16:12","slug":"inaki-pena-cambia-de-opinion-para-mi-es-falta","status":"publish","type":"post","link":"https:\/\/www.europesays.com\/es\/252680\/","title":{"rendered":"I\u00f1aki Pe\u00f1a cambia de opini\u00f3n: \u00abPara m\u00ed es falta\u00bb"},"content":{"rendered":"<p data-mrf-recirculation=\"Links P\u00e1rrafos\" class=\"ue-c-article__paragraph paragraph ue-c-article--first-letter-highlighted\">Lecci\u00f3n de <strong>I\u00f1aki Pe\u00f1a<\/strong> nada m\u00e1s terminar el partido. A\u00fan con sangre en la nariz tras un claro golpe de <strong>Vinicius<\/strong>, el portero del <strong>Elche<\/strong> habl\u00f3 en los micr\u00f3fonos de Movistar + para aclarar la pol\u00e9mica acci\u00f3n que termin\u00f3 en el 2-2 del Madrid tras un golpe fortuito de Vinicius cuando trataba de llegar a la pelota.\u00a0<strong>\u00abRemata, la paro y con la inercia me pega en la nariz. Mala suerte. Es un lance del juego. Se ha quedado en un golpe, simplemente eso\u00bb<\/strong>, asegur\u00f3.<\/p>\n<p><img decoding=\"async\" width=\"1980\" height=\"1320\" class=\"ue-c-article__image lazyload\" alt=\"I\u00f1aki Pe\u00f1a tras el golpe con Vini.\" loading=\"lazy\" src=\"https:\/\/www.europesays.com\/es\/wp-content\/uploads\/2025\/11\/6923872c39eeb.jpeg\"\/><\/p>\n<p>I\u00f1aki Pe\u00f1a tras el golpe con Vini.<\/p>\n<p data-mrf-recirculation=\"Links P\u00e1rrafos\" class=\"ue-c-article__paragraph paragraph\"><strong>Empate del Madrid<\/strong>: \u00abNos quedamos con que hemos hecho un partidazo. Hemos dejado en el campo todo lo que nos piden. Te vas con un poco de amargura por el empate final, pero claro, irte con amargura por empatar con el Madrid&#8230;creo que vamos por buen camino\u00bb<\/p>\n<p data-mrf-recirculation=\"Links P\u00e1rrafos\" class=\"ue-c-article__paragraph paragraph\"><strong>Segunda parte<\/strong>:\u00a0\u00abSab\u00edamos que con el marcador en contra ellos se iban a volcar. Tienen jugadores de calidad mundial que te superan y tienen esa capacidad para romper l\u00edneas. Hab\u00edamos planteado el partido para que, cuando nos superasen, intentar cerrar todos los espacios y que tuvieran el bal\u00f3n lejos de nuestra porter\u00eda. Nos estamos acostumbrados a eso y ten\u00edamos que adaptarnos a ese tipo de partido. En esa faceta el equipo ha hecho un partidazo\u00bb<\/p>\n<p data-mrf-recirculation=\"Links P\u00e1rrafos\" class=\"ue-c-article__paragraph paragraph\"><strong>Capacidad de reacci\u00f3n<\/strong>: \u00abEl Madrid es especialista en eso, dar la vuelta al marcador, meterse encima de tu porter\u00eda. Sab\u00edamos que \u00edbamos a sufrir y quer\u00edamos tener posesiones largas\u00bb<\/p>\n<p><img decoding=\"async\" width=\"921\" height=\"2000\" class=\"ue-c-article__image lazyload\" alt=\"As\u00ed qued\u00f3 la nariz de I\u00f1aki Pe\u00f1a tras su golpe con Vini.\" loading=\"lazy\" src=\"https:\/\/www.europesays.com\/es\/wp-content\/uploads\/2025\/11\/6923903f30b8b.jpeg\"\/><\/p>\n<p>As\u00ed qued\u00f3 la nariz de I\u00f1aki Pe\u00f1a tras su golpe con Vini.<\/p>\n<p data-mrf-recirculation=\"Links P\u00e1rrafos\" class=\"ue-c-article__paragraph paragraph\">El portero del Elche en rueda de prensa&#8230; y cambi\u00f3 de opini\u00f3n, algo que ya hab\u00eda avisado Sarabia que iba a pasar cuando el portero viese la jugada repetida. Desde el campo todo se siente y ve diferente, y la nueva perspectiva hizo que I\u00f1aki Pe\u00f1a corrigiese sus palabras. \u00ab<strong>Tira, intenta ir al rechace, pero en la segunda jugada no me deja participar en ella porque me deja K.O. Para m\u00ed s\u00ed que es falta, pero s\u00ed el \u00e1rbitro va al VAR y dice que no es falta no podemos hacer nada\u00bb<\/strong>.\u00a0<\/p>\n","protected":false},"excerpt":{"rendered":"Lecci\u00f3n de I\u00f1aki Pe\u00f1a nada m\u00e1s terminar el partido. A\u00fan con sangre en la nariz tras un claro&hellip;\n","protected":false},"author":2,"featured_media":252681,"comment_status":"","ping_status":"","sticky":false,"template":"","format":"standard","meta":{"footnotes":""},"categories":[268],"tags":[168,25,24,280,282,281,23,167],"class_list":{"0":"post-252680","1":"post","2":"type-post","3":"status-publish","4":"format-standard","5":"has-post-thumbnail","7":"category-futbol","8":"tag-deportes","9":"tag-es","10":"tag-espana","11":"tag-football","12":"tag-futbol","13":"tag-soccer","14":"tag-spain","15":"tag-sports"},"share_on_mastodon":{"url":"https:\/\/pubeurope.com\/@es\/115603216151380350","error":""},"_links":{"self":[{"href":"https:\/\/www.europesays.com\/es\/wp-json\/wp\/v2\/posts\/252680","targetHints":{"allow":["GET"]}}],"collection":[{"href":"https:\/\/www.europesays.com\/es\/wp-json\/wp\/v2\/posts"}],"about":[{"href":"https:\/\/www.europesays.com\/es\/wp-json\/wp\/v2\/types\/post"}],"author":[{"embeddable":true,"href":"https:\/\/www.europesays.com\/es\/wp-json\/wp\/v2\/users\/2"}],"replies":[{"embeddable":true,"href":"https:\/\/www.europesays.com\/es\/wp-json\/wp\/v2\/comments?post=252680"}],"version-history":[{"count":0,"href":"https:\/\/www.europesays.com\/es\/wp-json\/wp\/v2\/posts\/252680\/revisions"}],"wp:featuredmedia":[{"embeddable":true,"href":"https:\/\/www.europesays.com\/es\/wp-json\/wp\/v2\/media\/252681"}],"wp:attachment":[{"href":"https:\/\/www.europesays.com\/es\/wp-json\/wp\/v2\/media?parent=252680"}],"wp:term":[{"taxonomy":"category","embeddable":true,"href":"https:\/\/www.europesays.com\/es\/wp-json\/wp\/v2\/categories?post=252680"},{"taxonomy":"post_tag","embeddable":true,"href":"https:\/\/www.europesays.com\/es\/wp-json\/wp\/v2\/tags?post=252680"}],"curies":[{"name":"wp","href":"https:\/\/api.w.org\/{rel}","templated":true}]}}