{"id":252682,"date":"2025-11-24T06:17:11","date_gmt":"2025-11-24T06:17:11","guid":{"rendered":"https:\/\/www.europesays.com\/es\/252682\/"},"modified":"2025-11-24T06:17:11","modified_gmt":"2025-11-24T06:17:11","slug":"las-fotos-ineditas-de-sanchez-y-begona-regalandole-un-bonsai-a-abalos-por-su-60-cumpleanos","status":"publish","type":"post","link":"https:\/\/www.europesays.com\/es\/252682\/","title":{"rendered":"Las fotos in\u00e9ditas de S\u00e1nchez y Bego\u00f1a regal\u00e1ndole un bons\u00e1i a \u00c1balos por su 60 cumplea\u00f1os"},"content":{"rendered":"<p>OKDIARIO publica <strong>el \u00e1lbum completo con las fotos in\u00e9ditas de Pedro S\u00e1nchez y Bego\u00f1a G\u00f3mez<\/strong> regal\u00e1ndole un bons\u00e1i al <a href=\"https:\/\/okdiario.com\/espana\/abalos-okdiario-pedirle-fiscal-24-anos-carcel-no-hay-pruebas-solo-quieren-meterme-miedo-15792630\" rel=\"nofollow noopener\" target=\"_blank\">ex ministro<\/a> Jos\u00e9 Luis \u00c1balos por su 60 cumplea\u00f1os. La fiesta, que reuni\u00f3 a la primera plana del <a href=\"https:\/\/www.psoe.es\/el-socialista\/\" rel=\"nofollow noopener\" target=\"_blank\">PSOE<\/a>, fue organizada por su entonces asesor Koldo Garc\u00eda en el restaurante de V\u00edctor de Aldama, que ejerci\u00f3 como anfitri\u00f3n.<\/p>\n<p>El <strong>8 de diciembre de 2019 se celebr\u00f3 una gran fiesta que reuni\u00f3 a los altos cargos del PSOE y del Gobierno<\/strong> en un establecimiento ubicado en la zona financiera de las Cuatro Torres en Madrid.<\/p>\n<p>Seg\u00fan se puede apreciar en el \u00e1lbum fotogr\u00e1fico completo de la fiesta, a la misma asistieron <strong>el presidente y su mujer acompa\u00f1ados de su asistente en el Congreso de los Diputados<\/strong>. La mujer iba vestida con una camisa azul y un pantal\u00f3n negro.<\/p>\n<p><img loading=\"lazy\" decoding=\"async\" class=\"alignnone size-full wp-image-15814871\" alt=\"\u00c1balos\" width=\"1600\" height=\"1200\"  src=\"https:\/\/www.europesays.com\/es\/wp-content\/uploads\/2025\/11\/documento_circulos-5.jpg\" \/><\/p>\n<p>A la fiesta tambi\u00e9n fueron los ministros <strong>Fernando Grande-Marlaska, Mar\u00eda Jes\u00fas Montero o F\u00e9lix Bola\u00f1os<\/strong>, y ex ministros como <strong>Magdalena Valerio, Carmen Calvo o Jos\u00e9 Manuel Rodr\u00edguez Uribes.<\/strong><\/p>\n<p>Tampoco se quisieron perder la cita altos cargos del partido como la ex directora del Instituto de las Mujeres <strong>Isabel Rodr\u00edguez<\/strong> y la ex delegada del Gobierno en <strong>Valencia Gloria Calero<\/strong> y su predecesor en el cargo<strong> Juan Carlos Fulgencio<\/strong>, que fue con su mujer.<\/p>\n<p>Los regalos de \u00c1balos<\/p>\n<p>Jos\u00e9 Luis \u00c1balos <strong>vivi\u00f3 su 60 cumplea\u00f1os rodeado de la primera plana del PSOE.<\/strong> Entonces era ministro de Transportes y tambi\u00e9n secretario de Organizaci\u00f3n del partido. Era el todopoderoso dentro de las filas socialistas tras la confianza otorgada por Pedro S\u00e1nchez despu\u00e9s de ayudarle a ganar el control del partido y la presidencia.<\/p>\n<p>Los invitados, para celebrar su cumplea\u00f1os, le dieron <strong>varios regalos<\/strong> durante la fiesta en el restaurante de V\u00edctor de Aldama. Tal y como se puede apreciar en las fotograf\u00edas, le entregaron <strong>una caja blanca decorada con estrellas con cartas y hasta un bons\u00e1i de decoraci\u00f3n<\/strong> cuya entrega presenci\u00f3 Pedro S\u00e1nchez sosteniendo un vaso de cristal.<\/p>\n<p><img loading=\"lazy\" decoding=\"async\" class=\"alignnone size-full wp-image-15814885\" alt=\"\" width=\"1601\" height=\"1189\"  src=\"https:\/\/www.europesays.com\/es\/wp-content\/uploads\/2025\/11\/imagen_con_marca-25.jpg\" \/><\/p>\n<p>La gran fiesta del PSOE con Aldama<\/p>\n<p>Jos\u00e9 Luis \u00c1balos tambi\u00e9n sopl\u00f3 las velas rodeado de su c\u00fapula. Su ex mujer fue la encargada de llevarle la tarta hasta la mesa en la que se encontraba. No hab\u00eda mesas y sillas para todos y los asistentes <strong>disfrutaron de una cena tipo c\u00f3ctel en la que no faltaron embutidos como jam\u00f3n o chorizo.<\/strong><\/p>\n<p>V\u00edctor de Aldama<strong> ejerci\u00f3 de anfitri\u00f3n al ser su restaurante y esper\u00f3 a todos en la puerta.<\/strong> Los altos cargos pudieron ver a Aldama durante toda la tarde y noche, pese a que negaron conocerle p\u00fablicamente cuando su identidad trascendi\u00f3 a los medios de comunicaci\u00f3n tras ser imputado en los tribunales.<\/p>\n<p>Muchos de los invitados <strong>fueron acompa\u00f1ados de sus familias, con ni\u00f1os incluidos que estuvieron jugando con los globos negros.<\/strong> Aldama cerr\u00f3 una sala del restaurante para ellos y se contrat\u00f3 a un fot\u00f3grafo que inmortaliz\u00f3 en decenas de fotograf\u00edas el cumplea\u00f1os de Jos\u00e9 Luis \u00c1balos.<\/p>\n<p><img loading=\"lazy\" decoding=\"async\" class=\"alignnone size-full wp-image-15814909\" alt=\"\u00c1balos\" width=\"1717\" height=\"1144\"  src=\"https:\/\/www.europesays.com\/es\/wp-content\/uploads\/2025\/11\/imagen_con_marca-26-1.jpg\" \/><\/p>\n<p>\u00c1balos como cortafuegos<\/p>\n<p>Ahora, <strong>los socialistas han cortado el contacto con el que fuera el hombre m\u00e1s poderoso del partido y una figura clave del Gobierno.<\/strong> Pedro S\u00e1nchez le despoj\u00f3 de sus cargos en julio de 2021 sin dar explicaci\u00f3n. Se orden\u00f3 un cortafuegos y se le margin\u00f3 durante meses.<\/p>\n<p>Nadie le hablaba <strong>hasta que le recuperaron en 2023 para las listas del PSOE como diputado por Valencia en el Congreso<\/strong>. Permaneci\u00f3 en el esca\u00f1o hasta que el 20 de febrero de 2024 detuvieron a su asesor Koldo Garc\u00eda. El propio <a href=\"https:\/\/okdiario.com\/espana\/ministra-alegria-encubridora-abalos-defensora-cerdan-insulta-okdiario-redes-sociales-15811931\" rel=\"nofollow noopener\" target=\"_blank\">Santos Cerd\u00e1n<\/a>, que cobraba comisiones ilegales de contratos p\u00fablicos seg\u00fan las investigaciones de la UCO, fue a su casa a pedirle el acta.<\/p>\n<p>\u00c1balos se neg\u00f3 y <strong>se pas\u00f3 al grupo mixto donde ha permanecido hasta ahora.<\/strong> El ex ministro est\u00e1 <a href=\"https:\/\/okdiario.com\/espana\/supremo-cita-abalos-koldo-revisar-sus-medidas-cautelares-acusaciones-piden-prision-15802236\" rel=\"nofollow noopener\" target=\"_blank\">imputado en el Tribunal Supremo<\/a> y el PSOE le utiliza como cortafuegos para quedar a salvo de los esc\u00e1ndalos pese a que muchos de sus cobros ven\u00edan del partido.<\/p>\n","protected":false},"excerpt":{"rendered":"OKDIARIO publica el \u00e1lbum completo con las fotos in\u00e9ditas de Pedro S\u00e1nchez y Bego\u00f1a G\u00f3mez regal\u00e1ndole un bons\u00e1i&hellip;\n","protected":false},"author":2,"featured_media":252683,"comment_status":"","ping_status":"","sticky":false,"template":"","format":"standard","meta":{"footnotes":""},"categories":[174],"tags":[255,146,147,25,24,256,23],"class_list":{"0":"post-252682","1":"post","2":"type-post","3":"status-publish","4":"format-standard","5":"has-post-thumbnail","7":"category-famosos","8":"tag-celebrities","9":"tag-entertainment","10":"tag-entretenimiento","11":"tag-es","12":"tag-espana","13":"tag-famosos","14":"tag-spain"},"share_on_mastodon":{"url":"https:\/\/pubeurope.com\/@es\/115603219831801899","error":""},"_links":{"self":[{"href":"https:\/\/www.europesays.com\/es\/wp-json\/wp\/v2\/posts\/252682","targetHints":{"allow":["GET"]}}],"collection":[{"href":"https:\/\/www.europesays.com\/es\/wp-json\/wp\/v2\/posts"}],"about":[{"href":"https:\/\/www.europesays.com\/es\/wp-json\/wp\/v2\/types\/post"}],"author":[{"embeddable":true,"href":"https:\/\/www.europesays.com\/es\/wp-json\/wp\/v2\/users\/2"}],"replies":[{"embeddable":true,"href":"https:\/\/www.europesays.com\/es\/wp-json\/wp\/v2\/comments?post=252682"}],"version-history":[{"count":0,"href":"https:\/\/www.europesays.com\/es\/wp-json\/wp\/v2\/posts\/252682\/revisions"}],"wp:featuredmedia":[{"embeddable":true,"href":"https:\/\/www.europesays.com\/es\/wp-json\/wp\/v2\/media\/252683"}],"wp:attachment":[{"href":"https:\/\/www.europesays.com\/es\/wp-json\/wp\/v2\/media?parent=252682"}],"wp:term":[{"taxonomy":"category","embeddable":true,"href":"https:\/\/www.europesays.com\/es\/wp-json\/wp\/v2\/categories?post=252682"},{"taxonomy":"post_tag","embeddable":true,"href":"https:\/\/www.europesays.com\/es\/wp-json\/wp\/v2\/tags?post=252682"}],"curies":[{"name":"wp","href":"https:\/\/api.w.org\/{rel}","templated":true}]}}