{"id":252694,"date":"2025-11-24T06:25:11","date_gmt":"2025-11-24T06:25:11","guid":{"rendered":"https:\/\/www.europesays.com\/es\/252694\/"},"modified":"2025-11-24T06:25:11","modified_gmt":"2025-11-24T06:25:11","slug":"un-flechazo-cuando-el-estaba-casado-y-la-adopcion-de-borja","status":"publish","type":"post","link":"https:\/\/www.europesays.com\/es\/252694\/","title":{"rendered":"un flechazo cuando \u00e9l estaba casado y la adopci\u00f3n de Borja"},"content":{"rendered":"<p class=\"paragraph\" id=\"paragraph_1\">Legalmente,<a href=\"https:\/\/www.elespanol.com\/corazon\/famosos\/20251119\/inesperada-decision-tomado-carmen-hija-baronesa-thyssen-futuro-traslado-barcelona\/1003744020085_0.html?utm_cmp_rs=linksinline\" rel=\"nofollow noopener\" target=\"_blank\"><strong> Carmen Cervera<\/strong><\/a> (82 a\u00f1os)<strong> ya no lleva el apellido Thyssen Bornemisza<\/strong>, que adquiri\u00f3 tras casarse con<strong> el bar\u00f3n Hans Heinrich von Thyssen-Bornemisza<\/strong> hace 40 a\u00f1os.<\/p>\n<p class=\"paragraph\" id=\"paragraph_2\">Tita <strong>ha renunciado voluntariamente a la nacionalidad suiza<\/strong>, lo que implica la cancelaci\u00f3n de su pasaporte y de toda documentaci\u00f3n expedida bajo esa identidad, tal y como ha informado Vanitatis.<\/p>\n<p class=\"paragraph\" id=\"paragraph_3\">En Suiza estaba registrada con el apellido Thyssen-Bornemisza, que adquiri\u00f3 tras casarse con su \u00faltimo marido, con quien vivi\u00f3 una<strong> intensa historia de amor<\/strong>.<\/p>\n<p><img loading=\"lazy\" decoding=\"async\" alt=\"La baronesa Thyssen ha recibido un reconocimiento en Barcelona.\" height=\"180\" src=\"https:\/\/www.europesays.com\/es\/wp-content\/uploads\/2025\/11\/1003743778307_255968943_320x180.jpg\" width=\"320\" data-lazy-status=\"processed\" data-lazy-info=\"remove loading item 1\"\/><\/p>\n<p class=\"paragraph\" id=\"paragraph_4\"><strong>Lo suyo fue un flechazo<\/strong>. Se conocieron en 1981, cuando Tita hac\u00eda un <strong>crucero por Cerde\u00f1a<\/strong> al que ella se resist\u00eda a ir. Fueron unos amigos quienes organizaron el plan y la convencieron de asistir. Tambi\u00e9n fueron ellos los que la invitaron, en plena traves\u00eda, a una fiesta de la jet set.<\/p>\n<p class=\"paragraph\" id=\"paragraph_5\">En la cena estaba <strong>el bar\u00f3n Hans Heinrich von Thyssen-Bornemisza<\/strong>, entonces casado con su cuarta mujer. Al d\u00eda siguiente \u00e9l invit\u00f3 a la socialit\u00e9 a su barco, el Hanse, para nadar y comer langosta. All\u00ed tambi\u00e9n estaba su esposa,<strong> Denise Shorto<\/strong>.<\/p>\n<p><img decoding=\"async\" alt=\"El bar\u00f3n Thyssen, Carmen Cervera y su hijo, Borja.\" data-imgm=\"true\" height=\"854\" loading=\"lazy\"  src=\"https:\/\/www.europesays.com\/es\/wp-content\/uploads\/2025\/11\/1003744025016_260086005_1280x1706.jpg\"  width=\"640\"\/><\/p>\n<p>                                                            El bar\u00f3n Thyssen, Carmen Cervera y su hijo, Borja.<\/p>\n<p>                    Gtres<\/p>\n<p class=\"paragraph\" id=\"paragraph_6\">Pero<strong> ni su estado civil ni su edad<\/strong> -22 a\u00f1os mayor que Cervera- <strong>impidieron que Hans quisiera empezar una relaci\u00f3n con la actriz catalana<\/strong>.<\/p>\n<p class=\"paragraph\" id=\"paragraph_7\"><strong>La primera etapa de su romance la vivieron en secreto<\/strong>. \u00c9l, entretanto, se enfrentaba a un car\u00edsimo divorcio con su cuarta exmujer, Denise Shorto.<\/p>\n<p class=\"paragraph\" id=\"paragraph_8\"><strong>Se casaron el 16 de agosto de 1985<\/strong> en el Ayuntamiento de Moreton-in-Marsh, Inglaterra. La celebraci\u00f3n tuvo lugar en el palacio de Daylesford, que pertenec\u00eda a Heni, como se le llamaba coloquialmente. Para el Bar\u00f3n se trataba de su quinto matrimonio. Para la que fuera Miss Espa\u00f1a era su tercera boda.<\/p>\n<p class=\"paragraph\" id=\"paragraph_9\">Un a\u00f1o antes del &#8216;s\u00ed, quiero&#8217;, <strong>el Bar\u00f3n ya hab\u00eda adoptado a Borja<\/strong>, hasta entonces el \u00fanico hijo de Carmen Cervera. El primog\u00e9nito de la socialit\u00e9, as\u00ed, lleva sus apellidos.<\/p>\n<p class=\"paragraph\" id=\"paragraph_10\">El <strong>lujo<\/strong>, las <strong>fiestas<\/strong> de la jet set entre Marbella y Madrid y el <strong>arte<\/strong> marcaron el curso de su historia de amor.<\/p>\n<p class=\"paragraph\" id=\"paragraph_11\">Cuando se cas\u00f3 con el Bar\u00f3n, magnate y coleccionista, Carmen Cervera entr\u00f3 a formar parte de este c\u00edrculo glamouroso dedicado al arte.<\/p>\n<p><img decoding=\"async\" alt=\"Carmen Cervera y el bar\u00f3n Thyssen en Marbella. A\u00f1o 1995.\" data-imgm=\"true\" height=\"180\" loading=\"lazy\"  src=\"https:\/\/www.europesays.com\/es\/wp-content\/uploads\/2025\/11\/1003744025022_260086102_1024x576.jpg\"  width=\"320\"\/><\/p>\n<p>                                                            Carmen Cervera y el bar\u00f3n Thyssen en Marbella. A\u00f1o 1995.<\/p>\n<p>                    Gtres<\/p>\n<p class=\"paragraph\" id=\"paragraph_12\">Carmen Cervera y el bar\u00f3n Thyssen <strong>estuvieron juntos hasta que la muerte lo separ\u00f3<\/strong>, el 26 de abril de 2022, cuando \u00e9l perdi\u00f3 la vida a los 81 a\u00f1os, a causa de una insuficiencia cardiorrespiratoria.<\/p>\n<p class=\"paragraph\" id=\"paragraph_13\">El Bar\u00f3n ha sido el \u00ab<strong>gran amor<\/strong>\u00bb de la vida de Tita Cervera, seg\u00fan ella misma ha confirmado, pese a ser discreta con su vida privada.<\/p>\n<p class=\"paragraph\" id=\"paragraph_14\">Del Bar\u00f3n, cabe recordar que m\u00e1s all\u00e1 de su faceta empresarial fue reconocido por <strong>su labor como mecenas y su impresionante colecci\u00f3n de arte<\/strong>, considerada una de las m\u00e1s importantes del mundo y origen del <strong>Museo Thyssen-Bornemisza en Madrid<\/strong>.<\/p>\n<p class=\"paragraph\" id=\"paragraph_15\"><strong>Tita Cervera ha seguido el legado cultural<\/strong> del que fuera su marido, dedic\u00e1ndose a la conservaci\u00f3n, promoci\u00f3n y expansi\u00f3n de la colecci\u00f3n de arte familiar, adem\u00e1s de acercarla al p\u00fablico a trav\u00e9s de museos, exposiciones y acciones educativas. Esta, ahora, ser\u00eda su \u00fanica herencia.<\/p>\n<p class=\"paragraph\" id=\"paragraph_16\">Al renunciar a la nacionalidad suiza, donde oficialmente figur\u00f3 como Mar\u00eda del Carmen Rosario Soledad Freifrau von Thyssen-Bornemisza de K\u00e1szon et Imp\u00e9rfalva, <strong>ha perdido el derecho a utilizar<\/strong> -legalmente- <strong>el apellido del Bar\u00f3n y el t\u00edtulo de Baronesa<\/strong>.<\/p>\n<p class=\"paragraph\" id=\"paragraph_17\">Socialmente, sin embargo, Mar\u00eda del Carmen Rosario Soledad Cervera y Fern\u00e1ndez de la Guerra, seguir\u00e1 siendo la Baronesa Thyssen.<\/p>\n<p><img decoding=\"async\" alt=\"Carmen Cervera en unos premios celebrados en Madrid el pasado septiembre.\" data-imgm=\"true\" height=\"180\" loading=\"lazy\"  src=\"https:\/\/www.europesays.com\/es\/wp-content\/uploads\/2025\/11\/1003744025025_260086164_1024x576.jpg\"  width=\"320\"\/><\/p>\n<p>                                                            Carmen Cervera en unos premios celebrados en Madrid el pasado septiembre.<\/p>\n<p>                    Gtres<\/p>\n<p class=\"paragraph\" id=\"paragraph_18\">Tita Cervera ha presentado su renuncia de la ciudadan\u00eda suiza en virtud de los art\u00edculos 37 y siguientes de la Ley Federal de Nacionalidad. Este procedimiento legal implica la cancelaci\u00f3n inmediata del pasaporte y de toda la documentaci\u00f3n expedida.<\/p>\n<p class=\"paragraph\" id=\"paragraph_19\">As\u00ed pues, <strong>el apellido que ha acompa\u00f1ado a Carmen en los \u00faltimos 40 a\u00f1os desaparece de sus documentos legales<\/strong> y pasa a llevar \u00fanicamente sus apellidos de soltera.<\/p>\n<p class=\"paragraph\" id=\"paragraph_20\">Aunque se desconocen los motivos de su decisi\u00f3n, el movimiento de Tita podr\u00eda deberse a que est\u00e1<strong> negociando con autoridades andorranas para evaluar la posibilidad de obtener la ciudadan\u00eda del Principado<\/strong>, lugar donde tendr\u00eda que pasar 183 d\u00edas al a\u00f1o para poder tributar, seg\u00fan menciona el citado medio.<\/p>\n<p class=\"paragraph\" id=\"paragraph_21\">La decisi\u00f3n, adem\u00e1s, tendr\u00eda una <strong>raz\u00f3n patrimonial y sucesoria<\/strong>, relacionada con su herencia.<\/p>\n<p class=\"paragraph\" id=\"paragraph_22\">Carmen Cervera, no obstante, ha asegurado que sigue y seguir\u00e1 llevando el apellido de su marido, independientemente de lo ocurrido con el pasaporte suizo. \u00abMi marido y yo nos casamos en Inglaterra, <strong>soy su mujer<\/strong>,<strong> su viuda y ser\u00e9 toda mi vida<\/strong>\u00ab, ha defendido ante los micr\u00f3fonos de Europa Press.<\/p>\n","protected":false},"excerpt":{"rendered":"Legalmente, Carmen Cervera (82 a\u00f1os) ya no lleva el apellido Thyssen Bornemisza, que adquiri\u00f3 tras casarse con el&hellip;\n","protected":false},"author":2,"featured_media":252695,"comment_status":"","ping_status":"","sticky":false,"template":"","format":"standard","meta":{"footnotes":""},"categories":[91],"tags":[51604,146,147,25,24,256,28335,23,62973],"class_list":{"0":"post-252694","1":"post","2":"type-post","3":"status-publish","4":"format-standard","5":"has-post-thumbnail","7":"category-entretenimiento","8":"tag-borja-thyssen","9":"tag-entertainment","10":"tag-entretenimiento","11":"tag-es","12":"tag-espana","13":"tag-famosos","14":"tag-museo-thyssen-bornemisza","15":"tag-spain","16":"tag-tita-cervera"},"share_on_mastodon":{"url":"https:\/\/pubeurope.com\/@es\/115603251439099983","error":""},"_links":{"self":[{"href":"https:\/\/www.europesays.com\/es\/wp-json\/wp\/v2\/posts\/252694","targetHints":{"allow":["GET"]}}],"collection":[{"href":"https:\/\/www.europesays.com\/es\/wp-json\/wp\/v2\/posts"}],"about":[{"href":"https:\/\/www.europesays.com\/es\/wp-json\/wp\/v2\/types\/post"}],"author":[{"embeddable":true,"href":"https:\/\/www.europesays.com\/es\/wp-json\/wp\/v2\/users\/2"}],"replies":[{"embeddable":true,"href":"https:\/\/www.europesays.com\/es\/wp-json\/wp\/v2\/comments?post=252694"}],"version-history":[{"count":0,"href":"https:\/\/www.europesays.com\/es\/wp-json\/wp\/v2\/posts\/252694\/revisions"}],"wp:featuredmedia":[{"embeddable":true,"href":"https:\/\/www.europesays.com\/es\/wp-json\/wp\/v2\/media\/252695"}],"wp:attachment":[{"href":"https:\/\/www.europesays.com\/es\/wp-json\/wp\/v2\/media?parent=252694"}],"wp:term":[{"taxonomy":"category","embeddable":true,"href":"https:\/\/www.europesays.com\/es\/wp-json\/wp\/v2\/categories?post=252694"},{"taxonomy":"post_tag","embeddable":true,"href":"https:\/\/www.europesays.com\/es\/wp-json\/wp\/v2\/tags?post=252694"}],"curies":[{"name":"wp","href":"https:\/\/api.w.org\/{rel}","templated":true}]}}