{"id":252696,"date":"2025-11-24T06:26:14","date_gmt":"2025-11-24T06:26:14","guid":{"rendered":"https:\/\/www.europesays.com\/es\/252696\/"},"modified":"2025-11-24T06:26:14","modified_gmt":"2025-11-24T06:26:14","slug":"cuanto-mejor-sea-la-calidad-de-esa-proteina-mejor-piel-tendran","status":"publish","type":"post","link":"https:\/\/www.europesays.com\/es\/252696\/","title":{"rendered":"cu\u00e1nto mejor sea la calidad de esa prote\u00edna, mejor piel tendr\u00e1n\u00bb"},"content":{"rendered":"<p data-gtm-element-container=\"modulo-texto-link\" class=\"paragraph\">Tener una mascota en casa es una responsabilidad que debes estar dispuesto a asumir desde el minuto 1 que el animal entra a formar parte de tu familia. Aunque es muy importante cuidar la alimentaci\u00f3n de nuestro perro, conocer su comportamiento, darle cari\u00f1o y mantenerle en buena forma f\u00edsica,<strong> no debemos olvidarnos de la importancia de que el can est\u00e9 cuidado tambi\u00e9n est\u00e9ticamente.<\/strong><\/p>\n<p>                <img loading=\"lazy\" decoding=\"async\" data-full-src=\"https:\/\/www.mundodeportivo.com\/uploads\/2025\/11\/23\/6923185b6fc6e.jpeg\" alt=\"Luis Aibar, estilista canino\" width=\"449\" height=\"338\" src=\"https:\/\/www.europesays.com\/es\/wp-content\/uploads\/2025\/11\/6923185b6fc6e.r_d.575-315.jpeg\" class=\"lazy\"\/><\/p>\n<p class=\"caption-title \">Luis Aibar, estilista canino<\/p>\n<p>                    Instagram<\/p>\n<p data-gtm-element-container=\"modulo-texto-link\" class=\"paragraph\">El animal debe tener el pelo siempre bien cuidado, las cortas cortadas&#8230; Y de eso sabe mucho<strong>\u00a0Luis Aibar, estilista canino con m\u00e1s de 20 a\u00f1os de experiencia<\/strong>: \u00abHace 20 a\u00f1os un perro iba a la peluquer\u00eda una o dos veces al a\u00f1o y, en realidad, se pod\u00eda hacer poca cosa, porque las condiciones de los animales no eran las \u00f3ptimas.\u00a0Hoy en d\u00eda, los perros viven en pisos o en apartamentos; su funci\u00f3n no es la misma que tiempo atr\u00e1s. Actualmente, se consideran un miembro m\u00e1s de la familia y, por lo tanto, sus necesidades han cambiado\u00bb, cuenta en una entrevista para &#8216;Interempresas&#8217;.<\/p>\n<p>                <img loading=\"lazy\" decoding=\"async\" data-full-src=\"https:\/\/www.mundodeportivo.com\/uploads\/2025\/11\/22\/69219023e4443.jpeg\" alt=\"Perrito\" width=\"449\" height=\"299\" src=\"https:\/\/www.europesays.com\/es\/wp-content\/uploads\/2025\/11\/69219023e4443.jpeg\" class=\"lazy\"\/><\/p>\n<p class=\"caption-title \">Perrito<\/p>\n<p>                    Pexels<\/p>\n<p data-gtm-element-container=\"modulo-texto-link\" class=\"paragraph\">Luis deja claro que llevar a nuestro perro a la peluquer\u00eda no es un lujo, sino una necesidad del animal, igual que lo es comer. Lo que pocos sabr\u00e1n es que precisamente<strong> la alimentaci\u00f3n est\u00e1 muy relacionada con el estado del pelo y la piel de nuestra mascota<\/strong>.<\/p>\n<p data-gtm-element-container=\"modulo-texto-link\" class=\"paragraph\">\u00ab<strong>Aproximadamente el 70% de la prote\u00edna que comen los perros va directamente a la piel<\/strong>: cu\u00e1nto mejor sea la calidad de esa prote\u00edna, mejor piel tendr\u00e1n y, si tenemos mejor piel, tambi\u00e9n tendremos mejor pelo. Yo siempre lo comparo con una flor que est\u00e1 plantada en una tierra mala; esa planta no tendr\u00e1 mucho futuro. A la piel y al pelo les pasa lo mismo: la piel es esa tierra en la que, si no est\u00e1 en buenas condiciones, nunca saldr\u00e1 un buen pelo\u00bb, explica.<\/p>\n<p>    Lee tambi\u00e9n<\/p>\n<p data-gtm-element-container=\"modulo-texto-link\" class=\"paragraph\">A pesar de que siempre es recomendable que acudamos a profesionales que nos puedan ayudar con el cuidado de nuestro can, este estilista canino tambi\u00e9n cree que <strong>es vital \u00abaconsejar a los clientes sobre c\u00f3mo mantener y cepillar a su mascota en casa<\/strong> y asesorarles sobre qu\u00e9 cosm\u00e9tica utilizar en cada caso\u00bb.\u00a0<\/p>\n","protected":false},"excerpt":{"rendered":"Tener una mascota en casa es una responsabilidad que debes estar dispuesto a asumir desde el minuto 1&hellip;\n","protected":false},"author":2,"featured_media":252697,"comment_status":"","ping_status":"","sticky":false,"template":"","format":"standard","meta":{"footnotes":""},"categories":[81],"tags":[119,123,124,25,24,117,121,122,23,118,120],"class_list":{"0":"post-252696","1":"post","2":"type-post","3":"status-publish","4":"format-standard","5":"has-post-thumbnail","7":"category-ciencia-y-tecnologia","8":"tag-ciencia","9":"tag-ciencia-y-tecnologia","10":"tag-cienciaytecnologia","11":"tag-es","12":"tag-espana","13":"tag-science","14":"tag-science-and-technology","15":"tag-scienceandtechnology","16":"tag-spain","17":"tag-technology","18":"tag-tecnologia"},"share_on_mastodon":{"url":"https:\/\/pubeurope.com\/@es\/115603255390085125","error":""},"_links":{"self":[{"href":"https:\/\/www.europesays.com\/es\/wp-json\/wp\/v2\/posts\/252696","targetHints":{"allow":["GET"]}}],"collection":[{"href":"https:\/\/www.europesays.com\/es\/wp-json\/wp\/v2\/posts"}],"about":[{"href":"https:\/\/www.europesays.com\/es\/wp-json\/wp\/v2\/types\/post"}],"author":[{"embeddable":true,"href":"https:\/\/www.europesays.com\/es\/wp-json\/wp\/v2\/users\/2"}],"replies":[{"embeddable":true,"href":"https:\/\/www.europesays.com\/es\/wp-json\/wp\/v2\/comments?post=252696"}],"version-history":[{"count":0,"href":"https:\/\/www.europesays.com\/es\/wp-json\/wp\/v2\/posts\/252696\/revisions"}],"wp:featuredmedia":[{"embeddable":true,"href":"https:\/\/www.europesays.com\/es\/wp-json\/wp\/v2\/media\/252697"}],"wp:attachment":[{"href":"https:\/\/www.europesays.com\/es\/wp-json\/wp\/v2\/media?parent=252696"}],"wp:term":[{"taxonomy":"category","embeddable":true,"href":"https:\/\/www.europesays.com\/es\/wp-json\/wp\/v2\/categories?post=252696"},{"taxonomy":"post_tag","embeddable":true,"href":"https:\/\/www.europesays.com\/es\/wp-json\/wp\/v2\/tags?post=252696"}],"curies":[{"name":"wp","href":"https:\/\/api.w.org\/{rel}","templated":true}]}}