{"id":252699,"date":"2025-11-24T06:28:10","date_gmt":"2025-11-24T06:28:10","guid":{"rendered":"https:\/\/www.europesays.com\/es\/252699\/"},"modified":"2025-11-24T06:28:10","modified_gmt":"2025-11-24T06:28:10","slug":"bolsonaro-fue-visto-en-las-instalaciones-de-la-policia-federal-un-dia-despues-de-su-detencion","status":"publish","type":"post","link":"https:\/\/www.europesays.com\/es\/252699\/","title":{"rendered":"Bolsonaro fue visto en las instalaciones de la Polic\u00eda Federal un d\u00eda despu\u00e9s de su detenci\u00f3n"},"content":{"rendered":"<p>      CNN Espa\u00f1ol<br \/>\n        \u00a0\u2014\u00a0<\/p>\n<p class=\"paragraph inline-placeholder vossi-paragraph\" data-uri=\"es.cms.cnn.com\/_components\/paragraph\/instances\/cmicarych004j26nmebbv2a7t@published\" data-editable=\"text\" data-component-name=\"paragraph\" data-article-gutter=\"true\">\n            El expresidente de Brasil Jair Bolsonaro fue visto brevemente este domingo en la entrada de la sede de la Polic\u00eda Federal en Brasilia, un d\u00eda despu\u00e9s de haber sido detenido <a href=\"https:\/\/cnnespanol.cnn.com\/2025\/11\/22\/latinoamerica\/expresidente-brasil-bolsonaro-arrestado-trax\" rel=\"nofollow noopener\" target=\"_blank\">para evitar lo que las autoridades calificaron como un \u201cintento de fuga\u201d<\/a>, seg\u00fan im\u00e1genes obtenidas por CNN Brasil.\n    <\/p>\n<p class=\"paragraph inline-placeholder vossi-paragraph\" data-uri=\"es.cms.cnn.com\/_components\/paragraph\/instances\/cmicaziu50002356neh6eoi35@published\" data-editable=\"text\" data-component-name=\"paragraph\" data-article-gutter=\"true\">\n            Bolsonaro, que permanece detenido de manera preventiva, recibi\u00f3 la visita de su esposa Michelle Bolsonaro, quien estuvo en la sede policial entre las 3 p.m. y las 4:50 p.m., con autorizaci\u00f3n del juez de la Corte Suprema Alexandre de Moraes, seg\u00fan la afiliada de CNN.\n    <\/p>\n<p class=\"paragraph inline-placeholder vossi-paragraph\" data-uri=\"es.cms.cnn.com\/_components\/paragraph\/instances\/cmicaziu50003356nr4w1qlt7@published\" data-editable=\"text\" data-component-name=\"paragraph\" data-article-gutter=\"true\">\n            En las im\u00e1genes se observa a Bolsonaro a trav\u00e9s de las puertas de vidrio de la instalaci\u00f3n, en la entrada de la sede policial por unos instantes. CNN contact\u00f3 a la Polic\u00eda Federal para solicitar m\u00e1s detalles de la aparici\u00f3n de Bolsonaro y espera respuesta.\n    <\/p>\n<p class=\"paragraph inline-placeholder vossi-paragraph\" data-uri=\"es.cms.cnn.com\/_components\/paragraph\/instances\/cmicbgmua000m356nhpmotwij@published\" data-editable=\"text\" data-component-name=\"paragraph\" data-article-gutter=\"true\">\n            El expresidente pas\u00f3 su primera noche preso en la sede de la Superintendencia de la Polic\u00eda Federal, en Brasilia, donde fue detenido despu\u00e9s de que intentara manipular su tobillera electr\u00f3nica con un soldador, seg\u00fan las autoridades.\n    <\/p>\n<p class=\"paragraph inline-placeholder vossi-paragraph\" data-uri=\"es.cms.cnn.com\/_components\/paragraph\/instances\/cmicc1v9f0014356npwk048pa@published\" data-editable=\"text\" data-component-name=\"paragraph\" data-article-gutter=\"true\">\n            Durante una audiencia de control de detenci\u00f3n este domingo, Bolsonaro neg\u00f3 que su intenci\u00f3n fuera fugarse y asegur\u00f3 que su comportamiento se debi\u00f3 a un episodio de \u201cparanoia\u201d y \u201calucinaciones\u201d provocadas por la combinaci\u00f3n de un antidepresivo y un antiepil\u00e9ptico, seg\u00fan EFE.\n    <\/p>\n<p class=\"paragraph inline-placeholder vossi-paragraph\" data-uri=\"es.cms.cnn.com\/_components\/paragraph\/instances\/cmiccu7sn0000356ni43794lz@published\" data-editable=\"text\" data-component-name=\"paragraph\" data-article-gutter=\"true\">\n            Explic\u00f3 que comenz\u00f3 a manipular la tobillera desde la tarde del viernes hasta la medianoche del s\u00e1bado porque cre\u00eda que el dispositivo ten\u00eda un sistema de escucha. Tambi\u00e9n rechaz\u00f3 la teor\u00eda de que pretendiera aprovechar <a href=\"https:\/\/cnnespanol.cnn.com\/2025\/11\/22\/latinoamerica\/expresidente-brasil-bolsonaro-arrestado-trax\" rel=\"nofollow noopener\" target=\"_blank\">una vigilia de simpatizantes<\/a> cerca de su domicilio para huir.\n    <\/p>\n<p class=\"paragraph inline-placeholder vossi-paragraph\" data-uri=\"es.cms.cnn.com\/_components\/paragraph\/instances\/cmiccwo1b0005356nywrich2g@published\" data-editable=\"text\" data-component-name=\"paragraph\" data-article-gutter=\"true\">\n            Un equipo m\u00e9dico que lo evalu\u00f3 determin\u00f3 que Bolsonaro est\u00e1 estable, seg\u00fan EFE, aunque suspendi\u00f3 la prescripci\u00f3n de uno de los medicamentos que podr\u00eda haber provocado su supuesta confusi\u00f3n mental.\n    <\/p>\n<p class=\"paragraph inline-placeholder vossi-paragraph\" data-uri=\"es.cms.cnn.com\/_components\/paragraph\/instances\/cmicd5cof000c356nj9ez946o@published\" data-editable=\"text\" data-component-name=\"paragraph\" data-article-gutter=\"true\">\n            Sus abogados utilizaron estos argumentos para solicitar nuevamente al Supremo que le conceda una prisi\u00f3n domiciliaria humanitaria, citando su \u201cestr\u00e9s\u201d, la \u201cavanzada edad\u201d y los efectos de sus medicamentos.\n    <\/p>\n<p class=\"paragraph inline-placeholder vossi-paragraph\" data-uri=\"es.cms.cnn.com\/_components\/paragraph\/instances\/cmicaziu50005356npxa5x05u@published\" data-editable=\"text\" data-component-name=\"paragraph\" data-article-gutter=\"true\">\n            La Corte Suprema public\u00f3 este s\u00e1bado <a href=\"https:\/\/noticias-stf-wp-prd.s3.sa-east-1.amazonaws.com\/wp-content\/uploads\/wpallimport\/uploads\/2025\/11\/22163921\/WhatsApp-Video-2025-11-22-at-16.16.41-1.mp4\" target=\"_blank\" rel=\"nofollow noopener\">un video<\/a> en el que, seg\u00fan dice, se <a href=\"https:\/\/noticias.stf.jus.br\/postsnoticias\/stf-da-prazo-para-defesa-de-bolsonaro-explicar-violacao-da-tornozeleira-eletronica\/\" target=\"_blank\" rel=\"nofollow noopener\">muestra a Bolsonaro<\/a> admitiendo que manipul\u00f3 su tobillera electr\u00f3nica con un hierro caliente.\n    <\/p>\n<p class=\"paragraph inline-placeholder vossi-paragraph\" data-uri=\"es.cms.cnn.com\/_components\/paragraph\/instances\/cmicbxjc9000w356nh9dtvyok@published\" data-editable=\"text\" data-component-name=\"paragraph\" data-article-gutter=\"true\">\n            En el video, un funcionario penitenciario examina la carcasa parcialmente derretida de la tobillera de Bolsonaro y le pregunta al respecto. \u201c\u00bfUs\u00f3 algo para quemar esto aqu\u00ed?\u201d, pregunta Rita Gaio, subdirectora de la Secretar\u00eda de Administraci\u00f3n Penitenciaria de Brasil.\n    <\/p>\n<p class=\"paragraph inline-placeholder vossi-paragraph\" data-uri=\"es.cms.cnn.com\/_components\/paragraph\/instances\/cmicc2jya0017356n23s0usto@published\" data-editable=\"text\" data-component-name=\"paragraph\" data-article-gutter=\"true\">\n            \u201cHierro caliente\u201d, se escucha responder a Bolsonaro, quien le dice a Gaio que us\u00f3 un soldador por \u201ccuriosidad\u201d y que no intent\u00f3 quitar ni da\u00f1ar el brazalete que sujeta el dispositivo a su tobillo.\n    <\/p>\n<p class=\"paragraph inline-placeholder vossi-paragraph\" data-uri=\"es.cms.cnn.com\/_components\/paragraph\/instances\/cmicbcbec000e356ns10pdjm5@published\" data-editable=\"text\" data-component-name=\"paragraph\" data-article-gutter=\"true\">\n            El juez de la Corte Suprema Alexandre de Moraes hab\u00eda ordenado al equipo de defensa de Bolsonaro que explicara la manipulaci\u00f3n de la tobillera en un plazo de 24 horas, seg\u00fan una orden divulgada por el tribunal el s\u00e1bado junto con el video.\n    <\/p>\n<p class=\"paragraph inline-placeholder vossi-paragraph\" data-uri=\"es.cms.cnn.com\/_components\/paragraph\/instances\/cmicb1o5l000b356ncyqvv394@published\" data-editable=\"text\" data-component-name=\"paragraph\" data-article-gutter=\"true\">\n            El abogado de Bolsonaro dijo a los medios brasile\u00f1os que el tema de la tobillera electr\u00f3nica del expresidente es irrelevante, argumentando que Bolsonaro no habr\u00eda podido escapar de su casa ya que estaba bajo custodia armada. CNN se ha puesto en contacto con los abogados de Bolsonaro para obtener comentarios.\n    <\/p>\n<p class=\"paragraph inline-placeholder vossi-paragraph\" data-uri=\"es.cms.cnn.com\/_components\/paragraph\/instances\/cmicbf5lf000j356nr4abxte6@published\" data-editable=\"text\" data-component-name=\"paragraph\" data-article-gutter=\"true\">\n            \u201cEl tema de la tobillera es un intento de justificar lo injustificable\u201d, dijo el s\u00e1bado a los periodistas el abogado de Bolsonaro, Paulo Cunha Bueno. \u201cEl presidente Bolsonaro no tendr\u00eda manera de salir de su casa. Tiene un patrullero armado las 24 horas del d\u00eda, los 7 d\u00edas de la semana. As\u00ed que no habr\u00eda manera de que saliera de su domicilio\u201d.\n    <\/p>\n<p class=\"paragraph inline-placeholder vossi-paragraph\" data-uri=\"es.cms.cnn.com\/_components\/paragraph\/instances\/cmicbxbma000t356n6mkyc63t@published\" data-editable=\"text\" data-component-name=\"paragraph\" data-article-gutter=\"true\">\n            La detenci\u00f3n del expresidente ocurri\u00f3 apenas d\u00edas antes de iniciar una condena de 27 a\u00f1os de prisi\u00f3n por liderar un intento de golpe de Estado tras perder las elecciones de 2022 ante Luiz In\u00e1cio Lula da Silva, participar en una organizaci\u00f3n criminal armada y cometer actos violentos contra el orden democr\u00e1tico durante el asalto a edificios gubernamentales el 8 de enero de 2023.\n    <\/p>\n<p class=\"paragraph inline-placeholder vossi-paragraph\" data-uri=\"es.cms.cnn.com\/_components\/paragraph\/instances\/cmicbedtk000h356nly1s96sf@published\" data-editable=\"text\" data-component-name=\"paragraph\" data-article-gutter=\"true\">\n            Adem\u00e1s de planear un golpe de Estado, Bolsonaro fue condenado por participar en una organizaci\u00f3n criminal armada, intentar abolir el orden democr\u00e1tico de Brasil por la fuerza, cometer actos violentos contra instituciones estatales y da\u00f1ar bienes p\u00fablicos protegidos durante el <a href=\"https:\/\/www.cnn.com\/2023\/01\/09\/americas\/brazil-congress-attack-explained-intl\" rel=\"nofollow noopener\" target=\"_blank\">asalto a edificios gubernamentales<\/a> por parte de sus partidarios el 8 de enero de 2023.\n    <\/p>\n<p class=\"paragraph inline-placeholder vossi-paragraph\" data-uri=\"es.cms.cnn.com\/_components\/paragraph\/instances\/cmicbgtyb000o356nlr78zzlg@published\" data-editable=\"text\" data-component-name=\"paragraph\" data-article-gutter=\"true\">\n            El arresto de Bolsonaro representa un nuevo golpe pol\u00edtico para el expresidente, quien ha sostenido durante meses que su juicio fue una persecuci\u00f3n pol\u00edtica.\n    <\/p>\n","protected":false},"excerpt":{"rendered":"CNN Espa\u00f1ol \u00a0\u2014\u00a0 El expresidente de Brasil Jair Bolsonaro fue visto brevemente este domingo en la entrada de&hellip;\n","protected":false},"author":2,"featured_media":252700,"comment_status":"","ping_status":"","sticky":false,"template":"","format":"standard","meta":{"footnotes":""},"categories":[42],"tags":[3216,17,18,13,14,11,61,62,63,64,3218,19,20,9,10,15,16,12,21,22,65,66,67],"class_list":{"0":"post-252699","1":"post","2":"type-post","3":"status-publish","4":"format-standard","5":"has-post-thumbnail","7":"category-internacional","8":"tag-brasil","9":"tag-breaking-news","10":"tag-breakingnews","11":"tag-featured-news","12":"tag-featurednews","13":"tag-headlines","14":"tag-internacional","15":"tag-international","16":"tag-international-news","17":"tag-internationalnews","18":"tag-jair-bolsonaro","19":"tag-latest-news","20":"tag-latestnews","21":"tag-news","22":"tag-noticias","23":"tag-noticias-destacadas","24":"tag-noticiasdestacadas","25":"tag-titulares","26":"tag-ultimas-noticias","27":"tag-ultimasnoticias","28":"tag-world","29":"tag-world-news","30":"tag-worldnews"},"share_on_mastodon":{"url":"https:\/\/pubeurope.com\/@es\/115603262928387258","error":""},"_links":{"self":[{"href":"https:\/\/www.europesays.com\/es\/wp-json\/wp\/v2\/posts\/252699","targetHints":{"allow":["GET"]}}],"collection":[{"href":"https:\/\/www.europesays.com\/es\/wp-json\/wp\/v2\/posts"}],"about":[{"href":"https:\/\/www.europesays.com\/es\/wp-json\/wp\/v2\/types\/post"}],"author":[{"embeddable":true,"href":"https:\/\/www.europesays.com\/es\/wp-json\/wp\/v2\/users\/2"}],"replies":[{"embeddable":true,"href":"https:\/\/www.europesays.com\/es\/wp-json\/wp\/v2\/comments?post=252699"}],"version-history":[{"count":0,"href":"https:\/\/www.europesays.com\/es\/wp-json\/wp\/v2\/posts\/252699\/revisions"}],"wp:featuredmedia":[{"embeddable":true,"href":"https:\/\/www.europesays.com\/es\/wp-json\/wp\/v2\/media\/252700"}],"wp:attachment":[{"href":"https:\/\/www.europesays.com\/es\/wp-json\/wp\/v2\/media?parent=252699"}],"wp:term":[{"taxonomy":"category","embeddable":true,"href":"https:\/\/www.europesays.com\/es\/wp-json\/wp\/v2\/categories?post=252699"},{"taxonomy":"post_tag","embeddable":true,"href":"https:\/\/www.europesays.com\/es\/wp-json\/wp\/v2\/tags?post=252699"}],"curies":[{"name":"wp","href":"https:\/\/api.w.org\/{rel}","templated":true}]}}