{"id":252713,"date":"2025-11-24T06:43:09","date_gmt":"2025-11-24T06:43:09","guid":{"rendered":"https:\/\/www.europesays.com\/es\/252713\/"},"modified":"2025-11-24T06:43:09","modified_gmt":"2025-11-24T06:43:09","slug":"la-nina-que-gano-eurovision-junior-y-despues-eligio-la-calma","status":"publish","type":"post","link":"https:\/\/www.europesays.com\/es\/252713\/","title":{"rendered":"la ni\u00f1a que gan\u00f3 Eurovisi\u00f3n Junior y despu\u00e9s eligi\u00f3 la calma"},"content":{"rendered":"<p class=\"c-paragraph\">Naci\u00f3 en Ayamonte (Huelva) un mes de enero de 1995, justo antes de Reyes, y siempre se cuenta de ella que desde muy peque\u00f1a mostr\u00f3 su inclinaci\u00f3n por el canto y el espect\u00e1culo, aunque esto es casi una redundancia, si tenemos en cuenta que era 2004, <b>con apenas nueve a\u00f1os, cuando gan\u00f3 el Festival Eurovisi\u00f3n Junior<\/b> representando a Espa\u00f1a con Antes muerta que sencilla.<\/p>\n<p class=\"c-paragraph\">Mezclaba un ritmo pegadizo, una puesta en escena llamativa y una letra que, muy cercana al humor costumbrista que, junto a la puesta en escena impecable de la artista, proclamaba una especie de \u00abser\u00e9 humilde, pero soy una reina\u00bb.<\/p>\n<p class=\"c-paragraph\">El tema, incluido en su \u00e1lbum debut,\u00a0\u00a1No me toques las palmas, que me conozco!, se convirti\u00f3 en un <b>himno generacional de fiestas, verbenas y emisoras estivales<\/b>, y Mar\u00eda Isabel se proyect\u00f3 como un fen\u00f3meno musical e infantil dentro y fuera de Espa\u00f1a.<\/p>\n<p class=\"c-paragraph\">Este \u00e9xito la meti\u00f3 de lleno en el mundo art\u00edstico: giras, discos, apariciones televisivas e incluso un debut cinematogr\u00e1fico en \u00c1ngeles, S.A. (2007). Sin embargo, y como ya le pas\u00f3 a muchas artistas antes que a ella, la transici\u00f3n de ni\u00f1a prodigio a artista adulta no result\u00f3 f\u00e1cil.<\/p>\n<p class=\"c-paragraph\">En 2015, siendo ya mayor de edad, lanz\u00f3 el \u00e1lbum Yo decido\u00a0y present\u00f3 su candidatura para representar a Espa\u00f1a en Eurovisi\u00f3n 2016 con la canci\u00f3n La vida solo es una. No consigui\u00f3, finalmente, el pasaporte al Festival, pero continu\u00f3 sacando singles y explorando g\u00e9neros.<\/p>\n<p class=\"c-paragraph\">Lleg\u00f3 entonces 2021, y su carrera se fren\u00f3. Mar\u00eda Isabel<b> anunci\u00f3 una pausa por motivos relacionados con la salud mental<\/b>. Durante ese per\u00edodo tambi\u00e9n dio un paso importante en lo personal: poco despu\u00e9s comunic\u00f3 su embarazo y en febrero de 2023 naci\u00f3 su hija, Daliana.<\/p>\n<p class=\"c-paragraph\">Hoy, Mar\u00eda Isabel parece estar viviendo una etapa de reencuentro consigo misma y con su m\u00fasica. En 2024, con el vig\u00e9simo aniversario de Antes muerta que sencilla, empez\u00f3 a tener de nuevo presencia p\u00fablica y declar\u00f3 que <b>la prioridad ya no es simplemente producir \u00e9xitos<\/b>, sino cuidar su salud mental, su familia y escoger proyectos que de verdad la motiven. <a href=\"https:\/\/www.vanitatis.elconfidencial.com\/famosos\/2024-11-23\/maria-isabel-aniversario-eurovision-junior-madre-ansiedad_4008256\" rel=\"nofollow noreferrer noopener\" target=\"_blank\">Hace un a\u00f1o<\/a>, declaraba: \u00abIr a terapia me ha recordado qui\u00e9n soy y mi prop\u00f3sito en esta vida\u00bb.<\/p>\n<p class=\"c-paragraph\">Con su Tour 2025, que la ha llevado de gira por toda Espa\u00f1a, reci\u00e9n terminado, en sus redes est\u00e1 ahora agradeciendo \u00abtodo el amor\u00bb que su p\u00fablico le da a Pa ti soy la mala, y parece no olvidar sus ra\u00edces.<\/p>\n<p class=\"c-paragraph\">En una publicaci\u00f3n, hace unos a\u00f1os dec\u00eda sobre su etapa con Antes muerta que sencilla: \u00abGRACIAS por tanto y por todo! Siempre dir\u00e9 que fue la mejor \u00e9poca de mi vida, que tuve una gran suerte en vivir millones de momentos incre\u00edbles y que vosotr@s lo vivieran conmigo fue todav\u00eda mejor\u00bb.<\/p>\n","protected":false},"excerpt":{"rendered":"Naci\u00f3 en Ayamonte (Huelva) un mes de enero de 1995, justo antes de Reyes, y siempre se cuenta&hellip;\n","protected":false},"author":2,"featured_media":252714,"comment_status":"","ping_status":"","sticky":false,"template":"","format":"standard","meta":{"footnotes":""},"categories":[171],"tags":[988,987,146,147,25,24,1729,1932,23,214,24804],"class_list":{"0":"post-252713","1":"post","2":"type-post","3":"status-publish","4":"format-standard","5":"has-post-thumbnail","7":"category-tv","8":"tag-anos","9":"tag-despues","10":"tag-entertainment","11":"tag-entretenimiento","12":"tag-es","13":"tag-espana","14":"tag-isabel","15":"tag-maria","16":"tag-spain","17":"tag-tv","18":"tag-veinte"},"share_on_mastodon":{"url":"https:\/\/pubeurope.com\/@es\/115603321996372611","error":""},"_links":{"self":[{"href":"https:\/\/www.europesays.com\/es\/wp-json\/wp\/v2\/posts\/252713","targetHints":{"allow":["GET"]}}],"collection":[{"href":"https:\/\/www.europesays.com\/es\/wp-json\/wp\/v2\/posts"}],"about":[{"href":"https:\/\/www.europesays.com\/es\/wp-json\/wp\/v2\/types\/post"}],"author":[{"embeddable":true,"href":"https:\/\/www.europesays.com\/es\/wp-json\/wp\/v2\/users\/2"}],"replies":[{"embeddable":true,"href":"https:\/\/www.europesays.com\/es\/wp-json\/wp\/v2\/comments?post=252713"}],"version-history":[{"count":0,"href":"https:\/\/www.europesays.com\/es\/wp-json\/wp\/v2\/posts\/252713\/revisions"}],"wp:featuredmedia":[{"embeddable":true,"href":"https:\/\/www.europesays.com\/es\/wp-json\/wp\/v2\/media\/252714"}],"wp:attachment":[{"href":"https:\/\/www.europesays.com\/es\/wp-json\/wp\/v2\/media?parent=252713"}],"wp:term":[{"taxonomy":"category","embeddable":true,"href":"https:\/\/www.europesays.com\/es\/wp-json\/wp\/v2\/categories?post=252713"},{"taxonomy":"post_tag","embeddable":true,"href":"https:\/\/www.europesays.com\/es\/wp-json\/wp\/v2\/tags?post=252713"}],"curies":[{"name":"wp","href":"https:\/\/api.w.org\/{rel}","templated":true}]}}