{"id":252715,"date":"2025-11-24T06:44:09","date_gmt":"2025-11-24T06:44:09","guid":{"rendered":"https:\/\/www.europesays.com\/es\/252715\/"},"modified":"2025-11-24T06:44:09","modified_gmt":"2025-11-24T06:44:09","slug":"singapur-deporta-al-fan-australiano-que-se-abalanzo-sobre-ariana-grande","status":"publish","type":"post","link":"https:\/\/www.europesays.com\/es\/252715\/","title":{"rendered":"Singapur deporta al fan australiano que se abalanz\u00f3 sobre Ariana Grande"},"content":{"rendered":"<p class=\"c-paragraph\">Las autoridades de Inmigraci\u00f3n de <a href=\"https:\/\/www.20minutos.es\/tags\/lugares\/singapur.html\" title=\"Singapur\" rel=\"nofollow noopener\" target=\"_blank\">Singapur<\/a> han<b> deportado al fan australiano<\/b> que se abalanz\u00f3 sobre la estrella estadounidense del pop <a href=\"https:\/\/www.20minutos.es\/tags\/personas\/ariana-grande.html\" title=\"Ariana Grande\" rel=\"nofollow noopener\" target=\"_blank\">Ariana Grande<\/a> durante el estreno de la pel\u00edcula &#8216;Wicked: For Good&#8217; (Wicked: Por siempre).<\/p>\n<p class=\"c-paragraph\">El organismo gubernamental indic\u00f3 al diario The Straits Times que el domingo envi\u00f3 de vuelta a su pa\u00eds a J. Wen, quien fue <b>condenado a nueve d\u00edas de prisi\u00f3n<\/b> por el delito de alterar el orden p\u00fablico, y que este tiene prohibida la reentrada a la ciudad-Estado.<\/p>\n<p class=\"c-paragraph\">El australiano, quien ya hab\u00eda protagonizado en el pasado episodios de este tipo,<a href=\"https:\/\/www.20minutos.es\/gente\/fan-australiano-que-asalto-ariana-grande-singapur-bromea-sus-redes-sociales-sobre-sucedido_6897996_0.html\" title=\"El fan australiano que asalt\u00f3 a Ariana Grande en Singapur bromea en sus redes sociales sobre lo sucedido\" rel=\"nofollow noopener\" target=\"_blank\"> salt\u00f3 el 13 de noviembre la barrera de seguridad durante el estreno de la pel\u00edcula en Singapur <\/a>para abrazar a Grande, en un v\u00eddeo que se hizo viral.<\/p>\n<p class=\"c-paragraph\">El propio Wen, quien en ocasiones anteriores<b> invadi\u00f3 el escenario cuando actuaban artistas como la estadounidense Katy Perry o el canadiense The Weeknd<\/b> o salt\u00f3 al campo durante la final del Mundial femenino de 2023, comparti\u00f3 el incidente en su perfil en la red social Instagram.<\/p>\n<p class=\"c-paragraph\">La Polic\u00eda de la ciudad-Estado, con un r\u00e9gimen semiautocr\u00e1tico y f\u00e9rreas leyes para mantener el orden p\u00fablico, lo arrest\u00f3 ese mismo d\u00eda y un tribunal le impuso el pasado lunes una condena a nueve d\u00edas de c\u00e1rcel.<\/p>\n<p class=\"c-paragraph\"><b>Wen se declar\u00f3 culpable del delito<\/b> y pact\u00f3 con la fiscal\u00eda una semana en prisi\u00f3n, pero el magistrado Christopher Goh valor\u00f3 que el acusado es \u00abreincidente\u00bb y que con su acto planeado \u00abbuscaba llamar la atenci\u00f3n\u00bb, por lo que estim\u00f3 que era adecuado un \u00abpeque\u00f1o aumento\u00bb en el castigo.<\/p>\n<p class=\"c-paragraph\">Singapur, isla semiautocr\u00e1tica con <b>estrictas leyes que restringen las manifestaciones <\/b>y preservan el orden p\u00fablico, castiga su alteraci\u00f3n con hasta tres meses de prisi\u00f3n y multas de un m\u00e1ximo de 2.000 d\u00f3lares singapurenses (unos 1.536,5 d\u00f3lares estadounidenses), seg\u00fan el C\u00f3digo Penal.<\/p>\n","protected":false},"excerpt":{"rendered":"Las autoridades de Inmigraci\u00f3n de Singapur han deportado al fan australiano que se abalanz\u00f3 sobre la estrella estadounidense&hellip;\n","protected":false},"author":2,"featured_media":251540,"comment_status":"","ping_status":"","sticky":false,"template":"","format":"standard","meta":{"footnotes":""},"categories":[170],"tags":[517,146,147,25,24,61,184,185,23],"class_list":{"0":"post-252715","1":"post","2":"type-post","3":"status-publish","4":"format-standard","5":"has-post-thumbnail","7":"category-musica","8":"tag-actualidad","9":"tag-entertainment","10":"tag-entretenimiento","11":"tag-es","12":"tag-espana","13":"tag-internacional","14":"tag-music","15":"tag-musica","16":"tag-spain"},"share_on_mastodon":{"url":"https:\/\/pubeurope.com\/@es\/115603325816068371","error":""},"_links":{"self":[{"href":"https:\/\/www.europesays.com\/es\/wp-json\/wp\/v2\/posts\/252715","targetHints":{"allow":["GET"]}}],"collection":[{"href":"https:\/\/www.europesays.com\/es\/wp-json\/wp\/v2\/posts"}],"about":[{"href":"https:\/\/www.europesays.com\/es\/wp-json\/wp\/v2\/types\/post"}],"author":[{"embeddable":true,"href":"https:\/\/www.europesays.com\/es\/wp-json\/wp\/v2\/users\/2"}],"replies":[{"embeddable":true,"href":"https:\/\/www.europesays.com\/es\/wp-json\/wp\/v2\/comments?post=252715"}],"version-history":[{"count":0,"href":"https:\/\/www.europesays.com\/es\/wp-json\/wp\/v2\/posts\/252715\/revisions"}],"wp:featuredmedia":[{"embeddable":true,"href":"https:\/\/www.europesays.com\/es\/wp-json\/wp\/v2\/media\/251540"}],"wp:attachment":[{"href":"https:\/\/www.europesays.com\/es\/wp-json\/wp\/v2\/media?parent=252715"}],"wp:term":[{"taxonomy":"category","embeddable":true,"href":"https:\/\/www.europesays.com\/es\/wp-json\/wp\/v2\/categories?post=252715"},{"taxonomy":"post_tag","embeddable":true,"href":"https:\/\/www.europesays.com\/es\/wp-json\/wp\/v2\/tags?post=252715"}],"curies":[{"name":"wp","href":"https:\/\/api.w.org\/{rel}","templated":true}]}}