{"id":252716,"date":"2025-11-24T06:46:10","date_gmt":"2025-11-24T06:46:10","guid":{"rendered":"https:\/\/www.europesays.com\/es\/252716\/"},"modified":"2025-11-24T06:46:10","modified_gmt":"2025-11-24T06:46:10","slug":"estudiantes-le-hizo-un-pasillo-de-espalda-a-rosario-central-y-despues-lo-elimino","status":"publish","type":"post","link":"https:\/\/www.europesays.com\/es\/252716\/","title":{"rendered":"Estudiantes le hizo un pasillo de espalda a Rosario Central y despu\u00e9s lo elimin\u00f3"},"content":{"rendered":"<p>F\u00fatbolUy. Seguinos en Twitter <a href=\"https:\/\/twitter.com\/futbolportaluy\" target=\"_blank\" rel=\"nofollow noopener\">@futbolportaluy<\/a><\/p>\n<p>Estudiantes<br \/>\nde La Plata le gan\u00f3 a Rosario Central 1-0 a\u00a0<br \/>\ndomicilio por los octavos de final del Torneo Clausura del f\u00fatbol<br \/>\nargentino, que se juegan a partido \u00fanico, por lo que clasific\u00f3 a cuartos y ser\u00e1<br \/>\nrival de Central C\u00f3rdoba en Santiago del Estero.<\/p>\n<p>Antes<br \/>\ndel partido, los jugadores pincharratas le hicieron un pasillo de campeones a<br \/>\nsus pares canallas, pero cuando entraron les dieron la espalda. El gesto<br \/>\nobedece a la discrepancia del club con el t\u00edtulo que se le otorg\u00f3 al equipo<br \/>\nrosarino como campe\u00f3n de la tabla anual, una clasificaci\u00f3n que en Argentina hace<br \/>\na\u00f1os solo sirve para dar cupos a copas internacionales.<\/p>\n<p>El colombiano<br \/>\nEdwin Cetre anot\u00f3, a los 31\u2019, el \u00fanico gol del equipo dirigido por Eduardo<br \/>\nDom\u00ednguez, que cont\u00f3 con Fernando Muslera en buen nivel en el arco. Adem\u00e1s, Tiago<br \/>\nPalacios jug\u00f3 los primeros 70 minutos, y en el equipo perdedor fue suplente<br \/>\nFacundo Mallo.<\/p>\n<blockquote class=\"twitter-tweet\"><p>\n    <a href=\"https:\/\/twitter.com\/SC_ESPN\/status\/1992724856538903020\" rel=\"nofollow noopener\" target=\"_blank\">\n<\/p><\/blockquote>\n<blockquote class=\"twitter-tweet\"><p>\n    <a href=\"https:\/\/twitter.com\/SC_ESPN\/status\/1992727755096735803\" rel=\"nofollow noopener\" target=\"_blank\">\n<\/p><\/blockquote>\n<p>F\u00fatbolUy. Seguinos en Twitter <a href=\"https:\/\/twitter.com\/futbolportaluy\" target=\"_blank\" rel=\"nofollow noopener\">@futbolportaluy<\/a><\/p>\n<p itemprop=\"name\">F\u00fatbolUy &#8211; Montevideo Portal<\/p>\n<p>                                         <script async src=\"https:\/\/platform.twitter.com\/widgets.js\" charset=\"utf-8\"><\/script><\/p>\n","protected":false},"excerpt":{"rendered":"F\u00fatbolUy. Seguinos en Twitter @futbolportaluy Estudiantes de La Plata le gan\u00f3 a Rosario Central 1-0 a\u00a0 domicilio por&hellip;\n","protected":false},"author":2,"featured_media":252717,"comment_status":"","ping_status":"","sticky":false,"template":"","format":"standard","meta":{"footnotes":""},"categories":[93],"tags":[168,25,24,23,167],"class_list":{"0":"post-252716","1":"post","2":"type-post","3":"status-publish","4":"format-standard","5":"has-post-thumbnail","7":"category-deportes","8":"tag-deportes","9":"tag-es","10":"tag-espana","11":"tag-spain","12":"tag-sports"},"share_on_mastodon":{"url":"https:\/\/pubeurope.com\/@es\/115603333763957164","error":""},"_links":{"self":[{"href":"https:\/\/www.europesays.com\/es\/wp-json\/wp\/v2\/posts\/252716","targetHints":{"allow":["GET"]}}],"collection":[{"href":"https:\/\/www.europesays.com\/es\/wp-json\/wp\/v2\/posts"}],"about":[{"href":"https:\/\/www.europesays.com\/es\/wp-json\/wp\/v2\/types\/post"}],"author":[{"embeddable":true,"href":"https:\/\/www.europesays.com\/es\/wp-json\/wp\/v2\/users\/2"}],"replies":[{"embeddable":true,"href":"https:\/\/www.europesays.com\/es\/wp-json\/wp\/v2\/comments?post=252716"}],"version-history":[{"count":0,"href":"https:\/\/www.europesays.com\/es\/wp-json\/wp\/v2\/posts\/252716\/revisions"}],"wp:featuredmedia":[{"embeddable":true,"href":"https:\/\/www.europesays.com\/es\/wp-json\/wp\/v2\/media\/252717"}],"wp:attachment":[{"href":"https:\/\/www.europesays.com\/es\/wp-json\/wp\/v2\/media?parent=252716"}],"wp:term":[{"taxonomy":"category","embeddable":true,"href":"https:\/\/www.europesays.com\/es\/wp-json\/wp\/v2\/categories?post=252716"},{"taxonomy":"post_tag","embeddable":true,"href":"https:\/\/www.europesays.com\/es\/wp-json\/wp\/v2\/tags?post=252716"}],"curies":[{"name":"wp","href":"https:\/\/api.w.org\/{rel}","templated":true}]}}