{"id":252720,"date":"2025-11-24T06:48:08","date_gmt":"2025-11-24T06:48:08","guid":{"rendered":"https:\/\/www.europesays.com\/es\/252720\/"},"modified":"2025-11-24T06:48:08","modified_gmt":"2025-11-24T06:48:08","slug":"muere-la-actriz-de-cine-para-adultos-gina-lima-a-los-23-anos-y-tres-dias-despues-muere-tambien-su-novio-actualidad","status":"publish","type":"post","link":"https:\/\/www.europesays.com\/es\/252720\/","title":{"rendered":"Muere la actriz de cine para adultos, Gina Lima, a los 23 a\u00f1os, y tres d\u00edas despu\u00e9s muere tambi\u00e9n su novio | Actualidad"},"content":{"rendered":"<p>Impacto en el mundo de las redes sociales por el doble fallecimiento de la actriz para cine de adultos, <b>Gina Lima<\/b>, de 23 a\u00f1os, y el del que unos dicen que todav\u00eda era su pareja mientras aseguran que eran ex novios, <b>Iv\u00e1n Cezar Ronquillo<\/b>, de 24. Ambos, viv\u00edan juntos en Quezon City, una localidad en el \u00e1rea metropolitana de Manila, la capital de Filipinas<\/p>\n<p>El pasado domingo 16 de noviembre fue <b>Iv\u00e1n el que encontr\u00f3 a su pareja sin signos vitales<\/b>, todav\u00eda no queda claro si en su domicilio o en un hotel. El joven avis\u00f3 a su padre y juntos la trasladaron al hospital, donde certificaron su muerte.<\/p>\n<p>No se saben todav\u00eda cu\u00e1les pudieron ser las causas y la investigaci\u00f3n sigue abierta. Pero no qued\u00f3 ah\u00ed la cosa.<\/p>\n<p><img decoding=\"async\" src=\"https:\/\/los40.com\/pf\/resources\/img\/logo-40-v-c.svg?d=913\" alt=\"LOS40\" class=\"i-pro\" width=\"68\" height=\"68\" loading=\"lazy\"\/><b>La muerte de Iv\u00e1n <\/b><\/p>\n<p>Tres d\u00edas despu\u00e9s se encontraba el cuerpo de \u00e9l en las escaleras de su vivienda en lo que se est\u00e1 considerando como un <b>posible suicidio por ahorcamiento<\/b>.<\/p>\n<p>Un d\u00eda antes, hab\u00eda publicado un v\u00eddeo en el que se le pod\u00eda ver llorando junto al cad\u00e1ver de su pareja. \u00ab<b>Te amo mucho, Gina, nunca podr\u00e9 superarlo sin ti a mi lado<\/b>\u00ab, escrib\u00eda junto a v\u00eddeos y fotograf\u00edas junto a Gina. Su padre hab\u00eda denunciado que el joven no hab\u00eda dejado de recibir acoso en redes desde que se conoci\u00f3 el fallecimiento de su chica.<\/p>\n<p>Todav\u00eda se est\u00e1 investigando la muerte de la actriz y se est\u00e1 a la espera de informes toxicol\u00f3gicos que puedan aclarar algo de las causas. Lo que s\u00ed se sabe es que <b>ten\u00eda lesiones externas no mortales en su cuerpo<\/b>, l\u00edquido en los pulmones y congesti\u00f3n cardiaca. Y fueron incautaron varios medicamentos y otras sustancias como marihuana en el lugar donde fue encontrada.<\/p>\n<p>Con estos datos se han elaborado varias hip\u00f3tesis, ninguna confirmada. <b>Hay quienes opinan que su muerte fue causada por una agresi\u00f3n f\u00edsica, mientras que otros apuestan por una posible sobredosis<\/b>. Sea cual sea la raz\u00f3n, que est\u00e1n investigando, lo que s\u00ed han descartado es que Iv\u00e1n hubiera sido considerado sospechoso en alg\u00fan momento.<\/p>\n<p>Dos familias desoladas por lo ocurrido en tal poco plazo de tiempo y una investigaci\u00f3n abierta para esclarecer lo sucedido. Solo podemos desearles que descansen en paz.<\/p>\n","protected":false},"excerpt":{"rendered":"Impacto en el mundo de las redes sociales por el doble fallecimiento de la actriz para cine de&hellip;\n","protected":false},"author":2,"featured_media":252721,"comment_status":"","ping_status":"","sticky":false,"template":"","format":"standard","meta":{"footnotes":""},"categories":[91],"tags":[146,147,25,24,23],"class_list":{"0":"post-252720","1":"post","2":"type-post","3":"status-publish","4":"format-standard","5":"has-post-thumbnail","7":"category-entretenimiento","8":"tag-entertainment","9":"tag-entretenimiento","10":"tag-es","11":"tag-espana","12":"tag-spain"},"share_on_mastodon":{"url":"https:\/\/pubeurope.com\/@es\/115603341917060145","error":""},"_links":{"self":[{"href":"https:\/\/www.europesays.com\/es\/wp-json\/wp\/v2\/posts\/252720","targetHints":{"allow":["GET"]}}],"collection":[{"href":"https:\/\/www.europesays.com\/es\/wp-json\/wp\/v2\/posts"}],"about":[{"href":"https:\/\/www.europesays.com\/es\/wp-json\/wp\/v2\/types\/post"}],"author":[{"embeddable":true,"href":"https:\/\/www.europesays.com\/es\/wp-json\/wp\/v2\/users\/2"}],"replies":[{"embeddable":true,"href":"https:\/\/www.europesays.com\/es\/wp-json\/wp\/v2\/comments?post=252720"}],"version-history":[{"count":0,"href":"https:\/\/www.europesays.com\/es\/wp-json\/wp\/v2\/posts\/252720\/revisions"}],"wp:featuredmedia":[{"embeddable":true,"href":"https:\/\/www.europesays.com\/es\/wp-json\/wp\/v2\/media\/252721"}],"wp:attachment":[{"href":"https:\/\/www.europesays.com\/es\/wp-json\/wp\/v2\/media?parent=252720"}],"wp:term":[{"taxonomy":"category","embeddable":true,"href":"https:\/\/www.europesays.com\/es\/wp-json\/wp\/v2\/categories?post=252720"},{"taxonomy":"post_tag","embeddable":true,"href":"https:\/\/www.europesays.com\/es\/wp-json\/wp\/v2\/tags?post=252720"}],"curies":[{"name":"wp","href":"https:\/\/api.w.org\/{rel}","templated":true}]}}