{"id":252722,"date":"2025-11-24T06:49:08","date_gmt":"2025-11-24T06:49:08","guid":{"rendered":"https:\/\/www.europesays.com\/es\/252722\/"},"modified":"2025-11-24T06:49:08","modified_gmt":"2025-11-24T06:49:08","slug":"la-nasa-reconstruye-el-viaje-de-3i-atlas-a-traves-de-las-imagenes-mas-espectaculares-del-cometa","status":"publish","type":"post","link":"https:\/\/www.europesays.com\/es\/252722\/","title":{"rendered":"La NASA reconstruye el viaje de 3I\/ATLAS a trav\u00e9s de las im\u00e1genes m\u00e1s espectaculares del cometa"},"content":{"rendered":"<p class=\"c-detail__gallery__item__author \" id=\"m64486-64485-64487\">La <b>misi\u00f3n Psyche de la NASA<\/b> obtuvo cuatro observaciones del cometa interestelar 3I\/ATLAS durante un lapso de ocho horas, <b>entre el 8 y el 9 de septiembre de 2025<\/b>, cuando el cometa se encontraba a unos<b> 53 millones de kil\u00f3metros<\/b> (33 millones de millas) de la nave espacial. Los datos, captados por el generador de im\u00e1genes multiespectral de Psyche, est\u00e1n ayudando a los astr\u00f3nomos a refinar la trayectoria de 3I\/ATLAS y a conocer mejor la tenue coma, o nube de gas, que rodea su n\u00facleo (mostrada en la imagen ampliada del recuadro).<\/p>\n","protected":false},"excerpt":{"rendered":"La misi\u00f3n Psyche de la NASA obtuvo cuatro observaciones del cometa interestelar 3I\/ATLAS durante un lapso de ocho&hellip;\n","protected":false},"author":2,"featured_media":252723,"comment_status":"","ping_status":"","sticky":false,"template":"","format":"standard","meta":{"footnotes":""},"categories":[81],"tags":[119,123,124,25,24,117,121,122,23,118,120],"class_list":{"0":"post-252722","1":"post","2":"type-post","3":"status-publish","4":"format-standard","5":"has-post-thumbnail","7":"category-ciencia-y-tecnologia","8":"tag-ciencia","9":"tag-ciencia-y-tecnologia","10":"tag-cienciaytecnologia","11":"tag-es","12":"tag-espana","13":"tag-science","14":"tag-science-and-technology","15":"tag-scienceandtechnology","16":"tag-spain","17":"tag-technology","18":"tag-tecnologia"},"share_on_mastodon":{"url":"https:\/\/pubeurope.com\/@es\/115603345534440938","error":""},"_links":{"self":[{"href":"https:\/\/www.europesays.com\/es\/wp-json\/wp\/v2\/posts\/252722","targetHints":{"allow":["GET"]}}],"collection":[{"href":"https:\/\/www.europesays.com\/es\/wp-json\/wp\/v2\/posts"}],"about":[{"href":"https:\/\/www.europesays.com\/es\/wp-json\/wp\/v2\/types\/post"}],"author":[{"embeddable":true,"href":"https:\/\/www.europesays.com\/es\/wp-json\/wp\/v2\/users\/2"}],"replies":[{"embeddable":true,"href":"https:\/\/www.europesays.com\/es\/wp-json\/wp\/v2\/comments?post=252722"}],"version-history":[{"count":0,"href":"https:\/\/www.europesays.com\/es\/wp-json\/wp\/v2\/posts\/252722\/revisions"}],"wp:featuredmedia":[{"embeddable":true,"href":"https:\/\/www.europesays.com\/es\/wp-json\/wp\/v2\/media\/252723"}],"wp:attachment":[{"href":"https:\/\/www.europesays.com\/es\/wp-json\/wp\/v2\/media?parent=252722"}],"wp:term":[{"taxonomy":"category","embeddable":true,"href":"https:\/\/www.europesays.com\/es\/wp-json\/wp\/v2\/categories?post=252722"},{"taxonomy":"post_tag","embeddable":true,"href":"https:\/\/www.europesays.com\/es\/wp-json\/wp\/v2\/tags?post=252722"}],"curies":[{"name":"wp","href":"https:\/\/api.w.org\/{rel}","templated":true}]}}