{"id":252724,"date":"2025-11-24T06:50:08","date_gmt":"2025-11-24T06:50:08","guid":{"rendered":"https:\/\/www.europesays.com\/es\/252724\/"},"modified":"2025-11-24T06:50:08","modified_gmt":"2025-11-24T06:50:08","slug":"el-ere-de-telefonica-afectara-a-7-000-trabajadores-de-las-siete-sociedades-implicadas","status":"publish","type":"post","link":"https:\/\/www.europesays.com\/es\/252724\/","title":{"rendered":"El ERE de Telef\u00f3nica afectar\u00e1 a 7.000 trabajadores de las siete sociedades implicadas"},"content":{"rendered":"<p>\u00a0<\/p>\n<p>Telef\u00f3nica dar\u00e1 a conocer la magnitud del expediente de regulaci\u00f3n de empleo (ERE) que propondr\u00e1 para <strong>Telef\u00f3nica de Espa\u00f1a, Telef\u00f3nica M\u00f3viles, Telef\u00f3nica Soluciones, Telef\u00f3nica S.A., Telef\u00f3nica Global Solutions, Telef\u00f3nica Innovaci\u00f3n Digital y Movistar+<\/strong> entre el lunes y el martes de la semana entrante.<\/p>\n<p>\u00a0<\/p>\n<p>Este pr\u00f3ximo lunes, 24 de noviembre, <strong>se concretar\u00e1 la propuesta de la compa\u00f1\u00eda para el ERE en las tres sociedades del convenio de empresas vinculadas<\/strong> (Telef\u00f3nica de Espa\u00f1a, M\u00f3viles y Soluciones), mientras que en la jornada siguiente, la del martes 25 de noviembre, se dar\u00e1n a conocer las intenciones de la teleco para las otras cuatro sociedades.<\/p>\n<p>\u00a0<\/p>\n<p>Las cifras con las que se especulan en estos momentos apuntan a que la propuesta inicial de la empresa, la cual suele ir reduci\u00e9ndose a medida que avanzan las negociaciones,<strong> se sit\u00faa entre 6.000 y 7.000 trabajadores para el conjunto de las siete sociedades afectadas.<\/strong><\/p>\n<p>\u00a0<\/p>\n<p><strong>El \u00faltimo ERE que realiz\u00f3 Telef\u00f3nica se sald\u00f3 con la salida de 3.420 trabajadores de la empresa <\/strong>(un 33% menos que las 5.124 bajas planteadas al comienzo de las negociaciones) y el acuerdo con los sindicatos se cerr\u00f3 en enero de 2024.<\/p>\n<p>\u00a0<\/p>\n<p>El coste del despido colectivo de 2024 se situ\u00f3 en alrededor de 1.300 millones de euros (antes de impuestos) para la compa\u00f1\u00eda, que abon\u00f3 una media de unos 380.000 euros por trabajador, una cifra esta \u00faltima inferior a la de los planes de salida acometidos por la compa\u00f1\u00eda en los \u00faltimos a\u00f1os. No obstante, el ahorro promedio para la empresa a ra\u00edz del ERE se sit\u00faa en unos 285 millones de euros anuales.<\/p>\n<p>\u00a0<\/p>\n<p>De hecho, el nuevo ERE en Telef\u00f3nica se enmarca en el plan estrat\u00e9gico que la compa\u00f1\u00eda present\u00f3 a comienzos de este mes y que contempla unos ahorros de costes de alrededor de 3.000 millones de euros para 2030 (2.300 millones de euros para 2028), unas cifras en las que se incluyen partidas ligadas a personal.<\/p>\n<p>\u00a0<\/p>\n<p><strong>La comunicaci\u00f3n del ERE a los sindicatos este lunes encaja en tiempos para que el acuerdo sobre el mismo se produzca antes de que acabe el ejercicio fiscal actual <\/strong>o muy a comienzos de 2026 para que su impacto no afecte ya a las cuentas del pr\u00f3ximo ejercicio.<\/p>\n","protected":false},"excerpt":{"rendered":"\u00a0 Telef\u00f3nica dar\u00e1 a conocer la magnitud del expediente de regulaci\u00f3n de empleo (ERE) que propondr\u00e1 para Telef\u00f3nica&hellip;\n","protected":false},"author":2,"featured_media":252725,"comment_status":"","ping_status":"","sticky":false,"template":"","format":"standard","meta":{"footnotes":""},"categories":[80],"tags":[63880,82,95,94,2308,17205,25,24,17283,303,63881,23,1826],"class_list":{"0":"post-252724","1":"post","2":"type-post","3":"status-publish","4":"format-standard","5":"has-post-thumbnail","7":"category-economia","8":"tag-afectara-7-000-empleados","9":"tag-business","10":"tag-economia","11":"tag-economy","12":"tag-empresas","13":"tag-ere","14":"tag-es","15":"tag-espana","16":"tag-expediente-de-regulacion-de-empleo","17":"tag-movistar","18":"tag-siete-sociedades","19":"tag-spain","20":"tag-telefonica"},"share_on_mastodon":{"url":"https:\/\/pubeurope.com\/@es\/115603349548458733","error":""},"_links":{"self":[{"href":"https:\/\/www.europesays.com\/es\/wp-json\/wp\/v2\/posts\/252724","targetHints":{"allow":["GET"]}}],"collection":[{"href":"https:\/\/www.europesays.com\/es\/wp-json\/wp\/v2\/posts"}],"about":[{"href":"https:\/\/www.europesays.com\/es\/wp-json\/wp\/v2\/types\/post"}],"author":[{"embeddable":true,"href":"https:\/\/www.europesays.com\/es\/wp-json\/wp\/v2\/users\/2"}],"replies":[{"embeddable":true,"href":"https:\/\/www.europesays.com\/es\/wp-json\/wp\/v2\/comments?post=252724"}],"version-history":[{"count":0,"href":"https:\/\/www.europesays.com\/es\/wp-json\/wp\/v2\/posts\/252724\/revisions"}],"wp:featuredmedia":[{"embeddable":true,"href":"https:\/\/www.europesays.com\/es\/wp-json\/wp\/v2\/media\/252725"}],"wp:attachment":[{"href":"https:\/\/www.europesays.com\/es\/wp-json\/wp\/v2\/media?parent=252724"}],"wp:term":[{"taxonomy":"category","embeddable":true,"href":"https:\/\/www.europesays.com\/es\/wp-json\/wp\/v2\/categories?post=252724"},{"taxonomy":"post_tag","embeddable":true,"href":"https:\/\/www.europesays.com\/es\/wp-json\/wp\/v2\/tags?post=252724"}],"curies":[{"name":"wp","href":"https:\/\/api.w.org\/{rel}","templated":true}]}}